{"id":84215,"date":"2016-09-04T17:16:39","date_gmt":"2016-09-04T15:16:39","guid":{"rendered":"http:\/\/gazdasagportal.hu\/?p=84215"},"modified":"2016-09-04T16:10:56","modified_gmt":"2016-09-04T14:10:56","slug":"heti-makronaptar-allamhaztartasi-statisztikai-adatok-varhatoak-a-jovo-heten","status":"publish","type":"post","link":"https:\/\/gazdasagportal.hu\/index.php\/heti-makronaptar-allamhaztartasi-statisztikai-adatok-varhatoak-a-jovo-heten\/","title":{"rendered":"Heti makronapt\u00e1r &#8211; \u00c1llamh\u00e1ztart\u00e1si, statisztikai adatok v\u00e1rhat\u00f3ak a j\u00f6v\u0151 h\u00e9ten"},"content":{"rendered":"<p><strong>A statisztikai hivatal infl\u00e1ci\u00f3s, ipari, kiskereskedelmi,  k\u00fclkereskedelmi \u00e9s idegenforgalmi adatokat k\u00f6z\u00f6l a j\u00f6v\u0151 h\u00e9ten, amelyek befoly\u00e1solhatj\u00e1k a p\u00e9nzpiacokat, a gazdas\u00e1gi t\u00e1rca pedig az \u00e1llamh\u00e1ztart\u00e1s k\u00f6zponti alrendszer\u00e9nek augusztus v\u00e9gi helyzet\u00e9r\u0151l ad ki gyorst\u00e1j\u00e9koztat\u00e1st<\/strong><!--more--><\/p>\n<div class=\"ads-in-post1\"><div id=\"gazdasagportal.hu_fullbanner_wideboard\"><\/div>\r\n<\/div>\n<p>    H\u00e9tf\u0151n publik\u00e1lja a K\u00f6zponti Statisztikai Hivatal (KSH) els\u0151 becsl\u00e9s\u00e9t a j\u00faliusi kiskereskedelmi forgalomr\u00f3l. J\u00faniusban a kiskereskedelmi forgalom volumene a nyers \u00e9s a napt\u00e1rhat\u00e1st\u00f3l megtiszt\u00edtott adatok szerint egyar\u00e1nt 5,7 sz\u00e1zal\u00e9kkal n\u0151tt az el\u0151z\u0151 \u00e9v azonos id\u0151szak\u00e1hoz k\u00e9pest. Elemz\u0151k szerint a re\u00e1lb\u00e9rek n\u00f6veked\u00e9se, a foglakoztat\u00e1s emelked\u00e9se \u00e9s a fogyaszt\u00e1s er\u0151s\u00f6d\u00e9se az \u00e9v tov\u00e1bbi r\u00e9sz\u00e9ben is tart\u00f3ss\u00e1 teszik a kiskereskedelem b\u0151v\u00fcl\u00e9s\u00e9t.<br \/>\n    Kedden k\u00f6zli a KSH a v\u00e9gleges \u00e9s r\u00e9szletes bont\u00e1st tartalmaz\u00f3 m\u00e1sodik negyed\u00e9ves brutt\u00f3 hazai \u00f6sszterm\u00e9k (GDP) statisztik\u00e1it. Az els\u0151 becsl\u00e9s szerint a GDP 2,6 sz\u00e1zal\u00e9kkal n\u0151tt a negyed\u00e9vben az el\u0151z\u0151 \u00e9v azonos id\u0151szak\u00e1hoz viszony\u00edtva az els\u0151 negyed\u00e9vi 0,9 sz\u00e1zal\u00e9kos emelked\u00e9s ut\u00e1n, jelent\u0151sen fel\u00fclm\u00falva az elemz\u0151i v\u00e1rakoz\u00e1sokat.<br \/>\n    Ugyancsak kedden publik\u00e1lja a KSH a ipari termel\u00e9s el\u0151zetes j\u00faliusi adatait. J\u00faniusban az ipari termel\u00e9s volumene 0,3 sz\u00e1zal\u00e9kkal elmaradt az egy \u00e9vvel kor\u00e1bbit\u00f3l. A termel\u00e9s az \u00e9v els\u0151 hat h\u00f3napj\u00e1ban 2,3 sz\u00e1zal\u00e9kkal emelkedett az el\u0151z\u0151 \u00e9v azonos id\u0151szak\u00e1hoz k\u00e9pest.<br \/>\n    A Nemzetgazdas\u00e1gi Miniszt\u00e9rium (NGM) szerd\u00e1n k\u00f6zli az \u00e1llamh\u00e1ztart\u00e1s k\u00f6zponti alrendszer\u00e9nek augusztus v\u00e9gi helyzet\u00e9r\u0151l sz\u00f3l\u00f3 gyorsjelent\u00e9st. Az els\u0151 h\u00e9t havi hi\u00e1ny 464,8 milli\u00e1rd forint volt, amely az ut\u00f3bbi mintegy m\u00e1sf\u00e9l \u00e9vtized legalacsonyabb deficitje. Tavaly az els\u0151 h\u00e9t h\u00f3napban a deficit 894,1 milli\u00e1rd forint volt. A kedvez\u0151bb helyzet okai: a k\u00f6lts\u00e9gvet\u00e9s elt\u00e9r\u0151 kiad\u00e1si szerkezete, valamint a kedvez\u0151 re\u00e1lgazdas\u00e1gi folyamatok \u00e9s a gazdas\u00e1gfeh\u00e9r\u00edt\u00e9s k\u00f6vetkezt\u00e9ben n\u00f6vekv\u0151 ad\u00f3bev\u00e9tel.<br \/>\n    Szint\u00e9n szerd\u00e1n jelenik meg a Magyar Nemzeti Bank Monet\u00e1ris Tan\u00e1cs augusztusi \u00fcl\u00e9s r\u00f6vid\u00edtett jegyz\u0151k\u00f6nyve. A test\u00fclet az elemz\u0151i v\u00e1rakoz\u00e1soknak megfelel\u0151en nem v\u00e1ltoztatott a jegybanki alapkamaton a monet\u00e1ris tan\u00e1cs augusztusban, \u00edgy a r\u00e1ta v\u00e1ltozatlanul 0,90 sz\u00e1zal\u00e9k.<br \/>\n    Cs\u00fct\u00f6rt\u00f6k\u00f6n k\u00f6zli a KSH a k\u00fclkereskedelmi forgalom j\u00faliusi alakul\u00e1s\u00e1nak els\u0151 becsl\u00e9s\u00e9t. J\u00faniusban az export eur\u00f3ban 4,9, az import 1,8 sz\u00e1zal\u00e9kkal n\u0151tt az egy \u00e9vvel kor\u00e1bbihoz viszony\u00edtva, a kereskedelmi m\u00e9rlegt\u00f6bblet 265 milli\u00f3val, 1,112 milli\u00e1rd eur\u00f3ra emelkedett. A kivitel 0,1, a behozatal 0,5 sz\u00e1zal\u00e9kponttal nagyobb n\u00f6veked\u00e9st mutatott, mint az augusztus 5-\u00e9n kiadott els\u0151 becsl\u00e9sben, \u00e9s emiatt 17 milli\u00f3val kevesebb lett az akt\u00edvum is. A f\u00e9l \u00e9vben az export 3,1, az import 1,3 sz\u00e1zal\u00e9kkal emelkedett, a k\u00fclkereskedelmi m\u00e9rleg t\u00f6bblete 868 milli\u00f3 eur\u00f3val n\u0151tt, 5,376 milli\u00e1rd eur\u00f3t tett ki.<br \/>\n    A fogyaszt\u00f3i \u00e1rak augusztusi alakul\u00e1s\u00e1r\u00f3l sz\u00f3l\u00f3 statisztika is cs\u00fct\u00f6rt\u00f6k\u00f6n jelenik meg. J\u00faliusban a fogyaszt\u00f3i \u00e1rak 0,3 sz\u00e1zal\u00e9kkal voltak alacsonyabbak, mint egy \u00e9vvel ezel\u0151tt. A \u00fczemanyagok \u00e1ra 13,0 sz\u00e1zal\u00e9kkal esett, ezt r\u00e9szben ellens\u00falyozta csak az \u00e9lelmiszerek 0,2 sz\u00e1zal\u00e9kos, illetve a szolg\u00e1ltat\u00e1sok 1,3 sz\u00e1zal\u00e9kos dr\u00e1gul\u00e1sa. \u00c9ves \u00f6sszehasonl\u00edt\u00e1sban harmadik h\u00f3napja cs\u00f6kken az \u00e1tlagos \u00e1rszint, amely az el\u0151z\u0151 h\u00f3naphoz m\u00e9rve n\u00e9gy h\u00f3napja el\u0151sz\u00f6r cs\u00f6kkent.<br \/>\n    A szezon\u00e1lisan kiigaz\u00edtott \u00e9ves maginfl\u00e1ci\u00f3 \u00e1prilis \u00f3ta el\u0151sz\u00f6r emelkedett, 0,1 sz\u00e1zal\u00e9kponttal 1,3 sz\u00e1zal\u00e9kra.<br \/>\n    P\u00e9nteken a kereskedelmi sz\u00e1ll\u00e1shelyek j\u00faliusi forgalm\u00e1r\u00f3l k\u00f6z\u00f6l adatokat a statisztikai hivatal. J\u00faniusban a k\u00fclf\u00f6ldi vend\u00e9gek \u00e1ltal elt\u00f6lt\u00f6tt \u00e9jszak\u00e1k sz\u00e1ma 1,4 sz\u00e1zal\u00e9kkal cs\u00f6kkent, m\u00edg a belf\u00f6ldi vend\u00e9gek\u00e9 4,3 sz\u00e1zal\u00e9kkal emelkedett az egy \u00e9vvel kor\u00e1bbihoz k\u00e9pest, \u00edgy a teljes forgalom 1,5 sz\u00e1zal\u00e9kkal haladta meg a tavaly j\u00faniusit, a m\u00e1jusi 1,0 sz\u00e1zal\u00e9kos n\u00f6veked\u00e9s ut\u00e1n. A kereskedelmi sz\u00e1ll\u00e1shelyek brutt\u00f3 \u00e1rbev\u00e9tele 2,9 sz\u00e1zal\u00e9kkal n\u0151tt, \u00e9s el\u00e9rte a 35,9 milli\u00e1rd forintot. A sz\u00e1llod\u00e1k szobakihaszn\u00e1lts\u00e1ga 1,0 sz\u00e1zal\u00e9kponttal, 58,5 sz\u00e1zal\u00e9kra n\u0151tt a tavaly j\u00faniusihoz k\u00e9pest.(mti)<\/p>\n","protected":false},"excerpt":{"rendered":"<p>A statisztikai hivatal infl\u00e1ci\u00f3s, ipari, kiskereskedelmi, k\u00fclkereskedelmi \u00e9s idegenforgalmi adatokat k\u00f6z\u00f6l a j\u00f6v\u0151 h\u00e9ten, amelyek befoly\u00e1solhatj\u00e1k a p\u00e9nzpiacokat, a gazdas\u00e1gi t\u00e1rca pedig az \u00e1llamh\u00e1ztart\u00e1s k\u00f6zponti alrendszer\u00e9nek augusztus v\u00e9gi helyzet\u00e9r\u0151l ad ki gyorst\u00e1j\u00e9koztat\u00e1st<\/p>\n","protected":false},"author":1,"featured_media":0,"comment_status":"open","ping_status":"closed","sticky":false,"template":"","format":"standard","meta":[],"categories":[19],"tags":[],"_links":{"self":[{"href":"https:\/\/gazdasagportal.hu\/index.php\/wp-json\/wp\/v2\/posts\/84215"}],"collection":[{"href":"https:\/\/gazdasagportal.hu\/index.php\/wp-json\/wp\/v2\/posts"}],"about":[{"href":"https:\/\/gazdasagportal.hu\/index.php\/wp-json\/wp\/v2\/types\/post"}],"author":[{"embeddable":true,"href":"https:\/\/gazdasagportal.hu\/index.php\/wp-json\/wp\/v2\/users\/1"}],"replies":[{"embeddable":true,"href":"https:\/\/gazdasagportal.hu\/index.php\/wp-json\/wp\/v2\/comments?post=84215"}],"version-history":[{"count":1,"href":"https:\/\/gazdasagportal.hu\/index.php\/wp-json\/wp\/v2\/posts\/84215\/revisions"}],"predecessor-version":[{"id":84216,"href":"https:\/\/gazdasagportal.hu\/index.php\/wp-json\/wp\/v2\/posts\/84215\/revisions\/84216"}],"wp:attachment":[{"href":"https:\/\/gazdasagportal.hu\/index.php\/wp-json\/wp\/v2\/media?parent=84215"}],"wp:term":[{"taxonomy":"category","embeddable":true,"href":"https:\/\/gazdasagportal.hu\/index.php\/wp-json\/wp\/v2\/categories?post=84215"},{"taxonomy":"post_tag","embeddable":true,"href":"https:\/\/gazdasagportal.hu\/index.php\/wp-json\/wp\/v2\/tags?post=84215"}],"curies":[{"name":"wp","href":"https:\/\/api.w.org\/{rel}","templated":true}]}}