{"id":84139,"date":"2016-09-01T11:34:27","date_gmt":"2016-09-01T09:34:27","guid":{"rendered":"http:\/\/gazdasagportal.hu\/?p=84139"},"modified":"2016-09-01T11:34:27","modified_gmt":"2016-09-01T09:34:27","slug":"a-munkaerohiany-sokat-lenditett-a-munkaero-kolcsonzesi-piacon-is","status":"publish","type":"post","link":"https:\/\/gazdasagportal.hu\/index.php\/a-munkaerohiany-sokat-lenditett-a-munkaero-kolcsonzesi-piacon-is\/","title":{"rendered":"A munkaer\u0151hi\u00e1ny sokat lend\u00edtett a munkaer\u0151-k\u00f6lcs\u00f6nz\u00e9si piacon is"},"content":{"rendered":"<p><strong>Tavaly k\u00f6zel 125 ezer munkav\u00e1llal\u00f3nak volt munkajogi kapcsolata munkaer\u0151-k\u00f6lcs\u00f6nz\u0151kkel, ez a sz\u00e1m 19,8 sz\u00e1zal\u00e9kkal haladta meg az egy \u00e9vvel kor\u00e1bbi szintet. A Trenkwalder tapasztalatai szerint imm\u00e1r nem csup\u00e1n a szezon\u00e1lis munk\u00e1k sor\u00e1n fell\u00e9p\u0151 munkaer\u0151ig\u00e9ny kiel\u00e9g\u00edt\u00e9s\u00e9re, hanem a munkaer\u0151hi\u00e1ny miatt kies\u0151 munkaer\u0151 p\u00f3tl\u00e1s\u00e1ra is egyre gyakrabban a k\u00f6lcs\u00f6nz\u00e9shez folyamodnak a c\u00e9gek. <\/strong><!--more--><\/p>\n<div class=\"ads-in-post1\"><div id=\"gazdasagportal.hu_fullbanner_wideboard\"><\/div>\r\n<\/div>\n<p>&nbsp;<\/p>\n<p>A Nemzetgazdas\u00e1gi Miniszt\u00e9rium statisztik\u00e1i azt mutatj\u00e1k, hogy a munkaer\u0151-k\u00f6lcs\u00f6nz\u00e9s tov\u00e1bbra is jellemz\u0151en a fizikai munkak\u00f6r\u00f6kben fordul el\u0151: a k\u00f6lcs\u00f6nz\u00f6ttek 88,4 sz\u00e1zal\u00e9ka v\u00e9gez fizikai, els\u0151sorban betan\u00edtott vagy szakmunk\u00e1t. T\u00f6bbs\u00e9g\u00e9ben a feldolgoz\u00f3iparban (jellemz\u0151en g\u00e9p, g\u00e9pi berendez\u00e9sek gy\u00e1rt\u00e1sa, f\u00e9malapanyag \u00e9s f\u00e9mfeldolgoz\u00e1si term\u00e9k gy\u00e1rt\u00e1sa, sz\u00e1m\u00edt\u00f3g\u00e9p, elektronikai, optikai term\u00e9kek gy\u00e1rt\u00e1sa illetve \u00e9lelmiszer, ital, doh\u00e1nyterm\u00e9k gy\u00e1rt\u00e1sa) kaptak munk\u00e1t. A szellemi munk\u00e1t v\u00e9gz\u0151k jobb\u00e1ra adminisztrat\u00edv szolg\u00e1ltat\u00e1sokat v\u00e9geznek: \u00fcgyint\u00e9z\u0151k, \u00fcgyviteli alkalmazottak.<\/p><div id=\"gazda-4249627698\" class=\"gazda-tartalomban gazda-entity-placement\"><script async src=\"https:\/\/pagead2.googlesyndication.com\/pagead\/js\/adsbygoogle.js\"><\/script>\r\n<ins class=\"adsbygoogle\"\r\n     style=\"display:block\"\r\n     data-ad-format=\"fluid\"\r\n     data-ad-layout-key=\"-6t+ed+2i-1n-4w\"\r\n     data-ad-client=\"ca-pub-1959107119989764\"\r\n     data-ad-slot=\"4008251320\"><\/ins>\r\n<script>\r\n     (adsbygoogle = window.adsbygoogle || []).push({});\r\n<\/script><\/div>\n<p>&nbsp;<\/p>\n<p>&nbsp;<\/p>\n<p>A k\u00f6lcs\u00f6nz\u00f6tt munkav\u00e1llal\u00f3k nem kevesebb, mint 91 sz\u00e1zal\u00e9ka teljes munkaid\u0151ben dolgozott tavaly, ami azt jelenti, hogy 2014-hez k\u00e9pest 11 sz\u00e1zal\u00e9kkal cs\u00f6kkent a r\u00e9szmunkaid\u0151ben, m\u00edg 25 sz\u00e1zal\u00e9kkal n\u0151tt a teljes munkaid\u0151ben dolgoz\u00f3k l\u00e9tsz\u00e1ma. Az \u00f6sszes foglalkoztatott 81 sz\u00e1zal\u00e9k\u00e1t hat\u00e1rozatlan idej\u0171 munkaszerz\u0151d\u00e9ssel alkalmazt\u00e1k a munkaer\u0151-k\u00f6lcs\u00f6nz\u0151 c\u00e9gek, ami azt mutatja, hogy egyre t\u00f6bb k\u00f6lcs\u00f6nz\u00f6tt munkav\u00e1llal\u00f3 folyamatosan \u00e1ll\u00e1sban marad.<\/p>\n<p>&nbsp;<\/p>\n<p>\u201eA feldolgoz\u00f3iparban jelentkez\u0151 egyre er\u0151s\u00f6d\u0151 munkaer\u0151hi\u00e1ny a munkaer\u0151-k\u00f6lcs\u00f6nz\u00e9s piac\u00e1n is \u00e9rezteti a hat\u00e1s\u00e1t: orsz\u00e1gos szinten imm\u00e1r sz\u00e1zezres nagys\u00e1grend\u0171 a bet\u00f6ltetlen \u00e1ll\u00e1shelyek sz\u00e1ma. \u2013 mutatott r\u00e1 Feh\u00e9r Tam\u00e1s, a Trenkwalder \u00fcgyvezet\u0151 igazgat\u00f3ja. \u2013 Egyre sz\u00e9lesebb ter\u00fcleten zajlik a k\u00f6lcs\u00f6nz\u00f6tt munkaer\u0151 foglalkoztat\u00e1sa, mivel sz\u00e1mos c\u00e9g a bet\u00f6ltetlen \u00e1ll\u00e1shelyeinek egy r\u00e9sz\u00e9re is k\u00f6lcs\u00f6nz\u00f6tt munkat\u00e1rsakat \u00e1ll\u00edt be. A k\u00f6lcs\u00f6nz\u00f6tt munkaer\u0151nek egy\u00e9bk\u00e9nt tavaly 19 sz\u00e1zal\u00e9k\u00e1t \u00e1t is vett\u00e9k saj\u00e1t \u00e1llom\u00e1nyba, lehet\u0151v\u00e9 t\u00e9ve sz\u00e1mukra a c\u00e9gen bel\u00fcli karrier \u00e9p\u00edt\u00e9s\u00e9t.\u201d<\/p>\n<p>&nbsp;<\/p>\n<p>A munkaer\u0151-k\u00f6lcs\u00f6nz\u00e9s jelenleg mintegy 5 ezer munk\u00e1ltat\u00f3nak k\u00edn\u00e1l rugalmas, az \u00fczleti helyzetekre gyorsan reag\u00e1l\u00f3 megold\u00e1st. M\u00edg 2009-ben a gazdas\u00e1gi v\u00e1ls\u00e1g hat\u00e1s\u00e1ra a k\u00f6lcs\u00f6nz\u00f6tt munkav\u00e1llal\u00f3k sz\u00e1ma alig haladta meg a 79 ezret, a 2010-es \u00e9vekben a k\u00f6lcs\u00f6nz\u00f6tt munkav\u00e1llal\u00f3k sz\u00e1ma m\u00e1r folyamatosan 100 ezer felett alakult. Magyarorsz\u00e1gon k\u00f6zel 1100 munkaer\u0151-k\u00f6lcs\u00f6nz\u00e9ssel foglalkoz\u00f3 c\u00e9get tartanak nyilv\u00e1n, \u00e1m a piac er\u0151sen koncentr\u00e1lt: a teljes piac tavalyi nett\u00f3 \u00e1rbev\u00e9tel\u00e9nek (202 milli\u00e1rd forint) 28 sz\u00e1zal\u00e9k\u00e1n a lista \u00e9l\u00e9n \u00e1ll\u00f3 h\u00e1rom szerepl\u0151 (Prohum\u00e1n, Trenkwalder, Addeco) osztozott.<\/p>\n<p>&nbsp;<\/p>\n<p><strong>Konkurenci\u00e1t kap a munkaer\u0151-k\u00f6lcs\u00f6nz\u00e9s?<\/strong><\/p>\n<p>A k\u00f6lcs\u00f6nvev\u0151 c\u00e9gek r\u00e9sz\u00e9r\u0151l ugyanakkor egyre nagyobb ig\u00e9ny tapasztalhat\u00f3 egy olyan jelleg\u0171 szolg\u00e1ltat\u00e1s ir\u00e1nt, amely kik\u00fcsz\u00f6b\u00f6li a k\u00f6lcs\u00f6nvev\u0151 terheit (munkaszervez\u00e9s, baleseti felel\u0151ss\u00e9g, motiv\u00e1ci\u00f3 megteremt\u00e9se, stb.), mik\u00f6zben a k\u00f6lcs\u00f6nz\u00e9s el\u0151nyei tov\u00e1bbra is megmaradnak. Ez\u00e9rt a hazai munkaer\u0151piacon egyre sz\u00e9lesebb k\u00f6rben szerveznek ki eg\u00e9sz\u00e9ben olyan id\u0151szakosan felmer\u00fcl\u0151 ipari folyamatokat (comissio, rakt\u00e1ri anyagmozgat\u00e1s, min\u0151s\u00e9g-ellen\u0151rz\u00e9s, csomagol\u00e1s, \u00f6sszeszerel\u00e9s, stb.), amelyeket kor\u00e1bban f\u0151k\u00e9nt k\u00f6lcs\u00f6nz\u00f6tt munkaer\u0151vel v\u00e9geztettek el. \u201eEbben a konstrukci\u00f3ban a megrendel\u0151 a holtid\u0151 ut\u00e1n nem fizet, ugyanakkor k\u00f6tb\u00e9rez\u00e9si lehet\u0151s\u00e9ge is van, mik\u00f6zben a tapasztalatok szerint a fluktu\u00e1ci\u00f3 is j\u00f3val a k\u00f6lcs\u00f6nz\u00e9si konstrukci\u00f3ban tapasztalt m\u00e9rt\u00e9k alatt marad\u201d \u2013 teszi hozz\u00e1 a Trenkwalder \u00fcgyvezet\u0151je.<\/p>\n<p>&nbsp;<\/p>\n<p><strong>Trenkwalder Szem\u00e9lyzeti Szolg\u00e1ltat\u00f3 Kft.<\/strong><\/p>\n<p>A Magyarorsz\u00e1gon imm\u00e1r t\u00f6bb mint k\u00e9t \u00e9vtizede jelenl\u00e9v\u0151 Trenkwalder Szem\u00e9lyzeti Szolg\u00e1ltat\u00f3 Kft. a munkaer\u0151-k\u00f6lcs\u00f6nz\u00e9s ter\u00fclet\u00e9n az egyik piacvezet\u0151 t\u00e1rsas\u00e1g: 10 sz\u00e1zal\u00e9k feletti piaci r\u00e9szesed\u00e9ssel rendelkezik. 2015-ben k\u00f6zel 7000 f\u0151 k\u00f6lcs\u00f6nz\u00f6tt munkav\u00e1llal\u00f3t foglalkoztatott, \u00e1rbev\u00e9tele pedig megk\u00f6zel\u00edtette a 24 milli\u00e1rd forintot.<\/p>\n<p>&nbsp;<\/p>\n<p>A Trenkwalder t\u00f6bb mint 20 irod\u00e1b\u00f3l \u00e1ll\u00f3 orsz\u00e1gos lefedetts\u00e9g\u0171 h\u00e1l\u00f3zatot m\u0171k\u00f6dtetve komplex szolg\u00e1ltat\u00e1sokat ny\u00fajt munkaer\u0151-k\u00f6lcs\u00f6nz\u00e9s, -k\u00f6zvet\u00edt\u00e9s, vezet\u0151kiv\u00e1laszt\u00e1s, b\u00e9rsz\u00e1mfejt\u00e9s-kiszervez\u00e9s, di\u00e1kmunka \u00e9s egy\u00e9b HR szolg\u00e1ltat\u00e1sok ter\u00e9n. Partnerei f\u0151k\u00e9nt ipari gy\u00e1rt\u00f3\/termel\u0151 v\u00e1llalatok \u00e9s besz\u00e1ll\u00edt\u00f3ik, kereskedelmi \u00e9s szolg\u00e1ltat\u00f3 c\u00e9gek, valamint a p\u00e9nz\u00fcgyi szektor, a hazai telekommunik\u00e1ci\u00f3 \u00e9s az FMCG prominens k\u00e9pvisel\u0151i.<\/p>\n<p>&nbsp;<\/p>\n<p>A Trenkwalder International AG piacvezet\u0151 szerepet t\u00f6lt be Ausztri\u00e1ban \u00e9s vezet\u0151 szem\u00e9lyzeti szolg\u00e1ltat\u00f3 K\u00f6z\u00e9p- \u00e9s Kelet-, valamint D\u00e9l-Eur\u00f3p\u00e1ban. Az 1 milli\u00e1rd eur\u00f3s \u00e9ves \u00e1rbev\u00e9tellel rendelkez\u0151, 70 000 embert foglalkoztat\u00f3 c\u00e9gcsoport t\u00f6bb mint 300 kirendelts\u00e9g\u00e9vel Eur\u00f3pa 17 orsz\u00e1g\u00e1ban van jelen. 2011 \u00f3ta a Trenkwalder a n\u00e9met Droege International AG csoport tagja.<\/p>\n","protected":false},"excerpt":{"rendered":"<p>Tavaly k\u00f6zel 125 ezer munkav\u00e1llal\u00f3nak volt munkajogi kapcsolata munkaer\u0151-k\u00f6lcs\u00f6nz\u0151kkel, ez a sz\u00e1m 19,8 sz\u00e1zal\u00e9kkal haladta meg az egy \u00e9vvel kor\u00e1bbi szintet. A Trenkwalder tapasztalatai szerint imm\u00e1r nem csup\u00e1n a szezon\u00e1lis munk\u00e1k sor\u00e1n fell\u00e9p\u0151 munkaer\u0151ig\u00e9ny kiel\u00e9g\u00edt\u00e9s\u00e9re, hanem a munkaer\u0151hi\u00e1ny miatt kies\u0151 munkaer\u0151 p\u00f3tl\u00e1s\u00e1ra is egyre gyakrabban a k\u00f6lcs\u00f6nz\u00e9shez folyamodnak a c\u00e9gek.<\/p>\n","protected":false},"author":1,"featured_media":0,"comment_status":"open","ping_status":"closed","sticky":false,"template":"","format":"standard","meta":[],"categories":[19],"tags":[],"_links":{"self":[{"href":"https:\/\/gazdasagportal.hu\/index.php\/wp-json\/wp\/v2\/posts\/84139"}],"collection":[{"href":"https:\/\/gazdasagportal.hu\/index.php\/wp-json\/wp\/v2\/posts"}],"about":[{"href":"https:\/\/gazdasagportal.hu\/index.php\/wp-json\/wp\/v2\/types\/post"}],"author":[{"embeddable":true,"href":"https:\/\/gazdasagportal.hu\/index.php\/wp-json\/wp\/v2\/users\/1"}],"replies":[{"embeddable":true,"href":"https:\/\/gazdasagportal.hu\/index.php\/wp-json\/wp\/v2\/comments?post=84139"}],"version-history":[{"count":1,"href":"https:\/\/gazdasagportal.hu\/index.php\/wp-json\/wp\/v2\/posts\/84139\/revisions"}],"predecessor-version":[{"id":84140,"href":"https:\/\/gazdasagportal.hu\/index.php\/wp-json\/wp\/v2\/posts\/84139\/revisions\/84140"}],"wp:attachment":[{"href":"https:\/\/gazdasagportal.hu\/index.php\/wp-json\/wp\/v2\/media?parent=84139"}],"wp:term":[{"taxonomy":"category","embeddable":true,"href":"https:\/\/gazdasagportal.hu\/index.php\/wp-json\/wp\/v2\/categories?post=84139"},{"taxonomy":"post_tag","embeddable":true,"href":"https:\/\/gazdasagportal.hu\/index.php\/wp-json\/wp\/v2\/tags?post=84139"}],"curies":[{"name":"wp","href":"https:\/\/api.w.org\/{rel}","templated":true}]}}