{"id":84127,"date":"2016-09-01T07:42:20","date_gmt":"2016-09-01T05:42:20","guid":{"rendered":"http:\/\/gazdasagportal.hu\/?p=84127"},"modified":"2016-09-01T06:42:52","modified_gmt":"2016-09-01T04:42:52","slug":"a-201617-es-tanevtol-atalakul-a-szakkepzesi-rendszer","status":"publish","type":"post","link":"https:\/\/gazdasagportal.hu\/index.php\/a-201617-es-tanevtol-atalakul-a-szakkepzesi-rendszer\/","title":{"rendered":"A 2016\/17-es tan\u00e9vt\u0151l \u00e1talakul a szakk\u00e9pz\u00e9si rendszer"},"content":{"rendered":"<p><strong>A cs\u00fct\u00f6rt\u00f6k\u00f6n kezd\u0151d\u0151 2016\/17-es tan\u00e9vt\u0151l \u00e1talakul a szakk\u00e9pz\u00e9si rendszer, a jelenlegi szakk\u00f6z\u00e9piskol\u00e1kb\u00f3l szakgimn\u00e1ziumok, a szakiskol\u00e1kb\u00f3l pedig szakk\u00f6z\u00e9piskol\u00e1k lesznek. <\/strong><!--more--><\/p>\n<div class=\"ads-in-post1\"><div id=\"gazdasagportal.hu_fullbanner_wideboard\"><\/div>\r\n<\/div>\n<p>    Cseresny\u00e9s P\u00e9ter, a Nemzetgazdas\u00e1gi Miniszt\u00e9rium (NGM) munkaer\u0151piac\u00e9rt \u00e9s k\u00e9pz\u00e9s\u00e9rt felel\u0151s \u00e1llamtitk\u00e1ra kor\u00e1bban elmondta: az \u00faj szakgimn\u00e1ziumi kerettantervi strukt\u00fara felmen\u0151 rendszerben \u00e9p\u00fcl ki, \u00edgy egyel\u0151re csak az els\u0151 \u00e9vfolyamot \u00e9rinti. A szakk\u00f6z\u00e9piskolai kerettantervek a kor\u00e1bbiakhoz k\u00e9pest nem v\u00e1ltoztak &#8211; tette hozz\u00e1.<br \/>\n    A szakgimn\u00e1ziumokban oktatott szakmai ismeretek kerettanterveinek tervezetei j\u00fanius eleje \u00f3ta m\u00e1r el\u00e9rhet\u0151ek a Nemzeti Szakk\u00e9pz\u00e9si \u00e9s Feln\u0151ttk\u00e9pz\u00e9si Hivatal honlapj\u00e1n (www.nive.hu).                            Az \u00e1llamtitk\u00e1r hangs\u00falyozta, hogy a szakgimn\u00e1zium elv\u00e9gz\u00e9se ut\u00e1n is van lehet\u0151s\u00e9g a diploma megszerz\u00e9s\u00e9re, s\u0151t a kor\u00e1bbi rendszerhez k\u00e9pest k\u00f6nnyebb\u00e9 v\u00e1lt a fels\u0151oktat\u00e1si szakir\u00e1ny\u00fa tov\u00e1bbtanul\u00e1s, valamint a tanul\u00f3k vagy az \u00e9retts\u00e9gi, vagy a technikus szak elv\u00e9gz\u00e9se ut\u00e1n r\u00f6gt\u00f6n Orsz\u00e1gos K\u00e9pz\u00e9si Jegyz\u00e9kben (OKJ) elismert k\u00e9pes\u00edt\u00e9sek birtok\u00e1ban l\u00e9phetnek a munkaer\u0151piacra.(MTI)<\/p>\n","protected":false},"excerpt":{"rendered":"<p>A cs\u00fct\u00f6rt\u00f6k\u00f6n kezd\u0151d\u0151 2016\/17-es tan\u00e9vt\u0151l \u00e1talakul a szakk\u00e9pz\u00e9si rendszer, a jelenlegi szakk\u00f6z\u00e9piskol\u00e1kb\u00f3l szakgimn\u00e1ziumok, a szakiskol\u00e1kb\u00f3l pedig szakk\u00f6z\u00e9piskol\u00e1k lesznek.<\/p>\n","protected":false},"author":1,"featured_media":0,"comment_status":"open","ping_status":"closed","sticky":false,"template":"","format":"standard","meta":[],"categories":[4,19],"tags":[],"_links":{"self":[{"href":"https:\/\/gazdasagportal.hu\/index.php\/wp-json\/wp\/v2\/posts\/84127"}],"collection":[{"href":"https:\/\/gazdasagportal.hu\/index.php\/wp-json\/wp\/v2\/posts"}],"about":[{"href":"https:\/\/gazdasagportal.hu\/index.php\/wp-json\/wp\/v2\/types\/post"}],"author":[{"embeddable":true,"href":"https:\/\/gazdasagportal.hu\/index.php\/wp-json\/wp\/v2\/users\/1"}],"replies":[{"embeddable":true,"href":"https:\/\/gazdasagportal.hu\/index.php\/wp-json\/wp\/v2\/comments?post=84127"}],"version-history":[{"count":1,"href":"https:\/\/gazdasagportal.hu\/index.php\/wp-json\/wp\/v2\/posts\/84127\/revisions"}],"predecessor-version":[{"id":84128,"href":"https:\/\/gazdasagportal.hu\/index.php\/wp-json\/wp\/v2\/posts\/84127\/revisions\/84128"}],"wp:attachment":[{"href":"https:\/\/gazdasagportal.hu\/index.php\/wp-json\/wp\/v2\/media?parent=84127"}],"wp:term":[{"taxonomy":"category","embeddable":true,"href":"https:\/\/gazdasagportal.hu\/index.php\/wp-json\/wp\/v2\/categories?post=84127"},{"taxonomy":"post_tag","embeddable":true,"href":"https:\/\/gazdasagportal.hu\/index.php\/wp-json\/wp\/v2\/tags?post=84127"}],"curies":[{"name":"wp","href":"https:\/\/api.w.org\/{rel}","templated":true}]}}