{"id":84103,"date":"2016-08-31T19:41:14","date_gmt":"2016-08-31T17:41:14","guid":{"rendered":"http:\/\/gazdasagportal.hu\/?p=84103"},"modified":"2016-08-31T19:41:14","modified_gmt":"2016-08-31T17:41:14","slug":"olasz-sajto-migransaradat-indult-el-az-orszag-partjai-fele","status":"publish","type":"post","link":"https:\/\/gazdasagportal.hu\/index.php\/olasz-sajto-migransaradat-indult-el-az-orszag-partjai-fele\/","title":{"rendered":"Olasz sajt\u00f3: migr\u00e1ns\u00e1radat indult el az orsz\u00e1g partjai fel\u00e9"},"content":{"rendered":"<p><strong>Olasz sajt\u00f3jelent\u00e9sek szerint migr\u00e1ns\u00e1radat indult el az orsz\u00e1g partjai fel\u00e9. Az \u0151sz be\u00e1llta el\u0151tt az embercsemp\u00e9szek kihaszn\u00e1lj\u00e1k a kedvez\u0151 id\u0151j\u00e1r\u00e1s utols\u00f3 szakasz\u00e1t, az olasz partokra (a migr\u00e1nsok) rekord sz\u00e1m\u00fa \u00e9rkez\u00e9se v\u00e1rhat\u00f3 &#8211; id\u00e9zte az olasz bel\u00fcgyminiszt\u00e9riumot a La Repubblica c\u00edm\u0171 napilap szerd\u00e1n.<\/strong><!--more--><\/p>\n<div class=\"ads-in-post1\"><div id=\"gazdasagportal.hu_fullbanner_wideboard\"><\/div>\r\n<\/div>\n<p>    A L\u00edbia \u00e9s Olaszorsz\u00e1g k\u00f6z\u00f6tti tengeren bajba jut\u00f3 migr\u00e1nscsoportok ment\u00e9s\u00e9t koordin\u00e1l\u00f3 olasz parti \u0151rs\u00e9g k\u00f6z\u00f6lte, hogy szerd\u00e1n \u00fajabb 1800 embert mentettek meg. T\u00f6bb mint h\u00e1romsz\u00e1zat az olasz parti \u0151rs\u00e9g haj\u00f3i vettek fed\u00e9lzet\u00fckre, mintegy ezret a Mare Nostrum (Mi Tenger\u00fcnk) olasz tengeri m\u0171veletben szolg\u00e1l\u00f3 olasz hadihaj\u00f3k, tov\u00e1bbiakat a Moas m\u00e1ltai sz\u00e9khely\u0171 nem korm\u00e1nyzati szervezet haj\u00f3ja, amely az egyik s\u00fcllyed\u0151 gumics\u00f3nakon h\u00e1rom holttestet is tal\u00e1lt.<br \/>\n    Sandro Gozi olasz EU-s \u00e1llamtitk\u00e1r a SkyTg24 olasz h\u00edrtelev\u00edzi\u00f3nak \u00fagy nyilatkozott, hogy az egyetlen migr\u00e1ci\u00f3s \u00fajdons\u00e1got Olaszorsz\u00e1g sz\u00e1m\u00e1ra az jelenti, hogy It\u00e1lia 2013-ig egyed\u00fcl sz\u00e1llt szembe a probl\u00e9m\u00e1val, az\u00f3ta viszont sz\u00e1mos EU-s tag\u00e1llam seg\u00edts\u00e9get ny\u00fajt a F\u00f6ldk\u00f6zi-tengeren a Frontex hat\u00e1r\u00fcgyn\u00f6ks\u00e9g \u00e9s az EuNavforMed katonai m\u0171velet keret\u00e9ben.<br \/>\n    Az ut\u00f3bbi n\u00e9gy nap alatt t\u00f6bb mint 13 ezer embert mentettek a L\u00edbia \u00e9s Olaszorsz\u00e1g k\u00f6z\u00f6tti tengerszakaszon az olasz parti \u0151rs\u00e9g koordin\u00e1l\u00e1s\u00e1val.<br \/>\n    A r\u00f3mai bel\u00fcgyminiszt\u00e9rium adatai szerint \u00e9v elej\u00e9t\u0151l augusztus 30-ig t\u00f6bb mint 107 ezer migr\u00e1ns \u00e9rkezett a tengeren kereszt\u00fcl a d\u00e9l-olaszorsz\u00e1gi partokra. A tavalyi \u00e9v ugyanezen id\u0151szak\u00e1ban az \u00e9rkez\u00e9sek sz\u00e1ma 116 ezer f\u00f6l\u00f6tt volt, de 2015 j\u00falius\u00e1t\u00f3l az olaszorsz\u00e1gi migr\u00e1ci\u00f3 cs\u00f6kken\u0151 tendenci\u00e1t mutatott a balk\u00e1ni \u00fatvonal akkori meger\u0151s\u00f6d\u00e9se miatt. Id\u00e9n ny\u00e1ron viszont az Olaszorsz\u00e1gba \u00e9rkez\u0151 migr\u00e1nsok sz\u00e1ma folyamatosan emelkedett.<br \/>\n    <a href=\"https:\/\/gazdasagportal.hu\/wp-content\/uploads\/2016\/08\/migrans.jpg\"><img decoding=\"async\" loading=\"lazy\" src=\"https:\/\/gazdasagportal.hu\/wp-content\/uploads\/2016\/08\/migrans-300x122.jpg\" alt=\"migrans\" width=\"300\" height=\"122\" class=\"alignleft size-medium wp-image-84104\" srcset=\"https:\/\/gazdasagportal.hu\/wp-content\/uploads\/2016\/08\/migrans-300x122.jpg 300w, https:\/\/gazdasagportal.hu\/wp-content\/uploads\/2016\/08\/migrans.jpg 978w\" sizes=\"(max-width: 300px) 100vw, 300px\" \/><\/a>A tengeren mentett migr\u00e1nsokat els\u0151sorban a szic\u00edliai Augusta \u00e9s Pozzallo kik\u00f6t\u0151j\u00e9be, valamint a d\u00e9l-olaszorsz\u00e1gi Reggio Calabri\u00e1ba sz\u00e1ll\u00edtj\u00e1k, de befogad\u00f3\u00e1llom\u00e1sok lettek a szint\u00e9n d\u00e9l-it\u00e1liai Puglia tartom\u00e1ny \u00e9s Szard\u00ednia kik\u00f6t\u0151i is. Csak Taranto kik\u00f6t\u0151j\u00e9be szerd\u00e1n egyszerre t\u00f6bb mint ezer, a tengeren megmentett migr\u00e1ns \u00e9rkezik, k\u00f6z\u00f6tt\u00fck 83 kiskor\u00fa \u00e9s ezekb\u0151l 59 a sz\u00fcl\u0151i k\u00eds\u00e9ret n\u00e9lk\u00fcli. Az \u00e9rkez\u0151 migr\u00e1nsok t\u00f6bbs\u00e9ge nig\u00e9riai, eritreai \u00e9s szud\u00e1ni, de vannak k\u00f6z\u00f6tt\u00fck palesztinok \u00e9s sz\u00edriai menek\u00fcltek is.<br \/>\n    Csoportokat vittek Lampedusa-sziget\u00e9re is a t\u00f6bbi kik\u00f6t\u0151 terhelts\u00e9ge miatt, \u00e9s az\u00e9rt is, mivel Lampedusa esik a legk\u00f6zelebb \u00e9s a ment\u0151haj\u00f3kon \u00f6sszez\u00e1rt k\u00fcl\u00f6nb\u00f6z\u0151 nemzetis\u00e9g\u0171 migr\u00e1nscsoport k\u00f6z\u00f6tt nem ritk\u00e1n fesz\u00fclts\u00e9g \u00e9s vereked\u00e9s is kirobban, \u00edgy min\u00e9l gyorsabban partra akarj\u00e1k \u0151ket tenni. A SkyTg24 olasz h\u00edrtelev\u00edzi\u00f3 \u00e9rtes\u00fcl\u00e9se szerint a Lampedus\u00e1n tavaly decembert\u0151l m\u0171k\u00f6d\u0151 regisztr\u00e1ci\u00f3s k\u00f6zpont (hot spot) az &#8222;\u00f6sszeoml\u00e1s sz\u00e9l\u00e9n \u00e1ll&#8221;.<br \/>\n    A balk\u00f6z\u00e9p La Repubblica \u00e9rtes\u00fcl\u00e9sei szerint az eg\u00e9sz olaszorsz\u00e1gi &#8222;befogad\u00e1si g\u00e9pezet stressz alatt van&#8221;. Augusztus 30-\u00e1n 145 ezern\u00e9l t\u00f6bb migr\u00e1ns volt az olaszorsz\u00e1gi befogad\u00f3 \u00e1llom\u00e1sokon, tavaly ugyanilyenkor mintegy 104 ezer. A legt\u00f6bb &#8211; t\u00f6bb mint 19 ezer &#8211; migr\u00e1nst Lombardi\u00e1ban l\u00e1tj\u00e1k el, a t\u00f6bbieket Szic\u00edli\u00e1ban, Lazio \u00e9s Veneto tartom\u00e1nyban. Szeptember elsej\u00e9t\u0151l minden olasz megy\u00e9nek, ami nyolcvan k\u00f6zigazgat\u00e1si t\u00e9rs\u00e9get jelent, 70-70 menek\u00fcltk\u00e9r\u0151t kell befogadnia.<br \/>\n    Giorgia Meloni, az Olasz Testv\u00e9rek (FdI) jobboldali p\u00e1rt eln\u00f6ke Facebook-bejegyz\u00e9s\u00e9ben kiemelte, hogy az \u00e9v eleje \u00f3ta \u00e9rkezett menek\u00fcltek &#8222;rekordba ill\u0151&#8221; sz\u00e1ma meghaladja Novara v\u00e1ros lakoss\u00e1g\u00e1\u00e9t. &#8222;A hivatalos statisztik\u00e1k azt \u00e1ll\u00edtj\u00e1k, hogy t\u00falnyom\u00f3 t\u00f6bbs\u00e9g\u00e9ben munkak\u00e9pes, feln\u0151tt f\u00e9rfiakr\u00f3l van sz\u00f3, illeg\u00e1lis bev\u00e1ndorl\u00f3kr\u00f3l \u00e9s nem menek\u00fcltekr\u0151l. Nektek ez nem inv\u00e1zi\u00f3nak t\u0171nik?&#8221;<br \/>\n    Maurizo Gasparri jobbk\u00f6z\u00e9p politikus, a r\u00f3mai szen\u00e1tus aleln\u00f6ke egy kor\u00e1bbi szint\u00e9n internetes bejegyz\u00e9s\u00e9ben felsz\u00f3l\u00edtotta a r\u00f3mai korm\u00e1nyt, vessen v\u00e9get a &#8222;bibliai \u00e1radatnak&#8221;, ne mentsen t\u00f6bb embert a F\u00f6ldk\u00f6zi-tengeren, mivel ezzel kiz\u00e1r\u00f3lag az embercsemp\u00e9szeknek kedvez. (MTI)<br \/>\n<div class=\"ads-in-post1\"><div id=\"gazdasagportal.hu_fullbanner_wideboard\"><\/div>\r\n<\/div>\n","protected":false},"excerpt":{"rendered":"<p>Olasz sajt\u00f3jelent\u00e9sek szerint migr\u00e1ns\u00e1radat indult el az orsz\u00e1g partjai fel\u00e9. Az \u0151sz be\u00e1llta el\u0151tt az embercsemp\u00e9szek kihaszn\u00e1lj\u00e1k a kedvez\u0151 id\u0151j\u00e1r\u00e1s utols\u00f3 szakasz\u00e1t, az olasz partokra (a migr\u00e1nsok) rekord sz\u00e1m\u00fa \u00e9rkez\u00e9se v\u00e1rhat\u00f3 &#8211; id\u00e9zte az olasz bel\u00fcgyminiszt\u00e9riumot a La Repubblica c\u00edm\u0171 napilap szerd\u00e1n.<\/p>\n","protected":false},"author":1,"featured_media":84104,"comment_status":"open","ping_status":"closed","sticky":false,"template":"","format":"standard","meta":[],"categories":[403,146,12],"tags":[],"_links":{"self":[{"href":"https:\/\/gazdasagportal.hu\/index.php\/wp-json\/wp\/v2\/posts\/84103"}],"collection":[{"href":"https:\/\/gazdasagportal.hu\/index.php\/wp-json\/wp\/v2\/posts"}],"about":[{"href":"https:\/\/gazdasagportal.hu\/index.php\/wp-json\/wp\/v2\/types\/post"}],"author":[{"embeddable":true,"href":"https:\/\/gazdasagportal.hu\/index.php\/wp-json\/wp\/v2\/users\/1"}],"replies":[{"embeddable":true,"href":"https:\/\/gazdasagportal.hu\/index.php\/wp-json\/wp\/v2\/comments?post=84103"}],"version-history":[{"count":1,"href":"https:\/\/gazdasagportal.hu\/index.php\/wp-json\/wp\/v2\/posts\/84103\/revisions"}],"predecessor-version":[{"id":84105,"href":"https:\/\/gazdasagportal.hu\/index.php\/wp-json\/wp\/v2\/posts\/84103\/revisions\/84105"}],"wp:featuredmedia":[{"embeddable":true,"href":"https:\/\/gazdasagportal.hu\/index.php\/wp-json\/wp\/v2\/media\/84104"}],"wp:attachment":[{"href":"https:\/\/gazdasagportal.hu\/index.php\/wp-json\/wp\/v2\/media?parent=84103"}],"wp:term":[{"taxonomy":"category","embeddable":true,"href":"https:\/\/gazdasagportal.hu\/index.php\/wp-json\/wp\/v2\/categories?post=84103"},{"taxonomy":"post_tag","embeddable":true,"href":"https:\/\/gazdasagportal.hu\/index.php\/wp-json\/wp\/v2\/tags?post=84103"}],"curies":[{"name":"wp","href":"https:\/\/api.w.org\/{rel}","templated":true}]}}