{"id":84101,"date":"2016-08-31T18:56:22","date_gmt":"2016-08-31T16:56:22","guid":{"rendered":"http:\/\/gazdasagportal.hu\/?p=84101"},"modified":"2016-08-31T18:56:22","modified_gmt":"2016-08-31T16:56:22","slug":"kubaba-fel-evszazada-eloszor-erkezett-menetrend-szerinti-amerikai-utasszallito-repulogep","status":"publish","type":"post","link":"https:\/\/gazdasagportal.hu\/index.php\/kubaba-fel-evszazada-eloszor-erkezett-menetrend-szerinti-amerikai-utasszallito-repulogep\/","title":{"rendered":"Kub\u00e1ba f\u00e9l \u00e9vsz\u00e1zada el\u0151sz\u00f6r \u00e9rkezett menetrend szerinti amerikai utassz\u00e1ll\u00edt\u00f3 rep\u00fcl\u0151g\u00e9p"},"content":{"rendered":"<p><strong>F\u00e9l \u00e9vsz\u00e1zada el\u0151sz\u00f6r \u00e9rkezett Kub\u00e1ba menetrend szerinti amerikai utassz\u00e1ll\u00edt\u00f3 rep\u00fcl\u0151g\u00e9p, amely a szigetorsz\u00e1g k\u00f6z\u00e9ps\u0151 r\u00e9sz\u00e9n fekv\u0151 Santa Clar\u00e1ban sz\u00e1llt le szerd\u00e1n.<\/strong><!--more--><\/p>\n<div class=\"ads-in-post1\"><div id=\"gazdasagportal.hu_fullbanner_wideboard\"><\/div>\r\n<\/div>\n<p>        A floridai Fort Lauderdale v\u00e1ros\u00e1b\u00f3l indult g\u00e9p fed\u00e9lzet\u00e9n van &#8211; sz\u00e1z\u00f6tven utas t\u00e1rsas\u00e1g\u00e1ban &#8211; Anthony Foxx, az Egyes\u00fclt \u00c1llamok k\u00f6zleked\u00e9si minisztere is. 1961 \u00f3ta ez az els\u0151 menetrend szerinti utassz\u00e1ll\u00edt\u00f3 amerikai g\u00e9p, amely Kub\u00e1ban landol. A j\u00e1ratot a JetBlue t\u00e1rsas\u00e1g m\u0171k\u00f6dteti, de h\u00e9t m\u00e1sik amerikai l\u00e9git\u00e1rsas\u00e1g m\u00e1r szint\u00e9n megkapta a jogot, hogy g\u00e9peket ind\u00edthasson Kub\u00e1ba, s az American Airlines szeptemberben m\u00e1r meg is ind\u00edtja menetrend szerinti j\u00e1ratait.         A hidegh\u00e1bor\u00faban megszak\u00edtott amerikai-kubai diplom\u00e1ciai kapcsolatok helyre\u00e1ll\u00edt\u00e1s\u00e1t 2014 december\u00e9ben jelentett\u00e9k be, Washington \u00e9s Havanna pedig tavaly j\u00faliusban hivatalosan bejelentette, hogy a kor\u00e1bban kinyilv\u00e1n\u00edtott k\u00f6lcs\u00f6n\u00f6s sz\u00e1nd\u00e9knak megfelel\u0151en megnyitj\u00e1k a nagyk\u00f6vets\u00e9geket a k\u00e9t f\u0151v\u00e1rosban. Barack Obama amerikai eln\u00f6k akkor ezt &#8222;t\u00f6rt\u00e9nelmi el\u0151rel\u00e9p\u00e9snek&#8221; nevezte, s hangs\u00falyozta, hogy Washington \u00e9vtizedeken kereszt\u00fcl folytatott politik\u00e1ja, amely Kuba elszigetel\u00e9s\u00e9t c\u00e9lozta, kudarcot vallott, s\u0151t, bizonyos tekintetben \u00e9ppen az ellenkez\u0151 hat\u00e1st \u00e9rte el: konzerv\u00e1lta a kommunista vezet\u00e9s\u0171 szigetorsz\u00e1g politikai rendszer\u00e9t \u00e9s hozz\u00e1j\u00e1rult a kubai n\u00e9p elszeg\u00e9nyed\u00e9s\u00e9hez.         Mindazon\u00e1ltal ez m\u00e9g csak az els\u0151 l\u00e9p\u00e9sek egyike volt a viszony rendez\u00e9se \u00e9rdek\u00e9ben. Egy\u00e9ni turist\u00e1k kubai beutaz\u00e1s\u00e1t ugyanis v\u00e1ltozatlanul tiltj\u00e1k az amerikai t\u00f6rv\u00e9nyek (t\u00e1rsas\u00fatra m\u00e1r lehet menni), \u00e9s az amerikai kongresszus sem oldotta m\u00e9g fel a Kuba elleni \u00f6sszes gazdas\u00e1gi szankci\u00f3t. Viszont megjelentek m\u00e1r az els\u0151 amerikai v\u00e1llalkoz\u00f3k Kub\u00e1ban, s a f\u0151v\u00e1rosban, Havann\u00e1ban megny\u00edlt a Sheraton, az els\u0151 amerikai tulajdon\u00fa sz\u00e1lloda.(MTI)<\/p>\n","protected":false},"excerpt":{"rendered":"<p>F\u00e9l \u00e9vsz\u00e1zada el\u0151sz\u00f6r \u00e9rkezett Kub\u00e1ba menetrend szerinti amerikai utassz\u00e1ll\u00edt\u00f3 rep\u00fcl\u0151g\u00e9p, amely a szigetorsz\u00e1g k\u00f6z\u00e9ps\u0151 r\u00e9sz\u00e9n fekv\u0151 Santa Clar\u00e1ban sz\u00e1llt le szerd\u00e1n.<\/p>\n","protected":false},"author":1,"featured_media":0,"comment_status":"open","ping_status":"closed","sticky":false,"template":"","format":"standard","meta":[],"categories":[246],"tags":[],"_links":{"self":[{"href":"https:\/\/gazdasagportal.hu\/index.php\/wp-json\/wp\/v2\/posts\/84101"}],"collection":[{"href":"https:\/\/gazdasagportal.hu\/index.php\/wp-json\/wp\/v2\/posts"}],"about":[{"href":"https:\/\/gazdasagportal.hu\/index.php\/wp-json\/wp\/v2\/types\/post"}],"author":[{"embeddable":true,"href":"https:\/\/gazdasagportal.hu\/index.php\/wp-json\/wp\/v2\/users\/1"}],"replies":[{"embeddable":true,"href":"https:\/\/gazdasagportal.hu\/index.php\/wp-json\/wp\/v2\/comments?post=84101"}],"version-history":[{"count":1,"href":"https:\/\/gazdasagportal.hu\/index.php\/wp-json\/wp\/v2\/posts\/84101\/revisions"}],"predecessor-version":[{"id":84102,"href":"https:\/\/gazdasagportal.hu\/index.php\/wp-json\/wp\/v2\/posts\/84101\/revisions\/84102"}],"wp:attachment":[{"href":"https:\/\/gazdasagportal.hu\/index.php\/wp-json\/wp\/v2\/media?parent=84101"}],"wp:term":[{"taxonomy":"category","embeddable":true,"href":"https:\/\/gazdasagportal.hu\/index.php\/wp-json\/wp\/v2\/categories?post=84101"},{"taxonomy":"post_tag","embeddable":true,"href":"https:\/\/gazdasagportal.hu\/index.php\/wp-json\/wp\/v2\/tags?post=84101"}],"curies":[{"name":"wp","href":"https:\/\/api.w.org\/{rel}","templated":true}]}}