{"id":84066,"date":"2016-08-31T12:52:39","date_gmt":"2016-08-31T10:52:39","guid":{"rendered":"http:\/\/gazdasagportal.hu\/?p=84066"},"modified":"2016-08-31T13:05:31","modified_gmt":"2016-08-31T11:05:31","slug":"europa-haboruban-all","status":"publish","type":"post","link":"https:\/\/gazdasagportal.hu\/index.php\/europa-haboruban-all\/","title":{"rendered":"Eur\u00f3pa h\u00e1bor\u00faban \u00e1ll"},"content":{"rendered":"<p><strong>Ahhoz, hogy az eur\u00f3pai titkosszolg\u00e1latok meg tudj\u00e1k \u00e1ll\u00edtani a terrorizmust, be kell \u00e9p\u00fclni\u00fck az Iszl\u00e1m \u00c1llam rendszer\u00e9be &#8211; hangoztatta F\u00f6ldi L\u00e1szl\u00f3 biztons\u00e1gpolitikai szak\u00e9rt\u0151 az M1 aktu\u00e1lis csatorna szerdai m\u0171sor\u00e1ban.<\/strong><!--more--><\/p>\n<div class=\"ads-in-post1\"><div id=\"gazdasagportal.hu_fullbanner_wideboard\"><\/div>\r\n<\/div>\n<p>    Azt mondta, az elm\u00falt h\u00fasz-harminc \u00e9vben a fejlett \u00e1llamok titkosszolg\u00e1latai lemondtak a h\u00e1l\u00f3zat\u00e9p\u00edt\u00e9sr\u0151l, mivel \u00fagy gondolt\u00e1k, hogy a modern technikai megold\u00e1sok el\u00e9gs\u00e9gesek lesznek c\u00e9ljaik el\u00e9r\u00e9s\u00e9hez. V\u00e9lem\u00e9nye szerint azonban szem\u00e9lyesen is jelen kell lenni, \u00fcgyn\u00f6k\u00f6kkel kell &#8222;megsz\u00f3rni&#8221; az ellens\u00e9get.<br \/>\n    Megjegyezte, hogy a be\u00e9p\u00fcl\u00e9s \u00faj feladat, amely nem hajthat\u00f3 v\u00e9gre gyorsan, m\u00e1sk\u00e9nt azonban nem lehet felder\u00edteni az illeg\u00e1lisan, t\u00f6megbe \u00e1gyazottan \u00e9rkez\u0151 terrorist\u00e1kat. &#8222;Minden m\u00e1st meg lehet oldani katon\u00e1kkal, rend\u0151r\u00f6kkel&#8221; &#8211; f\u0171zte hozz\u00e1, \u00fagy fogalmazva: Eur\u00f3pa h\u00e1bor\u00faban \u00e1ll.(MTI)<\/p>\n<div class=\"ads-in-post1\"><div id=\"gazdasagportal.hu_fullbanner_wideboard\"><\/div>\r\n<\/div>\n","protected":false},"excerpt":{"rendered":"<p>Ahhoz, hogy az eur\u00f3pai titkosszolg\u00e1latok meg tudj\u00e1k \u00e1ll\u00edtani a terrorizmust, be kell \u00e9p\u00fclni\u00fck az Iszl\u00e1m \u00c1llam rendszer\u00e9be &#8211; hangoztatta F\u00f6ldi L\u00e1szl\u00f3 biztons\u00e1gpolitikai szak\u00e9rt\u0151 az M1 aktu\u00e1lis csatorna szerdai m\u0171sor\u00e1ban.<\/p>\n","protected":false},"author":1,"featured_media":0,"comment_status":"open","ping_status":"closed","sticky":false,"template":"","format":"standard","meta":[],"categories":[12,16],"tags":[],"_links":{"self":[{"href":"https:\/\/gazdasagportal.hu\/index.php\/wp-json\/wp\/v2\/posts\/84066"}],"collection":[{"href":"https:\/\/gazdasagportal.hu\/index.php\/wp-json\/wp\/v2\/posts"}],"about":[{"href":"https:\/\/gazdasagportal.hu\/index.php\/wp-json\/wp\/v2\/types\/post"}],"author":[{"embeddable":true,"href":"https:\/\/gazdasagportal.hu\/index.php\/wp-json\/wp\/v2\/users\/1"}],"replies":[{"embeddable":true,"href":"https:\/\/gazdasagportal.hu\/index.php\/wp-json\/wp\/v2\/comments?post=84066"}],"version-history":[{"count":2,"href":"https:\/\/gazdasagportal.hu\/index.php\/wp-json\/wp\/v2\/posts\/84066\/revisions"}],"predecessor-version":[{"id":84068,"href":"https:\/\/gazdasagportal.hu\/index.php\/wp-json\/wp\/v2\/posts\/84066\/revisions\/84068"}],"wp:attachment":[{"href":"https:\/\/gazdasagportal.hu\/index.php\/wp-json\/wp\/v2\/media?parent=84066"}],"wp:term":[{"taxonomy":"category","embeddable":true,"href":"https:\/\/gazdasagportal.hu\/index.php\/wp-json\/wp\/v2\/categories?post=84066"},{"taxonomy":"post_tag","embeddable":true,"href":"https:\/\/gazdasagportal.hu\/index.php\/wp-json\/wp\/v2\/tags?post=84066"}],"curies":[{"name":"wp","href":"https:\/\/api.w.org\/{rel}","templated":true}]}}