{"id":84064,"date":"2016-08-31T12:42:34","date_gmt":"2016-08-31T10:42:34","guid":{"rendered":"http:\/\/gazdasagportal.hu\/?p=84064"},"modified":"2016-08-31T12:37:46","modified_gmt":"2016-08-31T10:37:46","slug":"pallas-athene-alapitvanyok-ket-ev-alatt-225-milliarddal-nott-a-vagyon","status":"publish","type":"post","link":"https:\/\/gazdasagportal.hu\/index.php\/pallas-athene-alapitvanyok-ket-ev-alatt-225-milliarddal-nott-a-vagyon\/","title":{"rendered":"Pallas Ath\u00e9n\u00e9 Alap\u00edtv\u00e1nyok: k\u00e9t \u00e9v alatt 2,25 milli\u00e1rddal n\u0151tt a vagyon"},"content":{"rendered":"<p><strong>Az alap\u00edt\u00e1suk \u00f3ta eltelt k\u00e9t \u00e9vben &#8211; az \u00e1rfolyamv\u00e1ltoz\u00e1s n\u00e9lk\u00fcl &#8211; 2,25 milli\u00e1rd forinttal, a j\u00fanius 30-i \u00e1llapothoz viszony\u00edtva pedig 530 milli\u00f3 forinttal n\u00f6velt\u00e9k vagyonukat a Pallas Ath\u00e9n\u00e9 Alap\u00edtv\u00e1nyok &#8211; ismertett\u00e9k a kimutat\u00e1s f\u0151bb adatait az MTI-nek szerd\u00e1n eljuttatott k\u00f6zlem\u00e9nyben az MNB alap\u00edtv\u00e1nyai. <\/strong><!--more--><\/p>\n<div class=\"ads-in-post1\"><div id=\"gazdasagportal.hu_fullbanner_wideboard\"><\/div>\r\n<\/div>\n<p>    A forint j\u00fanius 30. \u00e9s augusztus 31. k\u00f6z\u00f6tti er\u0151s\u00f6d\u00e9se miatti 900 milli\u00f3 forintos \u00e1rfolyamvesztes\u00e9get is figyelembe v\u00e9ve az augusztus 30-i \u00e1llapot szerint az alap\u00edtv\u00e1nyoknak juttatott \u00f6sszesen 266,4 milli\u00e1rd forintnyi vagyonb\u00f3l a vagyon \u00e9rt\u00e9ke 267,75 milli\u00e1rd forintra n\u0151tt. A hat alap\u00edtv\u00e1ny \u00f6sszess\u00e9g\u00e9ben 173,03 milli\u00e1rd forintot Magyar \u00c1llampap\u00edrban, 5,16 milli\u00e1rd forintot bankbet\u00e9tben, 53,45 milli\u00e1rd forintot ingatlanban tart, 36,11 milli\u00e1rd forintot pedig c\u00e9gr\u00e9szesed\u00e9sbe fektetett be.<br \/>\n         A megalakul\u00e1suk \u00f3ta az alap\u00edtv\u00e1nyok &#8211; a vagyonn\u00f6veked\u00e9s mellett &#8211; 3,6 milli\u00e1rd forint \u00e9rt\u00e9kben t\u00f6bb mint 800 oktat\u00e1si, kutat\u00e1si, tudom\u00e1nyos p\u00e1ly\u00e1zatot t\u00e1mogattak &#8211; jegyezt\u00e9k meg.<br \/>\n         A k\u00f6zlem\u00e9ny eml\u00e9keztet, hogy az alap\u00edtv\u00e1nyok k\u00f6telesek meg\u0151rizni a r\u00e1juk b\u00edzott vagyont, azt nem k\u00f6lthetik el, csak befektethetik, \u00e9s annak hozam\u00e1t haszn\u00e1lhatj\u00e1k fel tev\u00e9kenys\u00e9g\u00fck sor\u00e1n.(MTI)<\/p>\n","protected":false},"excerpt":{"rendered":"<p>Az alap\u00edt\u00e1suk \u00f3ta eltelt k\u00e9t \u00e9vben &#8211; az \u00e1rfolyamv\u00e1ltoz\u00e1s n\u00e9lk\u00fcl &#8211; 2,25 milli\u00e1rd forinttal, a j\u00fanius 30-i \u00e1llapothoz viszony\u00edtva pedig 530 milli\u00f3 forinttal n\u00f6velt\u00e9k vagyonukat a Pallas Ath\u00e9n\u00e9 Alap\u00edtv\u00e1nyok &#8211; ismertett\u00e9k a kimutat\u00e1s f\u0151bb adatait az MTI-nek szerd\u00e1n eljuttatott k\u00f6zlem\u00e9nyben az MNB alap\u00edtv\u00e1nyai.<\/p>\n","protected":false},"author":1,"featured_media":0,"comment_status":"open","ping_status":"closed","sticky":false,"template":"","format":"standard","meta":[],"categories":[19],"tags":[],"_links":{"self":[{"href":"https:\/\/gazdasagportal.hu\/index.php\/wp-json\/wp\/v2\/posts\/84064"}],"collection":[{"href":"https:\/\/gazdasagportal.hu\/index.php\/wp-json\/wp\/v2\/posts"}],"about":[{"href":"https:\/\/gazdasagportal.hu\/index.php\/wp-json\/wp\/v2\/types\/post"}],"author":[{"embeddable":true,"href":"https:\/\/gazdasagportal.hu\/index.php\/wp-json\/wp\/v2\/users\/1"}],"replies":[{"embeddable":true,"href":"https:\/\/gazdasagportal.hu\/index.php\/wp-json\/wp\/v2\/comments?post=84064"}],"version-history":[{"count":1,"href":"https:\/\/gazdasagportal.hu\/index.php\/wp-json\/wp\/v2\/posts\/84064\/revisions"}],"predecessor-version":[{"id":84065,"href":"https:\/\/gazdasagportal.hu\/index.php\/wp-json\/wp\/v2\/posts\/84064\/revisions\/84065"}],"wp:attachment":[{"href":"https:\/\/gazdasagportal.hu\/index.php\/wp-json\/wp\/v2\/media?parent=84064"}],"wp:term":[{"taxonomy":"category","embeddable":true,"href":"https:\/\/gazdasagportal.hu\/index.php\/wp-json\/wp\/v2\/categories?post=84064"},{"taxonomy":"post_tag","embeddable":true,"href":"https:\/\/gazdasagportal.hu\/index.php\/wp-json\/wp\/v2\/tags?post=84064"}],"curies":[{"name":"wp","href":"https:\/\/api.w.org\/{rel}","templated":true}]}}