{"id":84060,"date":"2016-08-31T12:16:59","date_gmt":"2016-08-31T10:16:59","guid":{"rendered":"http:\/\/gazdasagportal.hu\/?p=84060"},"modified":"2016-08-31T12:16:59","modified_gmt":"2016-08-31T10:16:59","slug":"kiuritettek-a-frankfurti-repuloter-egy-reszet","status":"publish","type":"post","link":"https:\/\/gazdasagportal.hu\/index.php\/kiuritettek-a-frankfurti-repuloter-egy-reszet\/","title":{"rendered":"Ki\u00fcr\u00edtett\u00e9k a frankfurti rep\u00fcl\u0151t\u00e9r egy r\u00e9sz\u00e9t"},"content":{"rendered":"<p><strong>Biztons\u00e1gi okokb\u00f3l ki\u00fcr\u00edtett\u00e9k a n\u00e9metorsz\u00e1gi Frankfurt rep\u00fcl\u0151ter\u00e9nek egy r\u00e9sz\u00e9t szerda d\u00e9lel\u0151tt.<\/strong><!--more--><\/p>\n<div class=\"ads-in-post1\"><div id=\"gazdasagportal.hu_fullbanner_wideboard\"><\/div>\r\n<\/div>\n<p>    A rep\u00fcl\u0151t\u00e9r \u00fczemeltet\u0151je Twitter-oldal\u00e1n k\u00f6z\u00f6lte: az 1-es termin\u00e1lon egy ember a biztons\u00e1gi ellen\u0151rz\u00e9s befejez\u00e9se el\u0151tt jutott be az A jelz\u00e9s\u0171 v\u00e1rakoz\u00e1si ter\u00fcletre, ez\u00e9rt a sz\u00f6vets\u00e9gi rend\u0151rs\u00e9g \u00fagy d\u00f6nt\u00f6tt, ki\u00fcr\u00edtik az A \u00e9s az A+ jelz\u00e9s\u0171 ter\u00fcletet \u00e9s valamennyi utas eset\u00e9ben \u00fajra elv\u00e9gzik a biztons\u00e1gi ellen\u0151rz\u00e9st.<br \/>\n    El\u0151z\u0151leg a Bild c\u00edm\u0171 lap h\u00edrport\u00e1lj\u00e1n arr\u00f3l \u00edrt, hogy egy n\u0151 ellen\u0151rz\u00e9se k\u00f6zben jelz\u00e9st adott a robban\u00f3szer kimutat\u00e1s\u00e1ra szolg\u00e1l\u00f3 berendez\u00e9s, mire a n\u0151 &#8222;elt\u0171nt a t\u00f6megben&#8221;.<br \/>\n    Az \u00fczemeltet\u0151 nem er\u0151s\u00edtette meg a robban\u00f3szerr\u0151l sz\u00f3l\u00f3 \u00e9rtes\u00fcl\u00e9st. K\u00f6zlem\u00e9nye szerint a ki\u00fcr\u00edt\u00e9s &#8222;el\u0151vigy\u00e1zatoss\u00e1gi int\u00e9zked\u00e9s&#8221;.<br \/>\n    Nem er\u0151s\u00edtette meg a Bild \u00e9rtes\u00fcl\u00e9s\u00e9t a sz\u00f6vets\u00e9gi rend\u0151rs\u00e9g frankfurti rep\u00fcl\u0151t\u00e9ri kapit\u00e1nys\u00e1ga (Bundespolizei AirFra) sem, amely Twitter-oldal\u00e1n k\u00f6z\u00f6lte, hogy egy ember ellen\u0151rz\u00e9s n\u00e9lk\u00fcl jutott be a biztons\u00e1gi ter\u00fcletre, de &#8222;nincs sz\u00f3 bombafenyeget\u00e9sr\u0151l&#8221;.<br \/>\n    A frankfurti a legnagyobb rep\u00fcl\u0151t\u00e9r N\u00e9metorsz\u00e1gban, \u00e9vente nagyj\u00e1b\u00f3l 60 milli\u00f3 utaz\u00f3 haszn\u00e1lja.(MTI)<\/p>\n","protected":false},"excerpt":{"rendered":"<p>Biztons\u00e1gi okokb\u00f3l ki\u00fcr\u00edtett\u00e9k a n\u00e9metorsz\u00e1gi Frankfurt rep\u00fcl\u0151ter\u00e9nek egy r\u00e9sz\u00e9t szerda d\u00e9lel\u0151tt.<\/p>\n","protected":false},"author":1,"featured_media":0,"comment_status":"open","ping_status":"closed","sticky":false,"template":"","format":"standard","meta":[],"categories":[12],"tags":[],"_links":{"self":[{"href":"https:\/\/gazdasagportal.hu\/index.php\/wp-json\/wp\/v2\/posts\/84060"}],"collection":[{"href":"https:\/\/gazdasagportal.hu\/index.php\/wp-json\/wp\/v2\/posts"}],"about":[{"href":"https:\/\/gazdasagportal.hu\/index.php\/wp-json\/wp\/v2\/types\/post"}],"author":[{"embeddable":true,"href":"https:\/\/gazdasagportal.hu\/index.php\/wp-json\/wp\/v2\/users\/1"}],"replies":[{"embeddable":true,"href":"https:\/\/gazdasagportal.hu\/index.php\/wp-json\/wp\/v2\/comments?post=84060"}],"version-history":[{"count":1,"href":"https:\/\/gazdasagportal.hu\/index.php\/wp-json\/wp\/v2\/posts\/84060\/revisions"}],"predecessor-version":[{"id":84061,"href":"https:\/\/gazdasagportal.hu\/index.php\/wp-json\/wp\/v2\/posts\/84060\/revisions\/84061"}],"wp:attachment":[{"href":"https:\/\/gazdasagportal.hu\/index.php\/wp-json\/wp\/v2\/media?parent=84060"}],"wp:term":[{"taxonomy":"category","embeddable":true,"href":"https:\/\/gazdasagportal.hu\/index.php\/wp-json\/wp\/v2\/categories?post=84060"},{"taxonomy":"post_tag","embeddable":true,"href":"https:\/\/gazdasagportal.hu\/index.php\/wp-json\/wp\/v2\/tags?post=84060"}],"curies":[{"name":"wp","href":"https:\/\/api.w.org\/{rel}","templated":true}]}}