{"id":84043,"date":"2016-08-31T04:32:20","date_gmt":"2016-08-31T02:32:20","guid":{"rendered":"http:\/\/gazdasagportal.hu\/?p=84043"},"modified":"2016-08-30T22:21:23","modified_gmt":"2016-08-30T20:21:23","slug":"kulfoldi-sajto-magyarorszagrol-a-financial-times-a-visegradiak-es-magyarorszag-eu-politikajarol","status":"publish","type":"post","link":"https:\/\/gazdasagportal.hu\/index.php\/kulfoldi-sajto-magyarorszagrol-a-financial-times-a-visegradiak-es-magyarorszag-eu-politikajarol\/","title":{"rendered":"K\u00fclf\u00f6ldi sajt\u00f3 Magyarorsz\u00e1gr\u00f3l &#8211; A Financial Times a visegr\u00e1diak \u00e9s Magyarorsz\u00e1g EU-politik\u00e1j\u00e1r\u00f3l"},"content":{"rendered":"<p><strong>A visegr\u00e1di n\u00e9gyek \u00e9s kiemelt hangs\u00fallyal Magyarorsz\u00e1g EU-politik\u00e1j\u00e1r\u00f3l k\u00f6z\u00f6l elemz\u00e9st a Financial Times.<\/strong><!--more--><\/p>\n<div class=\"ads-in-post1\"><div id=\"gazdasagportal.hu_fullbanner_wideboard\"><\/div>\r\n<\/div>\n<p>A londoni gazdas\u00e1gi napilap online fel\u00fclet\u00e9n megjelent \u00edr\u00e1s k\u00e9t szerz\u0151je, Neil Buckley \u00e9s Henry Foy felid\u00e9zi, hogy Orb\u00e1n Viktor minisztereln\u00f6k az idei tusn\u00e1df\u00fcrd\u0151i tal\u00e1lkoz\u00f3n meg\u00e1llap\u00edtotta: az EU elvesz\u00edtette glob\u00e1lis szerep\u00e9t \u00e9s region\u00e1lis t\u00e9nyez\u0151v\u00e9 v\u00e1lt, amely k\u00e9ptelen megv\u00e9deni saj\u00e1t polg\u00e1rait \u00e9s k\u00fcls\u0151 hat\u00e1rait.<br \/>\nA Financial Times \u00edr\u00e1sa szerint a 2004 \u00f3ta uni\u00f3s tagg\u00e1 v\u00e1lt egykori kommunista orsz\u00e1gok vezet\u0151i k\u00f6z\u00fcl Orb\u00e1n Viktor b\u00edr\u00e1lja a leghangosabban az EU-t, de nincs egyed\u00fcl. V\u00e1rhat\u00f3 lenne, hogy ezek az orsz\u00e1gok, amelyek \u00e9vente eur\u00f3milli\u00e1rdokat kapnak az EU-t\u00f3l, \u00e9s gazdas\u00e1gi n\u00f6veked\u00e9s\u00fck hajt\u00f3ereje a hozz\u00e1f\u00e9r\u00e9s az uni\u00f3 egys\u00e9ges piac\u00e1hoz, Br\u00fcsszel lelkes biztat\u00f3i legyenek, \u00e1m egyesek k\u00f6z\u00fcl\u00fck nem azok. Nyugat-eur\u00f3pai \u00e9s br\u00fcsszeli illet\u00e9kesek att\u00f3l tartanak, hogy Magyarorsz\u00e1g \u00e9s Lengyelorsz\u00e1g &#8211; amelyeket egyar\u00e1nt a politikai \u00e9s a m\u00e9diaszabads\u00e1g al\u00e1\u00e1s\u00e1s\u00e1nak v\u00e1dja \u00e9rt &#8211; az EU fennhat\u00f3s\u00e1g\u00e1nak meggyeng\u00edt\u00e9s\u00e9re haszn\u00e1lhatja fel a jelenlegi helyzetet, \u00e9s az eur\u00f3pai \u00e9rt\u00e9kekr\u0151l alkotott saj\u00e1t, konzervat\u00edvabb elk\u00e9pzel\u00e9seit tolja el\u0151t\u00e9rbe &#8211; \u00e1ll a Financial Times cikk\u00e9ben.<br \/>\nA magyar minisztereln\u00f6k harcias besz\u00e9dm\u00f3dja &#8211; amelyhez Jaroslaw Kaczynski, a korm\u00e1nyz\u00f3 nemzeti konzervat\u00edv Jog \u00e9s Igazs\u00e1goss\u00e1g (PiS) p\u00e1rt eln\u00f6ke is csatlakozik &#8211; m\u00e9g a t\u00f6bbi visegr\u00e1di orsz\u00e1got \u00e9s sz\u00f6vets\u00e9geseiket is megd\u00f6bbentette &#8211; \u00e1ll a cikkben. A Financial Times id\u00e9z egy vezet\u0151 beoszt\u00e1s\u00fa szlov\u00e1k illet\u00e9kest, aki szerint Magyarorsz\u00e1g \u00e9s Lengyelorsz\u00e1g &#8222;egyre ink\u00e1bb radikaliz\u00e1l\u00f3dik&#8221;. A n\u00e9v n\u00e9lk\u00fcl id\u00e9zett szlov\u00e1k tiszts\u00e9gvisel\u0151 szerint Visegr\u00e1d nagyon hasznos f\u00f3rum, de &#8222;mind nagyobb t\u00e1vols\u00e1got kell tartanunk Budapestt\u0151l \u00e9s Vars\u00f3t\u00f3l, amelyek retorik\u00e1ja nem igaz\u00e1n hasznos&#8221;.<br \/>\nA Financial Times kit\u00e9r a kv\u00f3tareferendumra is, meg\u00e1llap\u00edtva, hogy az uni\u00f3s kv\u00f3taelk\u00e9pzel\u00e9s m\u00e1ra &#8222;gyakorlatilag kim\u00falt&#8221;, \u00e9s \u00edgy a n\u00e9pszavaz\u00e1si k\u00e9rd\u00e9s is okafogyottnak t\u0171nik, \u00e1m a referendum alkalmat teremtett egy &#8222;virulens migr\u00e1nsellenes &#8211; \u00e9s ennek kiterjeszt\u00e9sek\u00e9nt EU-ellenes &#8211; plak\u00e1tkamp\u00e1nyra&#8221; Magyarorsz\u00e1gon.<strong><a title=\"Hely megnyit\u00e1sa\" href=\"http:\/\/www.ft.com\/cms\/s\/0\/e99d3b12-6b96-11e6-a0b1-d87a9fea034f.html#axzz4InLh4O8B\" target=\"_blank\" rel=\"noopener\">http:\/\/www.ft.com\/cms\/s\/0\/e99d3b12-6b96-11e6-a0b1-d87a9fea034f.html#axzz4InLh4O8B<\/a><\/strong><\/p>\n<p>&nbsp;<\/p><div id=\"gazda-1686009526\" class=\"gazda-tartalomban gazda-entity-placement\"><script async src=\"https:\/\/pagead2.googlesyndication.com\/pagead\/js\/adsbygoogle.js\"><\/script>\r\n<ins class=\"adsbygoogle\"\r\n     style=\"display:block\"\r\n     data-ad-format=\"fluid\"\r\n     data-ad-layout-key=\"-6t+ed+2i-1n-4w\"\r\n     data-ad-client=\"ca-pub-1959107119989764\"\r\n     data-ad-slot=\"4008251320\"><\/ins>\r\n<script>\r\n     (adsbygoogle = window.adsbygoogle || []).push({});\r\n<\/script><\/div>\n<div class=\"ads-in-post1\"><div id=\"gazdasagportal.hu_fullbanner_wideboard\"><\/div>\r\n<\/div>\n&nbsp;<\/p>\n","protected":false},"excerpt":{"rendered":"<p>A visegr\u00e1di n\u00e9gyek \u00e9s kiemelt hangs\u00fallyal Magyarorsz\u00e1g EU-politik\u00e1j\u00e1r\u00f3l k\u00f6z\u00f6l elemz\u00e9st a Financial Times.<\/p>\n","protected":false},"author":1,"featured_media":49053,"comment_status":"open","ping_status":"closed","sticky":false,"template":"","format":"standard","meta":[],"categories":[146,4],"tags":[],"_links":{"self":[{"href":"https:\/\/gazdasagportal.hu\/index.php\/wp-json\/wp\/v2\/posts\/84043"}],"collection":[{"href":"https:\/\/gazdasagportal.hu\/index.php\/wp-json\/wp\/v2\/posts"}],"about":[{"href":"https:\/\/gazdasagportal.hu\/index.php\/wp-json\/wp\/v2\/types\/post"}],"author":[{"embeddable":true,"href":"https:\/\/gazdasagportal.hu\/index.php\/wp-json\/wp\/v2\/users\/1"}],"replies":[{"embeddable":true,"href":"https:\/\/gazdasagportal.hu\/index.php\/wp-json\/wp\/v2\/comments?post=84043"}],"version-history":[{"count":1,"href":"https:\/\/gazdasagportal.hu\/index.php\/wp-json\/wp\/v2\/posts\/84043\/revisions"}],"predecessor-version":[{"id":84044,"href":"https:\/\/gazdasagportal.hu\/index.php\/wp-json\/wp\/v2\/posts\/84043\/revisions\/84044"}],"wp:featuredmedia":[{"embeddable":true,"href":"https:\/\/gazdasagportal.hu\/index.php\/wp-json\/wp\/v2\/media\/49053"}],"wp:attachment":[{"href":"https:\/\/gazdasagportal.hu\/index.php\/wp-json\/wp\/v2\/media?parent=84043"}],"wp:term":[{"taxonomy":"category","embeddable":true,"href":"https:\/\/gazdasagportal.hu\/index.php\/wp-json\/wp\/v2\/categories?post=84043"},{"taxonomy":"post_tag","embeddable":true,"href":"https:\/\/gazdasagportal.hu\/index.php\/wp-json\/wp\/v2\/tags?post=84043"}],"curies":[{"name":"wp","href":"https:\/\/api.w.org\/{rel}","templated":true}]}}