{"id":84038,"date":"2016-08-31T04:47:47","date_gmt":"2016-08-31T02:47:47","guid":{"rendered":"http:\/\/gazdasagportal.hu\/?p=84038"},"modified":"2016-08-30T22:19:12","modified_gmt":"2016-08-30T20:19:12","slug":"panik-tort-ki-egy-horvat-strandon-burkiniben-furdozo-nok-miatt","status":"publish","type":"post","link":"https:\/\/gazdasagportal.hu\/index.php\/panik-tort-ki-egy-horvat-strandon-burkiniben-furdozo-nok-miatt\/","title":{"rendered":"P\u00e1nik t\u00f6rt ki egy horv\u00e1t strandon burkiniben f\u00fcrd\u0151z\u0151 n\u0151k miatt"},"content":{"rendered":"<p><strong>P\u00e1nik t\u00f6rt ki egy spliti strandon, miut\u00e1n k\u00e9t burkiniben f\u00fcrd\u0151z\u0151 n\u0151h\u00f6z f\u00e9rjeik is csatlakoztak, akik nagy fekete t\u00e1sk\u00e1kkal \u00e9rkeztek a tengerpartra, \u00e9s t\u00f6r\u00f6lk\u00f6z\u0151k helyett sporthorg\u00e1szatra alkalmas szigonypusk\u00e1kat vettek el\u0151 &#8211; \u00edrta a Slobodna Dalmacija c\u00edm\u0171 horv\u00e1t napilap kedden.<\/strong><!--more--><\/p>\n<div class=\"ads-in-post1\"><div id=\"gazdasagportal.hu_fullbanner_wideboard\"><\/div>\r\n<\/div>\n<p>    A k\u00e9t f\u00e9rfi a szigonypusk\u00e1kkal a tenger fel\u00e9 indult, amikor t\u00f6bben is \u00fagy d\u00f6nt\u00f6ttek, hogy \u00f6sszepakolnak \u00e9s elhagyj\u00e1k a strandot, sokan gyermekeikkel a karjukban siettek el a helysz\u00ednr\u0151l.<br \/>\n    Szemtan\u00fak szerint eluralkodott a p\u00e1nik a f\u00fcrd\u0151z\u00f6k k\u00f6z\u00f6tt, \u00e9s tapinthat\u00f3 volt a fesz\u00fclts\u00e9g &#8211; \u00edrta a lap.<br \/>\n    Az eset vas\u00e1rnap k\u00e9s\u0151 d\u00e9lut\u00e1n t\u00f6rt\u00e9nt, egy sz\u00e1llodal\u00e1nc strandf\u00fcrd\u0151j\u00e9n. Az esem\u00e9nyr\u0151l a hotel szem\u00e9lyzet\u00e9t is \u00e9rtes\u00edtett\u00e9k a vend\u00e9gek, akik k\u00f6z\u00f6lt\u00e9k az arab sz\u00e1rmaz\u00e1s\u00fa turist\u00e1kkal, hogy Horv\u00e1torsz\u00e1gban m\u00e1jus 1-j\u00e9t\u0151l okt\u00f3ber 1-ig tilos a hal\u00e1szat a rendezett strandok \u00e9s a kik\u00f6t\u0151k k\u00f6zel\u00e9ben.<br \/>\n    A f\u00e9rfiak ezut\u00e1n kij\u00f6ttek a v\u00edzb\u0151l, t\u00f6r\u00f6lk\u00f6z\u0151be csomagolt\u00e1k pusk\u00e1ikat, majd visszamentek a sz\u00e1llod\u00e1ba.<br \/>\n    A lap \u00fagy v\u00e9li, hogy a Horv\u00e1torsz\u00e1got is \u00e9rint\u0151 migr\u00e1nsv\u00e1ls\u00e1gnak \u00e9s a terrort\u00e1mad\u00e1soknak Eur\u00f3p\u00e1ban hat\u00e1sa van a horv\u00e1t \u00e1llampolg\u00e1rokra is.<br \/>\n    Az \u00fajs\u00e1g arr\u00f3l is \u00edr, hogy a burkini nagy vit\u00e1t v\u00e1ltott ki Franciaorsz\u00e1gban, ahol be akarj\u00e1k tiltani a teljes testet elfed\u0151 f\u00fcrd\u0151ruha visel\u00e9s\u00e9t a nyilv\u00e1nos helyeken.<br \/>\n    Az int\u00e9zked\u00e9st a franci\u00e1k azzal magyar\u00e1zz\u00e1k, hogy a burkini az egyre szaporod\u00f3 terrorista t\u00e1mad\u00e1sok miatt az emberekben k\u00e9nyelmetlen \u00e9rz\u00e9st kelt, amely a muszlimokhoz k\u00f6thet\u0151 &#8211; teszi hozz\u00e1 a lap.(MTI)<br \/>\n<div class=\"ads-in-post1\"><div id=\"gazdasagportal.hu_fullbanner_wideboard\"><\/div>\r\n<\/div>\n","protected":false},"excerpt":{"rendered":"<p>P\u00e1nik t\u00f6rt ki egy spliti strandon, miut\u00e1n k\u00e9t burkiniben f\u00fcrd\u0151z\u0151 n\u0151h\u00f6z f\u00e9rjeik is csatlakoztak, akik nagy fekete t\u00e1sk\u00e1kkal \u00e9rkeztek a tengerpartra, \u00e9s t\u00f6r\u00f6lk\u00f6z\u0151k helyett sporthorg\u00e1szatra alkalmas szigonypusk\u00e1kat vettek el\u0151 &#8211; \u00edrta a Slobodna Dalmacija c\u00edm\u0171 horv\u00e1t napilap kedden.<\/p>\n","protected":false},"author":1,"featured_media":0,"comment_status":"open","ping_status":"closed","sticky":false,"template":"","format":"standard","meta":[],"categories":[12],"tags":[],"_links":{"self":[{"href":"https:\/\/gazdasagportal.hu\/index.php\/wp-json\/wp\/v2\/posts\/84038"}],"collection":[{"href":"https:\/\/gazdasagportal.hu\/index.php\/wp-json\/wp\/v2\/posts"}],"about":[{"href":"https:\/\/gazdasagportal.hu\/index.php\/wp-json\/wp\/v2\/types\/post"}],"author":[{"embeddable":true,"href":"https:\/\/gazdasagportal.hu\/index.php\/wp-json\/wp\/v2\/users\/1"}],"replies":[{"embeddable":true,"href":"https:\/\/gazdasagportal.hu\/index.php\/wp-json\/wp\/v2\/comments?post=84038"}],"version-history":[{"count":1,"href":"https:\/\/gazdasagportal.hu\/index.php\/wp-json\/wp\/v2\/posts\/84038\/revisions"}],"predecessor-version":[{"id":84039,"href":"https:\/\/gazdasagportal.hu\/index.php\/wp-json\/wp\/v2\/posts\/84038\/revisions\/84039"}],"wp:attachment":[{"href":"https:\/\/gazdasagportal.hu\/index.php\/wp-json\/wp\/v2\/media?parent=84038"}],"wp:term":[{"taxonomy":"category","embeddable":true,"href":"https:\/\/gazdasagportal.hu\/index.php\/wp-json\/wp\/v2\/categories?post=84038"},{"taxonomy":"post_tag","embeddable":true,"href":"https:\/\/gazdasagportal.hu\/index.php\/wp-json\/wp\/v2\/tags?post=84038"}],"curies":[{"name":"wp","href":"https:\/\/api.w.org\/{rel}","templated":true}]}}