{"id":84036,"date":"2016-08-31T03:11:35","date_gmt":"2016-08-31T01:11:35","guid":{"rendered":"http:\/\/gazdasagportal.hu\/?p=84036"},"modified":"2016-08-30T22:12:15","modified_gmt":"2016-08-30T20:12:15","slug":"a-nok-nyitottabbak-az-uj-technologiakra-egy-felmeres-szerint","status":"publish","type":"post","link":"https:\/\/gazdasagportal.hu\/index.php\/a-nok-nyitottabbak-az-uj-technologiakra-egy-felmeres-szerint\/","title":{"rendered":"A n\u0151k nyitottabbak az \u00faj technol\u00f3gi\u00e1kra egy felm\u00e9r\u00e9s szerint"},"content":{"rendered":"<p><strong>A n\u0151k jobban \u00e9rdekl\u0151dnek az \u00faj technol\u00f3gi\u00e1k ir\u00e1nt, Magyarorsz\u00e1gon 32 sz\u00e1zal\u00e9kukat \u00e9rdeklik az \u00faj\u00edt\u00e1sok, m\u00edg a f\u00e9rfiakn\u00e1l 26 sz\u00e1zal\u00e9k ez az ar\u00e1ny a legt\u00f6bb koroszt\u00e1lyban, ami nagyj\u00e1b\u00f3l megfelel az eur\u00f3pai \u00e1tlagnak &#8211; der\u00fclt ki a Samsung 18 eur\u00f3pai orsz\u00e1gban, 10 ezer megk\u00e9rdezett bevon\u00e1s\u00e1val k\u00e9sz\u00fclt felm\u00e9r\u00e9s\u00e9b\u0151l.<\/strong><!--more--><\/p>\n<div class=\"ads-in-post1\"><div id=\"gazdasagportal.hu_fullbanner_wideboard\"><\/div>\r\n<\/div>\n<p>    Az MTI-hez kedden eljuttatott t\u00e1j\u00e9koztat\u00e1s szerint a n\u0151k nagyobb sz\u00e1zal\u00e9kban v\u00e1laszolt\u00e1k, hogy az \u00e9let minden ter\u00fclet\u00e9n \u00e9lvezik a technol\u00f3giai v\u00edvm\u00e1nyok el\u0151nyeit. A legszembet\u0171n\u0151bb a k\u00fcl\u00f6nbs\u00e9g a 16-24 \u00e9ves koroszt\u00e1lyban, itt a f\u00e9rfiak 3, a n\u0151k 20 sz\u00e1zal\u00e9ka mondta, hogy \u00e9lvezi az \u00faj technol\u00f3gi\u00e1k el\u0151nyeit a mindennapokban is.<br \/>\n    A felm\u00e9r\u00e9sb\u0151l kider\u00fclt, a n\u0151k ennek ellen\u00e9re gyakrabban k\u00e9nyszer\u00fclnek f\u00fcllenteni azzal kapcsolatban, hogy \u00e9rtenek-e bizonyos technol\u00f3giai szakkifejez\u00e9seket. A megk\u00e9rdezett magyar n\u0151k 11 sz\u00e1zal\u00e9ka mondta, hogy hetente legal\u00e1bb egyszer, de ink\u00e1bb t\u00f6bbsz\u00f6r el\u0151fordul vele ilyesmi, m\u00edg a f\u00e9rfiakn\u00e1l 7 sz\u00e1zal\u00e9k volt ez az ar\u00e1ny. \u00c1ll\u00e1sinterj\u00fan azonban a megk\u00e9rdezett magyar n\u0151knek m\u00e1r 11 sz\u00e1zal\u00e9ka mondta, hogy f\u00fcllent\u00e9ssel igyekezett t\u00e1j\u00e9kozottnak t\u0171nni, m\u00edg a f\u00e9rfiak 5 sz\u00e1zal\u00e9ka ker\u00fclt ilyen helyzetbe.     Belgiumban a f\u00e9rfiaknak \u00e9s a n\u0151knek is csak 6 sz\u00e1zal\u00e9ka pr\u00f3b\u00e1lta \u00edgy leplezni hi\u00e1nyos technol\u00f3giai ismereteit, D\u00e1ni\u00e1ban az ar\u00e1ny m\u00e9g enn\u00e9l is kisebb, f\u00e9rfiakn\u00e1l 3, n\u0151kn\u00e9l 2 sz\u00e1zal\u00e9k. A magyarhoz hasonl\u00f3 adatok interj\u00fahelyzetben Bulg\u00e1ri\u00e1ban jellemz\u0151ek m\u00e9g, itt a f\u00e9rfiak 4, a n\u0151k 9 sz\u00e1zal\u00e9ka f\u00fcllentett m\u00e1r technol\u00f3giai tud\u00e1s\u00e1r\u00f3l.<br \/>\n    Nyilas Orsolya, a Samsung Electronics Magyar Zrt. v\u00e1llalati kommunik\u00e1ci\u00f3s vezet\u0151je tudatta, egy\u00e9rtelm\u0171, hogy a nagyfok\u00fa \u00e9rdekl\u0151d\u00e9s\u00fcknek k\u00f6sz\u00f6nhet\u0151en a j\u00f6v\u0151ben a nemi ar\u00e1nyok egyre ink\u00e1bb kiegyenl\u00edt\u0151dnek majd. K\u00fcl\u00f6n\u00f6sen igaz ez Magyarorsz\u00e1gon a szak\u00e9rt\u0151 szerint, amit mutat az is, hogy a magyar n\u0151k 8 sz\u00e1zal\u00e9ka rendelkezik a leg\u00fajabb technol\u00f3giai ir\u00e1nyt k\u00e9pvisel\u0151 viselhet\u0151 okoseszk\u00f6z\u00f6kkel, \u00edgy alig vannak elmaradva a f\u00e9rfiakt\u00f3l, akiknek 10 sz\u00e1zal\u00e9ka haszn\u00e1l ilyen eszk\u00f6zt. Hozz\u00e1tette, ez a k\u00fcl\u00f6nbs\u00e9g az egyes nyugat-eur\u00f3pai orsz\u00e1gokban sokkal szembet\u0171n\u0151bb: 10 \u00e9s 2 sz\u00e1zal\u00e9k Ausztri\u00e1ban, illetve 9 \u00e9s 2 sz\u00e1zal\u00e9k Hollandi\u00e1ban, a f\u00e9rfiak jav\u00e1ra.<br \/>\n    A felm\u00e9r\u00e9st 2016. m\u00e1rcius 16. \u00e9s \u00e1prilis 1. k\u00f6z\u00f6tt brit, osztr\u00e1k, belga, bolg\u00e1r, n\u00e9met, d\u00e1n, finn, g\u00f6r\u00f6g, magyar, olasz, portug\u00e1l, holland, norv\u00e9g, lengyel, spanyol, rom\u00e1n, sv\u00e9d \u00e9s sv\u00e1jci feln\u0151ttek online megk\u00e9rdez\u00e9s\u00e9vel v\u00e9gezt\u00e9k. N\u00e9h\u00e1ny adat a Lightspeed GMI egyik tavaly v\u00e9gzett kieg\u00e9sz\u00edt\u0151 kutat\u00e1s\u00e1b\u00f3l sz\u00e1rmazik, amely sor\u00e1n 18 ezer 16 \u00e9v feletti feln\u0151ttet k\u00e9rdeztek meg online 2015. \u00e1prilis 21. \u00e9s m\u00e1jus 18. k\u00f6z\u00f6tt &#8211; \u00e1ll a t\u00e1j\u00e9koztat\u00e1sban.(MTI)<br \/>\n<div class=\"ads-in-post1\"><div id=\"gazdasagportal.hu_fullbanner_wideboard\"><\/div>\r\n<\/div>\n","protected":false},"excerpt":{"rendered":"<p>A n\u0151k jobban \u00e9rdekl\u0151dnek az \u00faj technol\u00f3gi\u00e1k ir\u00e1nt, Magyarorsz\u00e1gon 32 sz\u00e1zal\u00e9kukat \u00e9rdeklik az \u00faj\u00edt\u00e1sok, m\u00edg a f\u00e9rfiakn\u00e1l 26 sz\u00e1zal\u00e9k ez az ar\u00e1ny a legt\u00f6bb koroszt\u00e1lyban, ami nagyj\u00e1b\u00f3l megfelel az eur\u00f3pai \u00e1tlagnak &#8211; der\u00fclt ki a Samsung 18 eur\u00f3pai orsz\u00e1gban, 10 ezer megk\u00e9rdezett bevon\u00e1s\u00e1val k\u00e9sz\u00fclt felm\u00e9r\u00e9s\u00e9b\u0151l.<\/p>\n","protected":false},"author":1,"featured_media":0,"comment_status":"open","ping_status":"closed","sticky":false,"template":"","format":"standard","meta":[],"categories":[4],"tags":[],"_links":{"self":[{"href":"https:\/\/gazdasagportal.hu\/index.php\/wp-json\/wp\/v2\/posts\/84036"}],"collection":[{"href":"https:\/\/gazdasagportal.hu\/index.php\/wp-json\/wp\/v2\/posts"}],"about":[{"href":"https:\/\/gazdasagportal.hu\/index.php\/wp-json\/wp\/v2\/types\/post"}],"author":[{"embeddable":true,"href":"https:\/\/gazdasagportal.hu\/index.php\/wp-json\/wp\/v2\/users\/1"}],"replies":[{"embeddable":true,"href":"https:\/\/gazdasagportal.hu\/index.php\/wp-json\/wp\/v2\/comments?post=84036"}],"version-history":[{"count":1,"href":"https:\/\/gazdasagportal.hu\/index.php\/wp-json\/wp\/v2\/posts\/84036\/revisions"}],"predecessor-version":[{"id":84037,"href":"https:\/\/gazdasagportal.hu\/index.php\/wp-json\/wp\/v2\/posts\/84036\/revisions\/84037"}],"wp:attachment":[{"href":"https:\/\/gazdasagportal.hu\/index.php\/wp-json\/wp\/v2\/media?parent=84036"}],"wp:term":[{"taxonomy":"category","embeddable":true,"href":"https:\/\/gazdasagportal.hu\/index.php\/wp-json\/wp\/v2\/categories?post=84036"},{"taxonomy":"post_tag","embeddable":true,"href":"https:\/\/gazdasagportal.hu\/index.php\/wp-json\/wp\/v2\/tags?post=84036"}],"curies":[{"name":"wp","href":"https:\/\/api.w.org\/{rel}","templated":true}]}}