{"id":84034,"date":"2016-08-31T05:07:27","date_gmt":"2016-08-31T03:07:27","guid":{"rendered":"http:\/\/gazdasagportal.hu\/?p=84034"},"modified":"2016-08-31T08:08:01","modified_gmt":"2016-08-31T06:08:01","slug":"logtak-az-hivatal-vezetoi-paros-labbal-rugta-ki-a-dubaji-uralkodo","status":"publish","type":"post","link":"https:\/\/gazdasagportal.hu\/index.php\/logtak-az-hivatal-vezetoi-paros-labbal-rugta-ki-a-dubaji-uralkodo\/","title":{"rendered":"L\u00f3gtak a hivatal vezet\u0151i, p\u00e1ros l\u00e1bbal r\u00fagta ki a dubaji uralkod\u00f3"},"content":{"rendered":"<p><strong>A dubaji v\u00e1rosi korm\u00e1nyzat t\u00f6bb vezet\u0151j\u00e9t elbocs\u00e1totta Sejk Mohamed bin Ras\u00edd \u00c1l-Makt\u00fam, Dubaj uralkod\u00f3ja \u00e9s az Egyes\u00fclt Arab Em\u00edrs\u00e9gek minisztereln\u00f6ke, miut\u00e1n meglepet\u00e9sszer\u0171 l\u00e1togat\u00e1sakor nem tal\u00e1lta \u0151ket a hivatalban.<\/strong><\/p>\n<p><!--more--><\/p>\n<div class=\"ads-in-post1\"><div id=\"gazdasagportal.hu_fullbanner_wideboard\"><\/div>\r\n<\/div>\n<p>Az uralkod\u00f3 m\u00e9g vas\u00e1rnap reggel, a h\u00e9t els\u0151 munkanapj\u00e1n tett v\u00e1ratlan l\u00e1togat\u00e1st a v\u00e1rosi korm\u00e1nyzatn\u00e1l, \u00e9s az egyik hivatalban a vezet\u0151 tisztvisel\u0151k helyett csak \u00fcres sz\u00e9k\u00fcket \u00e9s asztalukat tal\u00e1lta.<br \/>\nA vil\u00e1gh\u00e1l\u00f3n k\u00f6zz\u00e9tett videofelv\u00e9telen l\u00e1that\u00f3, amint a sejk zavar\u00e1ban egy kiadv\u00e1nyt kezd el lapozgatni, mik\u00f6zben arra v\u00e1r, hogy a hivatal vezet\u0151i be\u00e9rjenek a munkahely\u00fckre. Mint kider\u00fclt, a koronaherceg feleslegesen v\u00e1rt.<br \/>\nA k\u00ednos incidens nyom\u00e1n \u00c1l-Makt\u00fam h\u00e9tf\u0151n kilenc magas rang\u00fa k\u00f6ztisztvisel\u0151t menesztett: a jogi tan\u00e1csad\u00f3t, a jogi \u00fcgyek igazgat\u00f3j\u00e1t \u00e9s helyettes\u00e9t, s tov\u00e1bbi hat oszt\u00e1lyvezet\u0151t.<br \/>\nHivatal\u00e1nak k\u00f6zlem\u00e9nye szerint az uralkod\u00f3 megk\u00f6sz\u00f6nte a kilenc vezet\u0151 kor\u00e1bbi munk\u00e1j\u00e1t, \u00e9s &#8222;sok szerencs\u00e9t k\u00edv\u00e1nt nekik&#8221;. A k\u00f6zlem\u00e9ny lesz\u00f6gezi: a d\u00f6nt\u00e9s t\u00fckr\u00f6zi a sejk azon sz\u00e1nd\u00e9k\u00e1t, hogy &#8222;fiatal vezet\u0151k \u00faj gener\u00e1ci\u00f3ja vehesse v\u00e1ll\u00e1ra a fejl\u0151d\u00e9s k\u00f6vetkez\u0151 szakasz\u00e1val j\u00e1r\u00f3 felel\u0151ss\u00e9get&#8221;.(MTI)<br \/>\n<strong><a title=\"Hely megnyit\u00e1sa\" href=\"https:\/\/twitter.com\/DXBMediaOffice\/status\/769816144551247876\" target=\"_blank\" rel=\"noopener\">https:\/\/twitter.com\/DXBMediaOffice\/status\/769816144551247876<\/a><\/strong><\/p>\n<p>&nbsp;<\/p><div id=\"gazda-2369844717\" class=\"gazda-tartalomban gazda-entity-placement\"><script async src=\"https:\/\/pagead2.googlesyndication.com\/pagead\/js\/adsbygoogle.js\"><\/script>\r\n<ins class=\"adsbygoogle\"\r\n     style=\"display:block\"\r\n     data-ad-format=\"fluid\"\r\n     data-ad-layout-key=\"-6t+ed+2i-1n-4w\"\r\n     data-ad-client=\"ca-pub-1959107119989764\"\r\n     data-ad-slot=\"4008251320\"><\/ins>\r\n<script>\r\n     (adsbygoogle = window.adsbygoogle || []).push({});\r\n<\/script><\/div>\n<div class=\"ads-in-post1\"><div id=\"gazdasagportal.hu_fullbanner_wideboard\"><\/div>\r\n<\/div>\n","protected":false},"excerpt":{"rendered":"<p>A dubaji v\u00e1rosi korm\u00e1nyzat t\u00f6bb vezet\u0151j\u00e9t elbocs\u00e1totta Sejk Mohamed bin Ras\u00edd \u00c1l-Makt\u00fam, Dubaj uralkod\u00f3ja \u00e9s az Egyes\u00fclt Arab Em\u00edrs\u00e9gek minisztereln\u00f6ke, miut\u00e1n meglepet\u00e9sszer\u0171 l\u00e1togat\u00e1sakor nem tal\u00e1lta \u0151ket a hivatalban.<\/p>\n","protected":false},"author":1,"featured_media":0,"comment_status":"open","ping_status":"closed","sticky":false,"template":"","format":"standard","meta":[],"categories":[246],"tags":[],"_links":{"self":[{"href":"https:\/\/gazdasagportal.hu\/index.php\/wp-json\/wp\/v2\/posts\/84034"}],"collection":[{"href":"https:\/\/gazdasagportal.hu\/index.php\/wp-json\/wp\/v2\/posts"}],"about":[{"href":"https:\/\/gazdasagportal.hu\/index.php\/wp-json\/wp\/v2\/types\/post"}],"author":[{"embeddable":true,"href":"https:\/\/gazdasagportal.hu\/index.php\/wp-json\/wp\/v2\/users\/1"}],"replies":[{"embeddable":true,"href":"https:\/\/gazdasagportal.hu\/index.php\/wp-json\/wp\/v2\/comments?post=84034"}],"version-history":[{"count":2,"href":"https:\/\/gazdasagportal.hu\/index.php\/wp-json\/wp\/v2\/posts\/84034\/revisions"}],"predecessor-version":[{"id":84049,"href":"https:\/\/gazdasagportal.hu\/index.php\/wp-json\/wp\/v2\/posts\/84034\/revisions\/84049"}],"wp:attachment":[{"href":"https:\/\/gazdasagportal.hu\/index.php\/wp-json\/wp\/v2\/media?parent=84034"}],"wp:term":[{"taxonomy":"category","embeddable":true,"href":"https:\/\/gazdasagportal.hu\/index.php\/wp-json\/wp\/v2\/categories?post=84034"},{"taxonomy":"post_tag","embeddable":true,"href":"https:\/\/gazdasagportal.hu\/index.php\/wp-json\/wp\/v2\/tags?post=84034"}],"curies":[{"name":"wp","href":"https:\/\/api.w.org\/{rel}","templated":true}]}}