{"id":84030,"date":"2016-08-31T04:17:14","date_gmt":"2016-08-31T02:17:14","guid":{"rendered":"http:\/\/gazdasagportal.hu\/?p=84030"},"modified":"2016-08-30T22:19:04","modified_gmt":"2016-08-30T20:19:04","slug":"egyre-veszelyesebbek-az-europaba-vezeto-tengeri-migracios-utvonalak","status":"publish","type":"post","link":"https:\/\/gazdasagportal.hu\/index.php\/egyre-veszelyesebbek-az-europaba-vezeto-tengeri-migracios-utvonalak\/","title":{"rendered":"Egyre vesz\u00e9lyesebbek az Eur\u00f3p\u00e1ba vezet\u0151 tengeri migr\u00e1ci\u00f3s \u00fatvonalak"},"content":{"rendered":"<p><strong>Egyre vesz\u00e9lyesebbek az Eur\u00f3p\u00e1ba vezet\u0151 tengeri migr\u00e1ci\u00f3s \u00fatvonalak, m\u00edg tavaly minden 276.  ember vesztette \u00e9let\u00e9t az \u00e1tkel\u00e9s k\u00f6zben, id\u00e9n m\u00e1r minden 85. &#8211; \u00edrta a Die Welt c\u00edm\u0171 n\u00e9met lap a Nemzetk\u00f6zi Migr\u00e1ci\u00f3s Szervezet (IOM) becsl\u00e9s\u00e9t ismertetve kedden.<br \/>\n<\/strong><!--more--><\/p>\n<div class=\"ads-in-post1\"><div id=\"gazdasagportal.hu_fullbanner_wideboard\"><\/div>\r\n<\/div>\n    A hal\u00e1los \u00e1ldozatok sz\u00e1m\u00e1nak n\u00f6veked\u00e9se az IOM szerint annak tulajdon\u00edthat\u00f3, hogy a mindink\u00e1bb g\u00e1tl\u00e1stalan embercsemp\u00e9szek egyre t\u00f6bb embert ind\u00edtanak \u00fatnak ny\u00edlt tengeri k\u00f6zleked\u00e9sre alkalmatlan haj\u00f3kon, \u00e9s egyre t\u00f6bben indulnak el Egyiptomb\u00f3l, ahonnan k\u00fcl\u00f6n\u00f6sen vesz\u00e9lyes \u00e9s hossz\u00fa tengeri \u00fat vezet Eur\u00f3p\u00e1ba.<br \/>\n    Tavaly \u00e9s az idei els\u0151 f\u00e9l \u00e9vben egy\u00fcttv\u00e9ve mintegy 6600-an vesztett\u00e9k \u00e9let\u00fcket vagy t\u0171ntek el a tengeri \u00e1tkel\u00e9s k\u00f6zben, de ezek csak a dokument\u00e1lt esetek &#8211; mondta a Die Weltnek Simon Robins, az IOM szak\u00e9rt\u0151je, kiemelve, hogy az eur\u00f3pai nyilv\u00e1noss\u00e1g el\u0151tt zajl\u00f3 katasztr\u00f3fa m\u00f6g\u00f6tt van egy &#8222;l\u00e1thatatlan&#8221; katasztr\u00f3fa is, amelynek hal\u00e1los \u00e1ldozatait nem tal\u00e1lj\u00e1k meg.<br \/>\n    Az IOM elemz\u00e9se szerint a p\u00e9ld\u00e1tlan humanit\u00e1rius v\u00e1ls\u00e1gban t\u00falterhelt olasz \u00e9s g\u00f6r\u00f6g hat\u00f3s\u00e1gok nem tesznek meg mindent a tengerb\u0151l vagy haj\u00f3roncsokb\u00f3l kiemelt holttestek azonos\u00edt\u00e1s\u00e1\u00e9rt \u00e9s a hozz\u00e1tartoz\u00f3k t\u00e1j\u00e9koztat\u00e1s\u00e1\u00e9rt. Az er\u0151forr\u00e1sokat az emberek kiment\u00e9s\u00e9re, ell\u00e1t\u00e1sukra \u00e9s az embercsemp\u00e9szek kisz\u0171r\u00e9s\u00e9re \u00f6sszpontos\u00edtj\u00e1k. Arra m\u00e9g mindig nincsen szab\u00e1lyozott elj\u00e1r\u00e1s, hogy mi a teend\u0151 a holtestekkel, \u00e9s eg\u00e9szen a legut\u00f3bbi id\u0151kig a halottak nyilv\u00e1ntart\u00e1s\u00e1ra \u00e9s eltemet\u00e9s\u00fckre sem volt szabv\u00e1nyos elj\u00e1r\u00e1si rend.<br \/>\n    Az IOM szak\u00e9rt\u0151i szerint a nemzetk\u00f6zi k\u00f6z\u00f6ss\u00e9gnek l\u00e9pnie kell, egy glob\u00e1lis h\u00e1l\u00f3zatot, int\u00e9zm\u00e9nyrendszert kell kialak\u00edtani az elt\u0171ntek \u00e9s elhunytak sors\u00e1nak felt\u00e1r\u00e1s\u00e1ra \u00e9s a hozz\u00e1tartoz\u00f3k t\u00e1j\u00e9koztat\u00e1s\u00e1ra.<br \/>\n    Az IOM a Die Weltben ismertetett tanulm\u00e1nyt\u00f3l f\u00fcggetlen\u00fcl kedden k\u00f6z\u00f6lte, hogy augusztus 28-ig 3165 ember halt meg vagy t\u0171nt el a F\u00f6ldk\u00f6zi-tengerben \u00e1tkel\u00e9s k\u00f6zben, ami 509-cel t\u00f6bb az egy \u00e9vvel kor\u00e1bbin\u00e1l, holott az \u00e9rkez\u0151k sz\u00e1ma cs\u00f6kkent: 272 070 menek\u00fclt \u00e9rkezett tengeri \u00faton Eur\u00f3p\u00e1ba id\u00e9n, m\u00edg az el\u0151z\u0151 \u00e9v azonos id\u0151szak\u00e1ban b\u0151 80 ezerrel t\u00f6bben, 354 618-an \u00e9rkeztek.(MTI)<\/p>\n<div class=\"ads-in-post1\"><div id=\"gazdasagportal.hu_fullbanner_wideboard\"><\/div>\r\n<\/div>\n","protected":false},"excerpt":{"rendered":"<p>Egyre vesz\u00e9lyesebbek az Eur\u00f3p\u00e1ba vezet\u0151 tengeri migr\u00e1ci\u00f3s \u00fatvonalak, m\u00edg tavaly minden 276. ember vesztette \u00e9let\u00e9t az \u00e1tkel\u00e9s k\u00f6zben, id\u00e9n m\u00e1r minden 85. &#8211; \u00edrta a Die Welt c\u00edm\u0171 n\u00e9met lap a Nemzetk\u00f6zi Migr\u00e1ci\u00f3s Szervezet (IOM) becsl\u00e9s\u00e9t ismertetve kedden.<\/p>\n","protected":false},"author":1,"featured_media":0,"comment_status":"open","ping_status":"closed","sticky":false,"template":"","format":"standard","meta":[],"categories":[12],"tags":[],"_links":{"self":[{"href":"https:\/\/gazdasagportal.hu\/index.php\/wp-json\/wp\/v2\/posts\/84030"}],"collection":[{"href":"https:\/\/gazdasagportal.hu\/index.php\/wp-json\/wp\/v2\/posts"}],"about":[{"href":"https:\/\/gazdasagportal.hu\/index.php\/wp-json\/wp\/v2\/types\/post"}],"author":[{"embeddable":true,"href":"https:\/\/gazdasagportal.hu\/index.php\/wp-json\/wp\/v2\/users\/1"}],"replies":[{"embeddable":true,"href":"https:\/\/gazdasagportal.hu\/index.php\/wp-json\/wp\/v2\/comments?post=84030"}],"version-history":[{"count":1,"href":"https:\/\/gazdasagportal.hu\/index.php\/wp-json\/wp\/v2\/posts\/84030\/revisions"}],"predecessor-version":[{"id":84031,"href":"https:\/\/gazdasagportal.hu\/index.php\/wp-json\/wp\/v2\/posts\/84030\/revisions\/84031"}],"wp:attachment":[{"href":"https:\/\/gazdasagportal.hu\/index.php\/wp-json\/wp\/v2\/media?parent=84030"}],"wp:term":[{"taxonomy":"category","embeddable":true,"href":"https:\/\/gazdasagportal.hu\/index.php\/wp-json\/wp\/v2\/categories?post=84030"},{"taxonomy":"post_tag","embeddable":true,"href":"https:\/\/gazdasagportal.hu\/index.php\/wp-json\/wp\/v2\/tags?post=84030"}],"curies":[{"name":"wp","href":"https:\/\/api.w.org\/{rel}","templated":true}]}}