{"id":84028,"date":"2016-08-31T04:04:45","date_gmt":"2016-08-31T02:04:45","guid":{"rendered":"http:\/\/gazdasagportal.hu\/?p=84028"},"modified":"2016-08-30T22:02:21","modified_gmt":"2016-08-30T20:02:21","slug":"kulfoldi-sajto-magyarorszagrol-a-hitelminositok-is-elismerik-az-orban-kormany-gazdasagpolitikajat","status":"publish","type":"post","link":"https:\/\/gazdasagportal.hu\/index.php\/kulfoldi-sajto-magyarorszagrol-a-hitelminositok-is-elismerik-az-orban-kormany-gazdasagpolitikajat\/","title":{"rendered":"K\u00fclf\u00f6ldi sajt\u00f3 Magyarorsz\u00e1gr\u00f3l &#8211; A hitelmin\u0151s\u00edt\u0151k is elismerik az Orb\u00e1n-korm\u00e1ny gazdas\u00e1gpolitik\u00e1j\u00e1t"},"content":{"rendered":"<p><strong>A magyar korm\u00e1ny sikeres gazdas\u00e1gpolitik\u00e1j\u00e1r\u00f3l \u00edrt keddi sz\u00e1m\u00e1ban a tekint\u00e9lyes n\u00e9met Frankfurter Allgemeine Zeitung.<\/strong><!--more--><\/p>\n<div class=\"ads-in-post1\"><div id=\"gazdasagportal.hu_fullbanner_wideboard\"><\/div>\r\n<\/div>\n<p>    A kelet-k\u00f6z\u00e9p-eur\u00f3pai orsz\u00e1gok, Lengyelorsz\u00e1g, Magyarorsz\u00e1g, Csehorsz\u00e1g \u00e9s Szlov\u00e1kia nemcsak a menek\u00fcltk\u00e9rd\u00e9sben el\u0151zik meg Eur\u00f3p\u00e1t \u00e9s N\u00e9metorsz\u00e1got, hanem a gazdas\u00e1g ter\u00fclet\u00e9n is az EU \u00e9llovasai &#8211; \u00edrta Christian Geinitz, a lap b\u00e9csi tud\u00f3s\u00edt\u00f3ja.<br \/>\n    Mik\u00f6zben az EU \u00f6sszes\u00edtett hazai \u00f6sszterm\u00e9k\u00e9nek (GDP) a n\u00f6veked\u00e9se re\u00e1l\u00e9rt\u00e9ken 2 sz\u00e1zal\u00e9k k\u00f6r\u00fcl volt 2015-ben &#8211; az eur\u00f3\u00f6vezet\u00e9 1,7 sz\u00e1zal\u00e9k -, a keleti EU-tag\u00e1llamok\u00e9 3,7 sz\u00e1zal\u00e9k volt. Az Eur\u00f3pai Bizotts\u00e1g id\u00e9n \u00e9s j\u00f6v\u0151re is legfeljebb 1,9 sz\u00e1zal\u00e9kos n\u00f6veked\u00e9st v\u00e1r az EU-28-ak \u00e1tlag\u00e1ban, a visegr\u00e1di orsz\u00e1gokban a n\u00e9metorsz\u00e1gi 1,6 sz\u00e1zal\u00e9knak a dupl\u00e1ja lesz a b\u0151v\u00fcl\u00e9s.<br \/>\n    A cikk szerint a r\u00e9gi\u00f3 f\u0151 hajt\u00f3ereje Lengyelorsz\u00e1g, de Magyarorsz\u00e1g is stabilan n\u00f6vekszik. A tavalyi 2,9 sz\u00e1zal\u00e9k ut\u00e1n id\u00e9n 2,5 sz\u00e1zal\u00e9k, 2017-ben 2,8 sz\u00e1zal\u00e9k lehet a GDP-n\u00f6veked\u00e9s. Az \u00e1llamh\u00e1ztart\u00e1si hi\u00e1ny id\u00e9n 1,8 sz\u00e1zal\u00e9kra cs\u00f6kken a tavalyi 2 sz\u00e1zal\u00e9kr\u00f3l. A jegybanki alapkamat m\u00e1jusban 0,9 sz\u00e1zal\u00e9kra cs\u00f6kkent. Az ad\u00f3bev\u00e9telek csak \u00fagy \u00f6mlenek, a forint stabil. A Fitch hitelmin\u0151s\u00edt\u0151 m\u00e1jusban &#8211; \u00f6t \u00e9v ut\u00e1n &#8211; visszaemelte a befektet\u00e9sre aj\u00e1nlott kateg\u00f3ri\u00e1ba az orsz\u00e1g \u00e1llamad\u00f3s-besorol\u00e1s\u00e1t.<br \/>\n    &#8222;Ez a pecs\u00e9t n\u00e9lk\u00fcl\u00f6zhetetlen bizonyos befektet\u0151knek, \u00e9s friss p\u00e9nzt \u00e1ramoltat az orsz\u00e1gba&#8221; &#8211; jegyezte meg az FAZ tud\u00f3s\u00edt\u00f3ja.<br \/>\n    Novemberben a h\u00e1rom nagy nemzetk\u00f6zi hitelmin\u0151s\u00edt\u0151b\u0151l m\u00e1sodikk\u00e9nt a Moody&#8217;s-n\u00e1l is visszaker\u00fclhet Magyarorsz\u00e1g a befektet\u00e9sre aj\u00e1nlott kateg\u00f3ri\u00e1ba &#8211; eml\u00e9keztetett.<br \/>\n    A Fitch t\u00f6bbek k\u00f6z\u00f6tt az \u00e1llamad\u00f3ss\u00e1g le\u00e9p\u00edt\u00e9s\u00e9t \u00e9s a bankszektor helyzet\u00e9nek javul\u00e1s\u00e1t dics\u00e9rte. Az \u00e1llamad\u00f3ss\u00e1g-r\u00e1ta majdnem k\u00e9t sz\u00e1zal\u00e9kponttal, 77 sz\u00e1zal\u00e9kra cs\u00f6kkent 2016 m\u00e1sodik negyed\u00e9v\u00e9ben &#8211; jegyezte meg a n\u00e9met lap.<br \/>\n    Noha az \u00e9v elej\u00e9n nem volt r\u00f3zs\u00e1s a helyzet, a budapesti korm\u00e1ny \u00e9s a k\u00f6zponti bank monet\u00e1ris \u00e9s fisk\u00e1lis politikai eszk\u00f6z\u00f6kkel eg\u00e9szen sikeresen \u00e9l\u00e9nk\u00edtette a gazdas\u00e1got &#8211; \u00edrta az FAZ.<br \/>\n    \u0150szre \u00fajabb, n\u00f6veked\u00e9st serkent\u0151 csomagot terveznek &#8211; tette hozz\u00e1.<br \/>\n    A magyar gazdas\u00e1gi n\u00f6veked\u00e9st mindenekel\u0151tt a belf\u00f6ldi fogyaszt\u00e1s hajtja. A munkan\u00e9lk\u00fclis\u00e9g cs\u00f6kken, a tavalyi 6,8 sz\u00e1zal\u00e9kr\u00f3l id\u00e9n az Erste Bank el\u0151rejelz\u00e9se szerint 5,6 sz\u00e1zal\u00e9kra, j\u00f6v\u0151re 5,4 sz\u00e1zal\u00e9kra. A h\u00e1ztart\u00e1sok fogyaszt\u00e1s\u00e1nak tov\u00e1bbi impulzusokat ad az \u00faj \u00e9p\u00edt\u00e9s\u0171 lak\u00e1sok ut\u00e1n fizetend\u0151 \u00e1fa cs\u00f6kkent\u00e9se, az olcs\u00f3bb lak\u00e1shitel \u00e9s egy \u00fajonnan bevezetett csal\u00e1di t\u00e1mogat\u00e1s &#8211; \u00edrta cikk\u00e9ben a frankfurti lap.<br \/>\n    Emellett ism\u00e9t n\u0151 az ipar teljes\u00edtm\u00e9nye \u00e9s az export is, azut\u00e1n, hogy az els\u0151 negyed\u00e9vben megtorpant a Magyarorsz\u00e1gnak fontos aut\u00f3ipari gy\u00e1rt\u00e1s \u00e9s besz\u00e1ll\u00edt\u00e1s. A Mercedes nemr\u00e9giben bejelentette, hogy \u00faj \u00fczemet \u00e9p\u00edt Kecskem\u00e9ten. Az egymilli\u00e1rd eur\u00f3s beruh\u00e1z\u00e1s 2500 \u00faj munkahelyet teremt &#8211; eml\u00e9keztetett a lap.<br \/>\n    Mint \u00edrta, a n\u00e9met befektet\u0151k egy\u00e9bk\u00e9nt is nagyon szeretik Magyarorsz\u00e1got: a n\u00e9met kereskedelmi kamara felm\u00e9r\u00e9se szerint 11 \u00e9ves cs\u00facson van a Magyarorsz\u00e1gon akt\u00edv n\u00e9met v\u00e1llalkoz\u00e1sok k\u00f6r\u00e9ben a saj\u00e1t helyzet\u00fcket \u00e9s a magyar gazdas\u00e1g helyzet\u00e9t meg\u00edt\u00e9l\u0151 index.<br \/>\n    Mindezek f\u00e9ny\u00e9ben nem csoda, hogy megugrott a r\u00e9szv\u00e9nyv\u00e1s\u00e1rl\u00e1si kedv; &#8222;jelenleg az EU-ban egyetlen m\u00e1s t\u0151zsd\u00e9nek sem megy olyan j\u00f3l, mint a budapesti b\u00f6rz\u00e9nek&#8221; &#8211; \u00edrta az FAZ.<br \/>\n    A BUX &#8211; miut\u00e1n tavaly is j\u00f3 \u00e9vet z\u00e1rt &#8211; id\u00e9n az \u00e9v eleje \u00f3ta 16 sz\u00e1zal\u00e9kot javult, mik\u00f6zben a frankfurti Dax-index vagy az eur\u00f3\u00f6vezeti blue-chipeket tartalmaz\u00f3 EuroStoxx50 mutat\u00f3 nem \u00e9ri el \u00e9v eleji szintj\u00e9t.(MTI)<\/p>\n<div class=\"ads-in-post1\"><div id=\"gazdasagportal.hu_fullbanner_wideboard\"><\/div>\r\n<\/div>\n","protected":false},"excerpt":{"rendered":"<p>A magyar korm\u00e1ny sikeres gazdas\u00e1gpolitik\u00e1j\u00e1r\u00f3l \u00edrt keddi sz\u00e1m\u00e1ban a tekint\u00e9lyes n\u00e9met Frankfurter Allgemeine Zeitung.<\/p>\n","protected":false},"author":1,"featured_media":50232,"comment_status":"open","ping_status":"closed","sticky":false,"template":"","format":"standard","meta":[],"categories":[146,19],"tags":[],"_links":{"self":[{"href":"https:\/\/gazdasagportal.hu\/index.php\/wp-json\/wp\/v2\/posts\/84028"}],"collection":[{"href":"https:\/\/gazdasagportal.hu\/index.php\/wp-json\/wp\/v2\/posts"}],"about":[{"href":"https:\/\/gazdasagportal.hu\/index.php\/wp-json\/wp\/v2\/types\/post"}],"author":[{"embeddable":true,"href":"https:\/\/gazdasagportal.hu\/index.php\/wp-json\/wp\/v2\/users\/1"}],"replies":[{"embeddable":true,"href":"https:\/\/gazdasagportal.hu\/index.php\/wp-json\/wp\/v2\/comments?post=84028"}],"version-history":[{"count":1,"href":"https:\/\/gazdasagportal.hu\/index.php\/wp-json\/wp\/v2\/posts\/84028\/revisions"}],"predecessor-version":[{"id":84029,"href":"https:\/\/gazdasagportal.hu\/index.php\/wp-json\/wp\/v2\/posts\/84028\/revisions\/84029"}],"wp:featuredmedia":[{"embeddable":true,"href":"https:\/\/gazdasagportal.hu\/index.php\/wp-json\/wp\/v2\/media\/50232"}],"wp:attachment":[{"href":"https:\/\/gazdasagportal.hu\/index.php\/wp-json\/wp\/v2\/media?parent=84028"}],"wp:term":[{"taxonomy":"category","embeddable":true,"href":"https:\/\/gazdasagportal.hu\/index.php\/wp-json\/wp\/v2\/categories?post=84028"},{"taxonomy":"post_tag","embeddable":true,"href":"https:\/\/gazdasagportal.hu\/index.php\/wp-json\/wp\/v2\/tags?post=84028"}],"curies":[{"name":"wp","href":"https:\/\/api.w.org\/{rel}","templated":true}]}}