{"id":84010,"date":"2016-08-30T14:28:15","date_gmt":"2016-08-30T12:28:15","guid":{"rendered":"http:\/\/gazdasagportal.hu\/?p=84010"},"modified":"2016-08-30T14:28:15","modified_gmt":"2016-08-30T12:28:15","slug":"a-waberers-novelte-arbevetelet-az-elso-fel-eveben","status":"publish","type":"post","link":"https:\/\/gazdasagportal.hu\/index.php\/a-waberers-novelte-arbevetelet-az-elso-fel-eveben\/","title":{"rendered":"A Waberer&#8217;s n\u00f6velte \u00e1rbev\u00e9tel\u00e9t az els\u0151 f\u00e9l \u00e9v\u00e9ben"},"content":{"rendered":"<p><strong>A Waberer&#8217;s International Zrt. \u00e1rbev\u00e9tele 6,4 sz\u00e1zal\u00e9kkal 276,4 milli\u00f3 eur\u00f3ra n\u0151tt 2016 els\u0151 hat h\u00f3napj\u00e1ban az el\u0151z\u0151 \u00e9v azonos id\u0151szak\u00e1hoz k\u00e9pest &#8211; k\u00f6z\u00f6lte a k\u00f6z\u00fati fuvaroz\u00f3 v\u00e1llalat kedden az MTI-vel. <\/strong><!--more--><\/p>\n<div class=\"ads-in-post1\"><div id=\"gazdasagportal.hu_fullbanner_wideboard\"><\/div>\r\n<\/div>\n<p>    A k\u00f6zlem\u00e9ny szerint a Waberer&#8217;s kamionjai 2016 els\u0151 f\u00e9l \u00e9v\u00e9ben 1 milli\u00f3 121 ezer fuvarmegb\u00edz\u00e1st teljes\u00edtettek, ami t\u00f6bb mint 30 sz\u00e1zal\u00e9kkal haladja meg a c\u00e9g egy \u00e9vvel kor\u00e1bbi teljes\u00edtm\u00e9ny\u00e9t.<br \/>\n    A v\u00e1llalat saj\u00e1t tulajdon\u00fa, 3500 egys\u00e9gb\u0151l \u00e1ll\u00f3 flott\u00e1j\u00e1nak fut\u00e1steljes\u00edtm\u00e9nye a vizsg\u00e1lt id\u0151szakban 222 milli\u00f3 kilom\u00e9ter volt, csaknem 9 milli\u00f3 kilom\u00e9terrel t\u00f6bb, mint 2015 els\u0151 f\u00e9l \u00e9v\u00e9ben.<br \/>\n    Arr\u00f3l is besz\u00e1moltak, hogy a t\u00e1rsas\u00e1g az \u00e9v els\u0151 fel\u00e9ben 10 sz\u00e1zal\u00e9kkal n\u00f6velte a g\u00e9pj\u00e1rm\u0171vezet\u0151i \u00e1llom\u00e1nyt az el\u0151z\u0151 \u00e9v azonos id\u0151szak\u00e1hoz k\u00e9pest, tov\u00e1bb\u00e1 az eg\u00e9sz Eur\u00f3p\u00e1ban uralkod\u00f3 sof\u0151rhi\u00e1nyra a Waberer&#8217;s a g\u00e9pj\u00e1rm\u0171vezet\u0151i j\u00f6vedelmek 15 sz\u00e1zal\u00e9kos n\u00f6vel\u00e9s\u00e9vel reag\u00e1lt.<br \/>\n    Hozz\u00e1tett\u00e9k, hogy \u00faj g\u00e9pj\u00e1rm\u0171vek beszerz\u00e9s\u00e9vel a t\u00e1rsas\u00e1g meg\u0151rizte a vontat\u00f3park k\u00e9t\u00e9vesn\u00e9l fiatalabb \u00e1tlag\u00e9letkor\u00e1t.     A k\u00f6zlem\u00e9nyben eml\u00e9keztetnek, hogy a Mid Europa Partners (MEP) mag\u00e1nt\u0151ke-befektet\u00e9si alap 2016 j\u00falius\u00e1ban 97,1 sz\u00e1zal\u00e9kra n\u00f6velte r\u00e9szesed\u00e9s\u00e9t a v\u00e1llalatban, miut\u00e1n megv\u00e1s\u00e1rolta W\u00e1berer Gy\u00f6rgy alap\u00edt\u00f3-vez\u00e9rigazgat\u00f3 r\u00e9szv\u00e9nyeit.<br \/>\n    A Waberer&#8217;s International Zrt. szolg\u00e1ltat\u00e1sai kiterjednek a logisztika valamennyi ter\u00fclet\u00e9re a k\u00f6z\u00fati fuvaroz\u00e1st\u00f3l a rakt\u00e1rlogisztik\u00e1n kereszt\u00fcl a j\u00e1rm\u0171jav\u00edt\u00e1sig. A t\u00e1rsas\u00e1gnak Franciaorsz\u00e1gban, az Egyes\u00fclt Kir\u00e1lys\u00e1gban, N\u00e9metorsz\u00e1gban, Olaszorsz\u00e1gban, Lengyelorsz\u00e1gban, Rom\u00e1ni\u00e1ban \u00e9s Szlov\u00e1ki\u00e1ban m\u0171k\u00f6dnek le\u00e1nyv\u00e1llalatai.<br \/>\n    A Waberer&#8217;s kor\u00e1bbi k\u00f6zl\u00e9se szerint a t\u00e1rsas\u00e1g tavalyi \u00e1rbev\u00e9tele 5,3 sz\u00e1zal\u00e9kkal, 522,5 milli\u00f3 eur\u00f3ra emelkedett, m\u00e9rleg szerinti eredm\u00e9nye el\u00e9rte a 12,4 milli\u00f3 eur\u00f3t, 12,1 sz\u00e1zal\u00e9kkal n\u0151tt a megel\u0151z\u0151 \u00e9vhez k\u00e9pest. (MTI)<\/p>\n","protected":false},"excerpt":{"rendered":"<p>A Waberer&#8217;s International Zrt. \u00e1rbev\u00e9tele 6,4 sz\u00e1zal\u00e9kkal 276,4 milli\u00f3 eur\u00f3ra n\u0151tt 2016 els\u0151 hat h\u00f3napj\u00e1ban az el\u0151z\u0151 \u00e9v azonos id\u0151szak\u00e1hoz k\u00e9pest &#8211; k\u00f6z\u00f6lte a k\u00f6z\u00fati fuvaroz\u00f3 v\u00e1llalat kedden az MTI-vel.<\/p>\n","protected":false},"author":1,"featured_media":0,"comment_status":"open","ping_status":"closed","sticky":false,"template":"","format":"standard","meta":[],"categories":[19],"tags":[],"_links":{"self":[{"href":"https:\/\/gazdasagportal.hu\/index.php\/wp-json\/wp\/v2\/posts\/84010"}],"collection":[{"href":"https:\/\/gazdasagportal.hu\/index.php\/wp-json\/wp\/v2\/posts"}],"about":[{"href":"https:\/\/gazdasagportal.hu\/index.php\/wp-json\/wp\/v2\/types\/post"}],"author":[{"embeddable":true,"href":"https:\/\/gazdasagportal.hu\/index.php\/wp-json\/wp\/v2\/users\/1"}],"replies":[{"embeddable":true,"href":"https:\/\/gazdasagportal.hu\/index.php\/wp-json\/wp\/v2\/comments?post=84010"}],"version-history":[{"count":1,"href":"https:\/\/gazdasagportal.hu\/index.php\/wp-json\/wp\/v2\/posts\/84010\/revisions"}],"predecessor-version":[{"id":84011,"href":"https:\/\/gazdasagportal.hu\/index.php\/wp-json\/wp\/v2\/posts\/84010\/revisions\/84011"}],"wp:attachment":[{"href":"https:\/\/gazdasagportal.hu\/index.php\/wp-json\/wp\/v2\/media?parent=84010"}],"wp:term":[{"taxonomy":"category","embeddable":true,"href":"https:\/\/gazdasagportal.hu\/index.php\/wp-json\/wp\/v2\/categories?post=84010"},{"taxonomy":"post_tag","embeddable":true,"href":"https:\/\/gazdasagportal.hu\/index.php\/wp-json\/wp\/v2\/tags?post=84010"}],"curies":[{"name":"wp","href":"https:\/\/api.w.org\/{rel}","templated":true}]}}