{"id":840,"date":"2013-01-23T13:25:23","date_gmt":"2013-01-23T12:25:23","guid":{"rendered":"http:\/\/stockportal.hu\/?p=840"},"modified":"2013-01-23T13:25:23","modified_gmt":"2013-01-23T12:25:23","slug":"az-egyiptomba-keszuloket-figyelmezteti-a-kulugyminiszterium","status":"publish","type":"post","link":"https:\/\/gazdasagportal.hu\/index.php\/az-egyiptomba-keszuloket-figyelmezteti-a-kulugyminiszterium\/","title":{"rendered":"Az Egyiptomba k\u00e9sz\u00fcl\u0151ket figyelmezteti a K\u00fcl\u00fcgyminiszt\u00e9rium"},"content":{"rendered":"<p><strong>Arra k\u00e9ri a K\u00fcl\u00fcgyminiszt\u00e9rium konzuli szolg\u00e1lata az Egyiptomba k\u00e9sz\u00fcl\u0151 vagy ott tart\u00f3zkod\u00f3 magyar \u00e1llampolg\u00e1rokat, hogy az arab tavasz esem\u00e9nyeinek m\u00e1sodik \u00e9vfordul\u00f3ja, janu\u00e1r 25. k\u00f6zeledt\u00e9vel legyenek k\u00fcl\u00f6n\u00f6sen k\u00f6r\u00fcltekint\u0151ek.<!--more--><\/strong><\/p>\n<p>A konzuli szolg\u00e1lat honlapj\u00e1n szerd\u00e1n k\u00f6zz\u00e9tett figyelmeztet\u00e9sben azt javasolj\u00e1k a p\u00e9nteken az orsz\u00e1gban tart\u00f3zkod\u00f3 magyaroknak, hogy biztons\u00e1guk \u00e9rdek\u00e9ben ker\u00fclj\u00e9k a t\u00f6megmegmozdul\u00e1sokat, \u00e9s ha ilyet l\u00e1tnak, a lehet\u0151 legr\u00f6videbb id\u0151n bel\u00fcl hagyj\u00e1k el a helysz\u00ednt. Ne k\u00e9sz\u00edtsenek f\u00e9nyk\u00e9pet sem a t\u00fcntet\u0151kr\u0151l, sem a rendv\u00e9delmi er\u0151kr\u0151l, m\u00e9g mobiltelefonnal sem, \u00e9s folyamatosan k\u00f6vess\u00e9k nyomon az esem\u00e9nyekr\u0151l tud\u00f3s\u00edt\u00f3 h\u00edrad\u00e1sokat.<br \/>\nAmennyiben hivatalos \u00fcgyint\u00e9z\u00e9s miatt k\u00edv\u00e1nj\u00e1k felkeresni az egyiptomi bel\u00fcgyminiszt\u00e9rium idegenrend\u00e9szeti hivatal\u00e1nak a kair\u00f3i Tahr\u00edr t\u00e9ren tal\u00e1lhat\u00f3 k\u00f6zpontj\u00e1t, javasolj\u00e1k, el\u0151zetesen \u00e9rdekl\u0151djenek telefonon az int\u00e9zm\u00e9nyn\u00e9l, hogy biztons\u00e1gos-e annak megk\u00f6zel\u00edt\u00e9se.<br \/>\nA kor\u00e1bbi t\u00fcntet\u00e9sek jellemz\u0151en nem ir\u00e1nyultak k\u00fclf\u00f6ldiek ellen &#8211; eml\u00e9keztettek.<br \/>\nMegjegyezt\u00e9k, ha a magyarok bejelentkeznek a kair\u00f3i nagyk\u00f6vets\u00e9gen, az megk\u00f6nny\u00edtheti a kapcsolatfelv\u00e9telt az esetlegesen v\u00e9szhelyzetbe ker\u00fclt \u00e1llampolg\u00e1rokkal \u00e9s seg\u00edtheti a konzuli v\u00e9delem biztos\u00edt\u00e1s\u00e1t. (MTI)<\/p>\n","protected":false},"excerpt":{"rendered":"<p>Arra k\u00e9ri a K\u00fcl\u00fcgyminiszt\u00e9rium konzuli szolg\u00e1lata az Egyiptomba k\u00e9sz\u00fcl\u0151 vagy ott tart\u00f3zkod\u00f3 magyar \u00e1llampolg\u00e1rokat, hogy az arab tavasz esem\u00e9nyeinek m\u00e1sodik \u00e9vfordul\u00f3ja, janu\u00e1r 25. k\u00f6zeledt\u00e9vel legyenek k\u00fcl\u00f6n\u00f6sen k\u00f6r\u00fcltekint\u0151ek.<\/p>\n","protected":false},"author":1,"featured_media":0,"comment_status":"closed","ping_status":"closed","sticky":false,"template":"","format":"standard","meta":[],"categories":[17,4],"tags":[],"_links":{"self":[{"href":"https:\/\/gazdasagportal.hu\/index.php\/wp-json\/wp\/v2\/posts\/840"}],"collection":[{"href":"https:\/\/gazdasagportal.hu\/index.php\/wp-json\/wp\/v2\/posts"}],"about":[{"href":"https:\/\/gazdasagportal.hu\/index.php\/wp-json\/wp\/v2\/types\/post"}],"author":[{"embeddable":true,"href":"https:\/\/gazdasagportal.hu\/index.php\/wp-json\/wp\/v2\/users\/1"}],"replies":[{"embeddable":true,"href":"https:\/\/gazdasagportal.hu\/index.php\/wp-json\/wp\/v2\/comments?post=840"}],"version-history":[{"count":2,"href":"https:\/\/gazdasagportal.hu\/index.php\/wp-json\/wp\/v2\/posts\/840\/revisions"}],"predecessor-version":[{"id":842,"href":"https:\/\/gazdasagportal.hu\/index.php\/wp-json\/wp\/v2\/posts\/840\/revisions\/842"}],"wp:attachment":[{"href":"https:\/\/gazdasagportal.hu\/index.php\/wp-json\/wp\/v2\/media?parent=840"}],"wp:term":[{"taxonomy":"category","embeddable":true,"href":"https:\/\/gazdasagportal.hu\/index.php\/wp-json\/wp\/v2\/categories?post=840"},{"taxonomy":"post_tag","embeddable":true,"href":"https:\/\/gazdasagportal.hu\/index.php\/wp-json\/wp\/v2\/tags?post=840"}],"curies":[{"name":"wp","href":"https:\/\/api.w.org\/{rel}","templated":true}]}}