{"id":83784,"date":"2016-08-24T14:17:07","date_gmt":"2016-08-24T12:17:07","guid":{"rendered":"http:\/\/gazdasagportal.hu\/?p=83784"},"modified":"2016-08-24T14:17:07","modified_gmt":"2016-08-24T12:17:07","slug":"jobbik-atfogo-ado-es-jarulekcsokkentesre-van-szukseg","status":"publish","type":"post","link":"https:\/\/gazdasagportal.hu\/index.php\/jobbik-atfogo-ado-es-jarulekcsokkentesre-van-szukseg\/","title":{"rendered":"Jobbik: \u00e1tfog\u00f3 ad\u00f3- \u00e9s j\u00e1rul\u00e9kcs\u00f6kkent\u00e9sre van sz\u00fcks\u00e9g"},"content":{"rendered":"<p><strong>A Jobbik \u00e1tfog\u00f3 ad\u00f3- \u00e9s j\u00e1rul\u00e9kcs\u00f6kkent\u00e9st tart sz\u00fcks\u00e9gesnek a hazai gazdas\u00e1gban.<\/strong><!--more--><\/p>\n<div class=\"ads-in-post1\"><div id=\"gazdasagportal.hu_fullbanner_wideboard\"><\/div>\r\n<\/div>\n<p>    Z. K\u00e1rp\u00e1t D\u00e1niel, az ellenz\u00e9ki p\u00e1rt aleln\u00f6ke szerdai budapesti sajt\u00f3t\u00e1j\u00e9koztat\u00f3j\u00e1n kudarcosnak \u00e9rt\u00e9kelte a korm\u00e1ny \u00e1facs\u00f6kkent\u00e9si terveit, szerinte az \u00edg\u00e9retek egy \u00e1tlagos fogyaszt\u00f3i kos\u00e1r eset\u00e9ben 6-7 sz\u00e1zal\u00e9kos k\u00f6nnyebbs\u00e9get jelent. Ezzel p\u00e1rhuzamosan a munkaer\u0151hi\u00e1ny miatt elker\u00fclhetetlennek l\u00e1tszik az alapvet\u0151 fogyaszt\u00e1si cikkek, k\u00f6zt\u00fck a keny\u00e9r \u00e1r\u00e1nak emelked\u00e9se &#8211; tette hozz\u00e1, jelezve: be kell avatkozni ebbe a rendszerbe annak \u00e9rdek\u00e9ben, hogy a magyar munkaer\u0151 k\u00f6nnyebben megmaradjon a piacon \u00e9s az \u00e9lelmiszer\u00e1rak kev\u00e9sb\u00e9 terhelj\u00e9k a csal\u00e1dokat.<br \/>\n    A jobbikos politikus l\u00e1t mozg\u00e1steret a k\u00f6lts\u00e9gvet\u00e9sben, szerinte v\u00e9grehajthat\u00f3 az alapvet\u0151 \u00e9lelmiszerek \u00e9s a gyermeknevel\u00e9shez sz\u00fcks\u00e9ges cikkek \u00e1f\u00e1j\u00e1nak cs\u00f6kkent\u00e9se.<br \/>\n    Z. K\u00e1rp\u00e1t D\u00e1niel kit\u00e9rt arra is: a j\u00e1rul\u00e9kcs\u00f6kkent\u00e9s sem ker\u00fclhet\u0151 el, mert an\u00e9lk\u00fcl a hazai v\u00e1llalkoz\u00e1sok nem tudnak versenyre kelni a multinacion\u00e1lis \u00e9rdekelts\u00e9gekkel \u00e9s a nyugati aj\u00e1nlatokkal. A korm\u00e1nynak k\u00f6teless\u00e9ge seg\u00edteni a saj\u00e1t piaci szerepl\u0151it &#8211; jelentette ki.(MTI)<br \/>\n<div class=\"ads-in-post1\"><div id=\"gazdasagportal.hu_fullbanner_wideboard\"><\/div>\r\n<\/div>\n","protected":false},"excerpt":{"rendered":"<p>A Jobbik \u00e1tfog\u00f3 ad\u00f3- \u00e9s j\u00e1rul\u00e9kcs\u00f6kkent\u00e9st tart sz\u00fcks\u00e9gesnek a hazai gazdas\u00e1gban.<\/p>\n","protected":false},"author":1,"featured_media":0,"comment_status":"open","ping_status":"closed","sticky":false,"template":"","format":"standard","meta":[],"categories":[20,4,18],"tags":[],"_links":{"self":[{"href":"https:\/\/gazdasagportal.hu\/index.php\/wp-json\/wp\/v2\/posts\/83784"}],"collection":[{"href":"https:\/\/gazdasagportal.hu\/index.php\/wp-json\/wp\/v2\/posts"}],"about":[{"href":"https:\/\/gazdasagportal.hu\/index.php\/wp-json\/wp\/v2\/types\/post"}],"author":[{"embeddable":true,"href":"https:\/\/gazdasagportal.hu\/index.php\/wp-json\/wp\/v2\/users\/1"}],"replies":[{"embeddable":true,"href":"https:\/\/gazdasagportal.hu\/index.php\/wp-json\/wp\/v2\/comments?post=83784"}],"version-history":[{"count":1,"href":"https:\/\/gazdasagportal.hu\/index.php\/wp-json\/wp\/v2\/posts\/83784\/revisions"}],"predecessor-version":[{"id":83785,"href":"https:\/\/gazdasagportal.hu\/index.php\/wp-json\/wp\/v2\/posts\/83784\/revisions\/83785"}],"wp:attachment":[{"href":"https:\/\/gazdasagportal.hu\/index.php\/wp-json\/wp\/v2\/media?parent=83784"}],"wp:term":[{"taxonomy":"category","embeddable":true,"href":"https:\/\/gazdasagportal.hu\/index.php\/wp-json\/wp\/v2\/categories?post=83784"},{"taxonomy":"post_tag","embeddable":true,"href":"https:\/\/gazdasagportal.hu\/index.php\/wp-json\/wp\/v2\/tags?post=83784"}],"curies":[{"name":"wp","href":"https:\/\/api.w.org\/{rel}","templated":true}]}}