{"id":83737,"date":"2016-08-23T13:21:56","date_gmt":"2016-08-23T11:21:56","guid":{"rendered":"http:\/\/gazdasagportal.hu\/?p=83737"},"modified":"2016-08-23T13:21:56","modified_gmt":"2016-08-23T11:21:56","slug":"kommerszant-felreertes-miatt-hagytak-el-az-orosz-bombazok-az-irani-repuloteret","status":"publish","type":"post","link":"https:\/\/gazdasagportal.hu\/index.php\/kommerszant-felreertes-miatt-hagytak-el-az-orosz-bombazok-az-irani-repuloteret\/","title":{"rendered":"Kommerszant: f\u00e9lre\u00e9rt\u00e9s miatt hagyt\u00e1k el az orosz bomb\u00e1z\u00f3k az ir\u00e1ni rep\u00fcl\u0151teret"},"content":{"rendered":"<p><strong>&#8222;N\u00e9mi f\u00e9lre\u00e9rt\u00e9s&#8221; miatt hagyt\u00e1k el az orosz rep\u00fcl\u0151g\u00e9pek azt az ir\u00e1ni rep\u00fcl\u0151teret, amelyr\u0151l csap\u00e1sokat int\u00e9ztek az Iszl\u00e1m \u00c1llam (I\u00c1) terrorszervezet objektumai ellen &#8211; jelentette ki az orosz katonai vezet\u00e9s egy n\u00e9vtelen\u00fcl nyilatkoz\u00f3 k\u00e9pvisel\u0151je a Kommerszant c\u00edm\u0171 napilapnak nyilatkozva.<\/strong><!--more--><\/p>\n<div class=\"ads-in-post1\"><div id=\"gazdasagportal.hu_fullbanner_wideboard\"><\/div>\r\n<\/div>\n<p>    Az illet\u00e9kes szerint az orosz katon\u00e1k nemcsak &#8222;dobbant\u00f3 rept\u00e9rk\u00e9nt&#8221; &#8211; vagyis a v\u00e1ls\u00e1g\u00f6vezethez k\u00f6zeli felt\u00f6lt\u0151- \u00e9s karbantart\u00f3 \u00e1llom\u00e1sk\u00e9nt -, hanem olyan, teljes \u00e9rt\u00e9k\u0171 katonai objektumk\u00e9nt szerett\u00e9k volna felhaszn\u00e1lni a b\u00e1zist, amelyen fegyverk\u00e9szleteket is tartanak. Ebbe azonban az ir\u00e1ni f\u00e9l nem egyezett bele, ez\u00e9rt az orosz harci g\u00e9pek t\u00e1vozni k\u00e9nyszer\u00fcltek.<br \/>\n    Lana Ravandi-Fadai, az az Oroszorsz\u00e1gi Tudom\u00e1nyos Akad\u00e9mia Keletkutat\u00f3 Int\u00e9zete k\u00f6zel-keleti k\u00f6zpontj\u00e1nak vezet\u0151 tudom\u00e1nyos munkat\u00e1rsa szerint Teher\u00e1n d\u00f6nt\u00e9s\u00e9ben &#8222;jelent\u0151s szerepet j\u00e1tszott az Egyes\u00fclt \u00c1llamok nyom\u00e1sgyakorl\u00e1sa&#8221;. Mint mondta, Barack Obama eln\u00f6k korm\u00e1nyzata sokat tett az amerikai-ir\u00e1ni kapcsolatok jav\u00edt\u00e1sa \u00e9rdek\u00e9ben, \u00e9s ebben &#8222;nem kev\u00e9s sikert \u00e9rt el&#8221;.<br \/>\n    Andrej Kortunov, a Nemzetk\u00f6zi \u00dcgyek Oroszorsz\u00e1gi Tan\u00e1cs\u00e1nak igazgat\u00f3ja \u00fagy v\u00e9lekedett, hogy Oroszorsz\u00e1gnak katonai szempontb\u00f3l nem sz\u00e1m\u00edt nagy vesztes\u00e9gnek a hamad\u00e1ni l\u00e9gi t\u00e1maszpont haszn\u00e1lat\u00e1nak kies\u00e9se, mert elegend\u0151 alternat\u00edv lehet\u0151s\u00e9ge maradt ahhoz, hogy Sz\u00edri\u00e1ban csap\u00e1sokat hajtson v\u00e9gre. &#8222;Ir\u00e1n r\u00e9sz\u00e9r\u0151l ez egy szimbolikus gesztus volt, amellyel eml\u00e9keztetett arra, hogy t\u00falz\u00e1s lenne Ir\u00e1nt megb\u00edzhat\u00f3 partnernek, mi t\u00f6bb, sz\u00f6vets\u00e9gesnek tekinteni&#8221; &#8211; mondta.<br \/>\n    Az orosz v\u00e9delmi miniszt\u00e9rium augusztus 16-\u00e1n jelentette be, hogy bomb\u00e1z\u00f3i el\u0151sz\u00f6r haszn\u00e1ltak ir\u00e1ni rep\u00fcl\u0151teret a Sz\u00edri\u00e1ban v\u00e9grehajtott csap\u00e1sokhoz. Emellett az orosz Fekete-tengeri Flotta haj\u00f3i Kalibr t\u00edpus\u00fa man\u0151verez\u0151 rep\u00fcl\u0151g\u00e9pekkel t\u00e1madt\u00e1k az an-N\u00faszra Front objektumait.<br \/>\n    Hoszein Dehg\u00e1n t\u00f6r\u00f6k v\u00e9delmi miniszter vas\u00e1rnap \u00e9jjel sug\u00e1rzott telev\u00edzi\u00f3s interj\u00faj\u00e1ban jelentette be, hogy az orosz had\u00e1szati bomb\u00e1z\u00f3k besz\u00fcntett\u00e9k az ir\u00e1ni ter\u00fcletr\u0151l val\u00f3 felsz\u00e1ll\u00e1st. Szavai szerint Ir\u00e1n nem adott semmilyen katonai b\u00e1zist Oroszorsz\u00e1gnak, az oroszok nem maradnak hossz\u00fa t\u00e1von, nincs semmilyen &#8222;\u00edr\u00e1sos megegyez\u00e9s&#8221; a k\u00e9t orsz\u00e1g k\u00f6z\u00f6tt, a &#8222;m\u0171veleti egy\u00fcttm\u0171k\u00f6d\u00e9s&#8221; pedig ideiglenes \u00e9s csak \u00fczemanyagt\u00f6lt\u00e9sre korl\u00e1toz\u00f3dik.<br \/>\n    Bahr\u00e1m K\u00e1szimi ir\u00e1ni k\u00fcl\u00fcgyi sz\u00f3viv\u0151 h\u00e9tf\u0151n \u00fagy fogalmazott, hogy Oroszorsz\u00e1g &#8222;egyel\u0151re befejezte&#8221; a hamad\u00e1ni b\u00e1zis haszn\u00e1lat\u00e1t. &#8222;Oroszorsz\u00e1gnak nincs t\u00e1maszpontja Ir\u00e1nban, \u00e9s nem \u00e1llom\u00e1soznak itt. V\u00e9grehajtott\u00e1k ezt a m\u0171velet\u00fcket, egyel\u0151re v\u00e9ge van&#8221; &#8211; hangs\u00falyozta K\u00e1szimi.<br \/>\n    Igor Konasenkov, az orosz v\u00e9delmi t\u00e1rca sz\u00f3viv\u0151je szint\u00e9n meger\u0151s\u00edtette, hogy az orosz bomb\u00e1z\u00f3kat kivont\u00e1k az \u00e1ltaluk haszn\u00e1lt ir\u00e1ni b\u00e1zisr\u00f3l, miut\u00e1n sikerrel teljes\u00edtett\u00e9k a sz\u00e1mukra kit\u0171z\u00f6tt feladatokat. A rep\u00fcl\u0151g\u00e9pek esetleges visszat\u00e9r\u00e9s\u00e9t az Oroszorsz\u00e1g \u00e9s Ir\u00e1n k\u00f6z\u00f6tti \u00fajabb terrorelh\u00e1r\u00edt\u00e1si megegyez\u00e9sekt\u0151l \u00e9s a sz\u00edriai helyzet alakul\u00e1s\u00e1t\u00f3l tette f\u00fcgg\u0151v\u00e9.<br \/>\n    A k\u00e9pet \u00e1rnyalja, hogy Ali Laridzs\u00e1ni, az ir\u00e1ni parlament eln\u00f6ke kedden a Taszn\u00edm ir\u00e1ni h\u00edr\u00fcgyn\u00f6ks\u00e9gnek kijelentette: az orosz katonai g\u00e9peknek a Sah\u00edd Nodzseh rept\u00e9rr\u0151l val\u00f3 felsz\u00e1ll\u00e1s\u00e1t nem \u00e1ll\u00edtott\u00e1k le.<br \/>\n    &#8222;Ir\u00e1n \u00e9s Oroszorsz\u00e1g sz\u00f6vets\u00e9ges a terrorizmus elleni harcban&#8221; &#8211; mondta a politikus az orosz m\u00e9dia \u00e1ltal is \u00e1tvett interj\u00faban. Hozz\u00e1tette ugyanakkor, hogy a hamad\u00e1ni Sah\u00edd Nodzseh b\u00e1zist &#8222;senkinek sem bocs\u00e1tott\u00e1k \u00e1lland\u00f3 rendelkez\u00e9s\u00e9re&#8221;, \u00e9s azt csak ut\u00e1nt\u00f6lt\u00e9sre haszn\u00e1lhatj\u00e1k az oroszok.(MTI)<\/p>\n","protected":false},"excerpt":{"rendered":"<p>&#8222;N\u00e9mi f\u00e9lre\u00e9rt\u00e9s&#8221; miatt hagyt\u00e1k el az orosz rep\u00fcl\u0151g\u00e9pek azt az ir\u00e1ni rep\u00fcl\u0151teret, amelyr\u0151l csap\u00e1sokat int\u00e9ztek az Iszl\u00e1m \u00c1llam (I\u00c1) terrorszervezet objektumai ellen &#8211; jelentette ki az orosz katonai vezet\u00e9s egy n\u00e9vtelen\u00fcl nyilatkoz\u00f3 k\u00e9pvisel\u0151je a Kommerszant c\u00edm\u0171 napilapnak nyilatkozva.<\/p>\n","protected":false},"author":1,"featured_media":0,"comment_status":"open","ping_status":"closed","sticky":false,"template":"","format":"standard","meta":[],"categories":[12],"tags":[],"_links":{"self":[{"href":"https:\/\/gazdasagportal.hu\/index.php\/wp-json\/wp\/v2\/posts\/83737"}],"collection":[{"href":"https:\/\/gazdasagportal.hu\/index.php\/wp-json\/wp\/v2\/posts"}],"about":[{"href":"https:\/\/gazdasagportal.hu\/index.php\/wp-json\/wp\/v2\/types\/post"}],"author":[{"embeddable":true,"href":"https:\/\/gazdasagportal.hu\/index.php\/wp-json\/wp\/v2\/users\/1"}],"replies":[{"embeddable":true,"href":"https:\/\/gazdasagportal.hu\/index.php\/wp-json\/wp\/v2\/comments?post=83737"}],"version-history":[{"count":1,"href":"https:\/\/gazdasagportal.hu\/index.php\/wp-json\/wp\/v2\/posts\/83737\/revisions"}],"predecessor-version":[{"id":83738,"href":"https:\/\/gazdasagportal.hu\/index.php\/wp-json\/wp\/v2\/posts\/83737\/revisions\/83738"}],"wp:attachment":[{"href":"https:\/\/gazdasagportal.hu\/index.php\/wp-json\/wp\/v2\/media?parent=83737"}],"wp:term":[{"taxonomy":"category","embeddable":true,"href":"https:\/\/gazdasagportal.hu\/index.php\/wp-json\/wp\/v2\/categories?post=83737"},{"taxonomy":"post_tag","embeddable":true,"href":"https:\/\/gazdasagportal.hu\/index.php\/wp-json\/wp\/v2\/tags?post=83737"}],"curies":[{"name":"wp","href":"https:\/\/api.w.org\/{rel}","templated":true}]}}