{"id":83729,"date":"2016-08-23T10:41:51","date_gmt":"2016-08-23T08:41:51","guid":{"rendered":"http:\/\/gazdasagportal.hu\/?p=83729"},"modified":"2016-08-23T10:41:51","modified_gmt":"2016-08-23T08:41:51","slug":"brexit-meredeken-nott-az-uj-zelandi-kivandorlas-irant-erdeklodo-britek-szama","status":"publish","type":"post","link":"https:\/\/gazdasagportal.hu\/index.php\/brexit-meredeken-nott-az-uj-zelandi-kivandorlas-irant-erdeklodo-britek-szama\/","title":{"rendered":"Brexit &#8211; Meredeken n\u0151tt az \u00faj-z\u00e9landi kiv\u00e1ndorl\u00e1s ir\u00e1nt \u00e9rdekl\u0151d\u0151 britek sz\u00e1ma"},"content":{"rendered":"<p><strong>Meredeken n\u0151tt az \u00faj-z\u00e9landi kiv\u00e1ndorl\u00e1s ir\u00e1nt \u00e9rdekl\u0151d\u0151 britek sz\u00e1ma a haz\u00e1juk eur\u00f3pai uni\u00f3s tags\u00e1gr\u00f3l tartott n\u00e9pszavaz\u00e1s \u00f3ta.<\/strong><!--more--><\/p>\n<div class=\"ads-in-post1\"><div id=\"gazdasagportal.hu_fullbanner_wideboard\"><\/div>\r\n<\/div>\n<p>    A j\u00fanius 23-ai referendum \u00f3ta eltelt id\u0151szakban 10 647 brit lakos regisztr\u00e1lt az \u00faj-z\u00e9landi bev\u00e1ndorl\u00e1si hivataln\u00e1l a The Guardian keddi jelent\u00e9se szerint. Az el\u0151z\u0151 \u00e9v azonos id\u0151szak\u00e1ban 4599 volt ez a sz\u00e1m &#8211; \u00edrta a brit lap \u00faj-z\u00e9landi forr\u00e1sokra hivatkozva.<br \/>\n    A n\u00e9pszavaz\u00e1s m\u00e1snapj\u00e1n 998 brit regisztr\u00e1lt, ami csaknem t\u00edzszerese az el\u0151z\u0151 napi 109 jelentkez\u00e9snek. A regisztr\u00e1ci\u00f3 r\u00e9v\u00e9n lehet\u0151s\u00e9g ny\u00edlik a t\u00e1j\u00e9koz\u00f3d\u00e1sra, t\u00f6bbek k\u00f6z\u00f6tt a munkav\u00e1llal\u00e1si lehet\u0151s\u00e9gekr\u0151l. \u00daj-Z\u00e9landon jelenleg baromfiteny\u00e9szt\u0151kb\u0151l, p\u00e9kekb\u0151l, s\u00edoktat\u00f3kb\u00f3l, fogorvosokb\u00f3l \u00e9s k\u00e1rpitosokb\u00f3l van \u00e9get\u0151 hi\u00e1ny.<br \/>\n    A New Zealand Herald c\u00edm\u0171 lapot id\u00e9zve a The Guardian a munkav\u00e1llal\u00e1si lehet\u0151s\u00e9gek mellett az \u00faj-z\u00e9landi \u00e9let el\u0151nyei k\u00f6z\u00f6tt eml\u00edtette a leny\u0171g\u00f6z\u0151 t\u00e1jat, a kellemes \u00e9ghajlatot \u00e9s legf\u0151k\u00e9ppen azt, hogy az orsz\u00e1g &#8222;18 ezer kilom\u00e9terre van Boris Johnson&#8221; k\u00fcl\u00fcgyminisztert\u0151l, a kil\u00e9p\u00e9sp\u00e1rti kamp\u00e1ny vez\u00e9ralakj\u00e1t\u00f3l. A New Zealand Herald szerint megfizethet\u0151 a lakhat\u00e1s, nincsenek dug\u00f3k \u00e9s ellent\u00e9tben Angli\u00e1val, a &#8222;helyi r\u00f6gbiv\u00e1logatott t\u00e9nyleg r\u00f6gbit j\u00e1tszik&#8221;.<br \/>\n    Komolyabb helyzet\u00e9rt\u00e9kel\u00e9sek szerint az EU-n\u00e9pszavaz\u00e1s val\u00f3ban komoly t\u00e9nyez\u0151 a k\u00f6z\u00e9poszt\u00e1lybeli brit \u00e9rtelmis\u00e9giek d\u00f6nt\u00e9shozatal\u00e1ban, sokakat k\u00f6z\u00fcl\u00fck ugyanis elkeser\u00edt honfit\u00e1rsaik sz\u0171kl\u00e1t\u00f3k\u00f6r\u0171s\u00e9ge \u00e9s nacionalizmusa, \u00e9s valami m\u00e1sra v\u00e1gynak.<br \/>\n    &#8222;\u00daj-Z\u00e9land pedig val\u00f3ban nagyon m\u00e1s: multikultur\u00e1lis, rendk\u00edv\u00fcl toler\u00e1ns, j\u00f3 az \u00e9letsz\u00ednvonal \u00e9s jobb az \u00e9ghajlat&#8221; &#8211; mondta Paul Spoonley, az aucklandi Massey Egyetem tan\u00e1ra a Heraldnak.<br \/>\n    R\u00e9gebben az Egyes\u00fclt Kir\u00e1lys\u00e1gb\u00f3l \u00e9s \u00cdrorsz\u00e1gb\u00f3l \u00e9rkezett a legt\u00f6bb bev\u00e1ndorl\u00f3 \u00daj-Z\u00e9landra, a 2013-as n\u00e9psz\u00e1ml\u00e1l\u00e1s szerint viszont megel\u0151zt\u00e9k \u0151ket az \u00e1zsiai sz\u00fclet\u00e9s\u0171 bev\u00e1ndorl\u00f3k. A csendes-\u00f3ce\u00e1ni orsz\u00e1gban \u00e9l\u0151 4,5 milli\u00f3 emberb\u0151l minden negyedik k\u00fclf\u00f6ld\u00f6n sz\u00fcletett a statisztik\u00e1k szerint.<br \/>\n    2015 j\u00faniusa \u00e9s 2016 j\u00faniusa k\u00f6z\u00f6tt 4934 brit kapott leteleped\u00e9si enged\u00e9lyt, 22 633 munkav\u00e1llal\u00f3i, 1176 pedig di\u00e1kv\u00edzumot.<br \/>\n    A The Guardian eml\u00e9keztetett arra, hogy a Google szerint az EU-n\u00e9pszavaz\u00e1s ut\u00e1n sok brit ind\u00edtott keres\u00e9st a kiv\u00e1ndorl\u00e1s lehet\u0151s\u00e9geir\u0151l, els\u0151sorban \u00cdrorsz\u00e1gra \u00e9s Franciaorsz\u00e1gra vonatkoz\u00f3an. Hatsz\u00e1znyolcvan sz\u00e1zal\u00e9kkal n\u0151tt az arra vonatkoz\u00f3 keres\u00e9sek sz\u00e1ma is, hogy mik\u00e9nt lehet a brit fennhat\u00f3s\u00e1g alatt \u00e1ll\u00f3 Gibralt\u00e1rba k\u00f6lt\u00f6zni. (MTI)<br \/>\n<div class=\"ads-in-post1\"><div id=\"gazdasagportal.hu_fullbanner_wideboard\"><\/div>\r\n<\/div>\n","protected":false},"excerpt":{"rendered":"<p>Meredeken n\u0151tt az \u00faj-z\u00e9landi kiv\u00e1ndorl\u00e1s ir\u00e1nt \u00e9rdekl\u0151d\u0151 britek sz\u00e1ma a haz\u00e1juk eur\u00f3pai uni\u00f3s tags\u00e1gr\u00f3l tartott n\u00e9pszavaz\u00e1s \u00f3ta.<\/p>\n","protected":false},"author":1,"featured_media":0,"comment_status":"open","ping_status":"closed","sticky":false,"template":"","format":"standard","meta":[],"categories":[12],"tags":[],"_links":{"self":[{"href":"https:\/\/gazdasagportal.hu\/index.php\/wp-json\/wp\/v2\/posts\/83729"}],"collection":[{"href":"https:\/\/gazdasagportal.hu\/index.php\/wp-json\/wp\/v2\/posts"}],"about":[{"href":"https:\/\/gazdasagportal.hu\/index.php\/wp-json\/wp\/v2\/types\/post"}],"author":[{"embeddable":true,"href":"https:\/\/gazdasagportal.hu\/index.php\/wp-json\/wp\/v2\/users\/1"}],"replies":[{"embeddable":true,"href":"https:\/\/gazdasagportal.hu\/index.php\/wp-json\/wp\/v2\/comments?post=83729"}],"version-history":[{"count":1,"href":"https:\/\/gazdasagportal.hu\/index.php\/wp-json\/wp\/v2\/posts\/83729\/revisions"}],"predecessor-version":[{"id":83730,"href":"https:\/\/gazdasagportal.hu\/index.php\/wp-json\/wp\/v2\/posts\/83729\/revisions\/83730"}],"wp:attachment":[{"href":"https:\/\/gazdasagportal.hu\/index.php\/wp-json\/wp\/v2\/media?parent=83729"}],"wp:term":[{"taxonomy":"category","embeddable":true,"href":"https:\/\/gazdasagportal.hu\/index.php\/wp-json\/wp\/v2\/categories?post=83729"},{"taxonomy":"post_tag","embeddable":true,"href":"https:\/\/gazdasagportal.hu\/index.php\/wp-json\/wp\/v2\/tags?post=83729"}],"curies":[{"name":"wp","href":"https:\/\/api.w.org\/{rel}","templated":true}]}}