{"id":83721,"date":"2016-08-23T08:29:44","date_gmt":"2016-08-23T06:29:44","guid":{"rendered":"http:\/\/gazdasagportal.hu\/?p=83721"},"modified":"2016-08-23T08:29:44","modified_gmt":"2016-08-23T06:29:44","slug":"bombazasok-szarazfoldi-bevetesek-visszaszoruloban-az-iszlam-allam","status":"publish","type":"post","link":"https:\/\/gazdasagportal.hu\/index.php\/bombazasok-szarazfoldi-bevetesek-visszaszoruloban-az-iszlam-allam\/","title":{"rendered":"Bomb\u00e1z\u00e1sok, sz\u00e1razf\u00f6ldi bevet\u00e9sek, visszaszorul\u00f3ban az Iszl\u00e1m \u00c1llam"},"content":{"rendered":"<p><strong>A bomb\u00e1z\u00e1sok, illetve az ut\u00f3bbi id\u0151szak sz\u00e1razf\u00f6ldi bevet\u00e9sei nyom\u00e1n egyre ink\u00e1bb visszaszorul\u00f3ban van a K\u00f6zel-Keleten az Iszl\u00e1m \u00c1llam &#8211; jelentette ki a Honv\u00e9d Vez\u00e9rkar Tudom\u00e1nyos Kutat\u00f3hely\u00e9nek vezet\u0151je kedden az M1 aktu\u00e1lis csatorna m\u0171sor\u00e1ban.<\/strong><!--more--><\/p>\n<div class=\"ads-in-post1\"><div id=\"gazdasagportal.hu_fullbanner_wideboard\"><\/div>\r\n<\/div>\n<p>    Ugyanakkor k\u00f6rvonalaz\u00f3dik egy orosz-amerikai \u00f6sszefog\u00e1s is az Iszl\u00e1m \u00c1llam elleni k\u00f6z\u00f6s fell\u00e9p\u00e9s \u00e9rdek\u00e9ben &#8211; k\u00f6z\u00f6lte Beseny\u0151 J\u00e1nos.<br \/>\n    Hozz\u00e1tette: \u00e9ppen ebben a szorongatott helyzetben helyezi \u00e1t a szervezet egyik hadsz\u00ednter\u00e9t Eur\u00f3pa sz\u00edv\u00e9be terrorista mer\u00e9nyletek form\u00e1j\u00e1ban.<br \/>\n    A honv\u00e9d ezredes elmondta: mik\u00f6zben az Iszl\u00e1m \u00c1llam mindenkinek az ellens\u00e9ge a t\u00e9rs\u00e9gben, tov\u00e1bbra is zavarosak a viszonyok. Ugyanis a sz\u00edr \u00e9s az iraki korm\u00e1nyer\u0151k mellett, harcolnak Aszad-rezsim ellenes felkel\u0151 szervezetek, kurdok, oroszok, amerikaiak \u00e9s franci\u00e1k is.<br \/>\n    Ebben a helyzetben egyre vil\u00e1gosabb, hogy csak l\u00e9gicsap\u00e1sokkal nem lehet felsz\u00e1molni az Iszl\u00e1m \u00c1llamot. Visszaszorul\u00e1sa annak k\u00f6sz\u00f6nhet\u0151, hogy az oroszok, a sz\u00edr \u00e9s az iraki korm\u00e1nyer\u0151k \u00e9s a kurdok sz\u00e1razf\u00f6ldi hadm\u0171veleteket is ind\u00edtottak &#8211; sorolta.<br \/>\n    Ugyanakkor egyre t\u00f6bbsz\u00f6r felmer\u00fcl &#8211; nem hivatalosan &#8211; Irak, illetve Sz\u00edria etnikai alap\u00fa feloszt\u00e1sa. Ugyanis l\u00e1tszik, hogy ezek az \u00e1llamok nem k\u00e9pesek m\u0171k\u00f6dni a jelenlegi form\u00e1ban &#8211; mondta a kutat\u00f3.(MTI)<br \/>\n<div class=\"ads-in-post1\"><div id=\"gazdasagportal.hu_fullbanner_wideboard\"><\/div>\r\n<\/div>\n","protected":false},"excerpt":{"rendered":"<p>A bomb\u00e1z\u00e1sok, illetve az ut\u00f3bbi id\u0151szak sz\u00e1razf\u00f6ldi bevet\u00e9sei nyom\u00e1n egyre ink\u00e1bb visszaszorul\u00f3ban van a K\u00f6zel-Keleten az Iszl\u00e1m \u00c1llam &#8211; jelentette ki a Honv\u00e9d Vez\u00e9rkar Tudom\u00e1nyos Kutat\u00f3hely\u00e9nek vezet\u0151je kedden az M1 aktu\u00e1lis csatorna m\u0171sor\u00e1ban.<\/p>\n","protected":false},"author":1,"featured_media":0,"comment_status":"open","ping_status":"closed","sticky":false,"template":"","format":"standard","meta":[],"categories":[16],"tags":[],"_links":{"self":[{"href":"https:\/\/gazdasagportal.hu\/index.php\/wp-json\/wp\/v2\/posts\/83721"}],"collection":[{"href":"https:\/\/gazdasagportal.hu\/index.php\/wp-json\/wp\/v2\/posts"}],"about":[{"href":"https:\/\/gazdasagportal.hu\/index.php\/wp-json\/wp\/v2\/types\/post"}],"author":[{"embeddable":true,"href":"https:\/\/gazdasagportal.hu\/index.php\/wp-json\/wp\/v2\/users\/1"}],"replies":[{"embeddable":true,"href":"https:\/\/gazdasagportal.hu\/index.php\/wp-json\/wp\/v2\/comments?post=83721"}],"version-history":[{"count":1,"href":"https:\/\/gazdasagportal.hu\/index.php\/wp-json\/wp\/v2\/posts\/83721\/revisions"}],"predecessor-version":[{"id":83722,"href":"https:\/\/gazdasagportal.hu\/index.php\/wp-json\/wp\/v2\/posts\/83721\/revisions\/83722"}],"wp:attachment":[{"href":"https:\/\/gazdasagportal.hu\/index.php\/wp-json\/wp\/v2\/media?parent=83721"}],"wp:term":[{"taxonomy":"category","embeddable":true,"href":"https:\/\/gazdasagportal.hu\/index.php\/wp-json\/wp\/v2\/categories?post=83721"},{"taxonomy":"post_tag","embeddable":true,"href":"https:\/\/gazdasagportal.hu\/index.php\/wp-json\/wp\/v2\/tags?post=83721"}],"curies":[{"name":"wp","href":"https:\/\/api.w.org\/{rel}","templated":true}]}}