{"id":83717,"date":"2016-08-23T07:19:36","date_gmt":"2016-08-23T05:19:36","guid":{"rendered":"http:\/\/gazdasagportal.hu\/?p=83717"},"modified":"2016-08-23T07:19:36","modified_gmt":"2016-08-23T05:19:36","slug":"donald-trump-a-clinton-alapitvanyt-be-kell-zarni-es-az-adomanyok-egy-reszet-vissza-kell-adni","status":"publish","type":"post","link":"https:\/\/gazdasagportal.hu\/index.php\/donald-trump-a-clinton-alapitvanyt-be-kell-zarni-es-az-adomanyok-egy-reszet-vissza-kell-adni\/","title":{"rendered":"Donald Trump: a Clinton Alap\u00edtv\u00e1nyt be kell z\u00e1rni \u00e9s az adom\u00e1nyok egy r\u00e9sz\u00e9t vissza kell adni"},"content":{"rendered":"<p><strong>A republik\u00e1nus eln\u00f6kjel\u00f6lt, Donald Trump h\u00e9tf\u0151n a Clinton Alap\u00edtv\u00e1ny azonnali bez\u00e1r\u00e1s\u00e1ra sz\u00f3l\u00edtott fel \u00e9s arra, hogy egyes adom\u00e1nyokat vissza kell adni az adom\u00e1nyoz\u00f3knak.<\/strong><!--more--><\/p>\n<div class=\"ads-in-post1\"><div id=\"gazdasagportal.hu_fullbanner_wideboard\"><\/div>\r\n<\/div>\n<p>    A republik\u00e1nus eln\u00f6kjel\u00f6lt h\u00e9tf\u0151n el\u0151sz\u00f6r k\u00f6zlem\u00e9nyben sz\u00f3l\u00edtott fel a Clinton Alap\u00edtv\u00e1ny bez\u00e1r\u00e1s\u00e1ra, majd a Fox telev\u00edzi\u00f3nak adott interj\u00faj\u00e1ban megism\u00e9telte, hogy szerinte azonnal be kellene z\u00e1rni az alap\u00edtv\u00e1nyt \u00e9s a p\u00e9nzt vissza kell k\u00fcldeni azoknak az orsz\u00e1goknak, amelyekt\u0151l &#8222;nem volna szabad p\u00e9nzt elfogadni&#8221;.<br \/>\n    K\u00f6zlem\u00e9ny\u00e9ben Donald Trump lesz\u00f6gezi: &#8222;Clinton\u00e9k \u00e9vtizedeken kereszt\u00fcl bennfentesk\u00e9nt a saj\u00e1t zseb\u00fcket b\u00e9lelt\u00e9k, \u00e9s az adom\u00e1nyoz\u00f3kkal t\u00f6r\u0151dtek, nem pedig az amerikai n\u00e9ppel. Most m\u00e1r vil\u00e1gos, hogy a Clinton Alap\u00edtv\u00e1ny a politika t\u00f6rt\u00e9net\u00e9nek legkorruptabb v\u00e1llalkoz\u00e1sa. Amit a tisztess\u00e9gtelen Hillary k\u00fcl\u00fcgyminiszters\u00e9ge idej\u00e9n csin\u00e1ltak, akkor is helytelen volt \u00e9s most is helytelen. Ezt azonnal meg kell sz\u00fcntetni&#8221;.     Nem sokkal a k\u00f6zlem\u00e9ny kiad\u00e1sa ut\u00e1n Trump a Fox telev\u00edzi\u00f3ban hozz\u00e1tette, hogy szerinte az adom\u00e1nyokat vissza kellene k\u00fcldeni sok orsz\u00e1gnak, amelyt\u0151l egy\u00e9bk\u00e9nt nem is kellett volna elfogadni. Trump szerint ezek az orsz\u00e1gok befoly\u00e1solt\u00e1k Hillary Clinton d\u00f6nt\u00e9seit \u00e9s vannak k\u00f6zt\u00fck olyanok is, amelyek h\u00e1tr\u00e1nyosan megk\u00fcl\u00f6nb\u00f6ztetik a n\u0151ket \u00e9s a homoszexu\u00e1lisokat. Az Alap\u00edtv\u00e1nyt azonnal be kell z\u00e1rni &#8211; hangs\u00falyozta a republik\u00e1nus eln\u00f6kjel\u00f6lt a telev\u00edzi\u00f3ban is.<br \/>\n    Arra a k\u00e9rd\u00e9sre, hogy szerinte Clinton\u00e9k visszak\u00fcldik-e a p\u00e9nzt, Trump \u00edgy v\u00e1laszolt: &#8222;megteszik-e vagy sem, \u0151k nagyon p\u00e9nzs\u00f3v\u00e1r emberek, \u00edgy val\u00f3sz\u00edn\u0171leg nem fogj\u00e1k visszak\u00fcldeni. Pedig ennek meg kell t\u00f6rt\u00e9nnie&#8221;.<br \/>\n    Ami\u00f3ta kider\u00fclt, hogy Hillary Clinton versenybe sz\u00e1ll az eln\u00f6ks\u00e9g\u00e9rt, a Clinton Alap\u00edtv\u00e1ny a k\u00e9rd\u00e9sek \u00e9s a t\u00e1mad\u00e1sok keresztt\u00fcz\u00e9be ker\u00fclt, els\u0151sorban is a p\u00e9nzgy\u0171jt\u00e9s m\u00f3dja \u00e9s az adom\u00e1nyoz\u00f3k kil\u00e9te miatt. Legut\u00f3bb vas\u00e1rnap Rudy Giuliani, New York v\u00e1ros volt polg\u00e1rmestere \u00e9s Trump szoros sz\u00f6vets\u00e9gese t\u00e1madta az alap\u00edtv\u00e1nyt, amikor a Fox telev\u00edzi\u00f3ban azzal hozakodott el\u0151, hogy az alap\u00edtv\u00e1ny &#8222;panam\u00e1z\u00f3 v\u00e1llalkoz\u00e1s&#8221; \u00e9s b\u0171nv\u00e1di elj\u00e1r\u00e1s al\u00e1 kellene vonni.<br \/>\n    Trump h\u00e9tf\u0151 d\u00e9lel\u0151tti k\u00f6zlem\u00e9ny\u00e9re \u00e9s interj\u00faj\u00e1ra d\u00e9lut\u00e1n a Clinton-kamp\u00e1ny v\u00e1laszolt. John Podesta kamp\u00e1nyf\u0151n\u00f6k szint\u00e9n k\u00f6zlem\u00e9nyt adott ki, amelyben eml\u00e9keztetett arra, hogy Clinton\u00e9k m\u00e1r a m\u00falt h\u00e9ten nyilv\u00e1noss\u00e1gra hozt\u00e1k, hogy amennyiben Hillary Clinton lesz az Egyes\u00fclt \u00c1llamok k\u00f6vetkez\u0151 eln\u00f6ke, akkor az alap\u00edtv\u00e1ny t\u00f6bb\u00e9 nem fogad el k\u00fclf\u00f6ldiekt\u0151l \u00e9s nagyv\u00e1llalatokt\u00f3l adom\u00e1nyokat.(MTI)<\/p>\n","protected":false},"excerpt":{"rendered":"<p>A republik\u00e1nus eln\u00f6kjel\u00f6lt, Donald Trump h\u00e9tf\u0151n a Clinton Alap\u00edtv\u00e1ny azonnali bez\u00e1r\u00e1s\u00e1ra sz\u00f3l\u00edtott fel \u00e9s arra, hogy egyes adom\u00e1nyokat vissza kell adni az adom\u00e1nyoz\u00f3knak.<\/p>\n","protected":false},"author":1,"featured_media":0,"comment_status":"open","ping_status":"closed","sticky":false,"template":"","format":"standard","meta":[],"categories":[13],"tags":[],"_links":{"self":[{"href":"https:\/\/gazdasagportal.hu\/index.php\/wp-json\/wp\/v2\/posts\/83717"}],"collection":[{"href":"https:\/\/gazdasagportal.hu\/index.php\/wp-json\/wp\/v2\/posts"}],"about":[{"href":"https:\/\/gazdasagportal.hu\/index.php\/wp-json\/wp\/v2\/types\/post"}],"author":[{"embeddable":true,"href":"https:\/\/gazdasagportal.hu\/index.php\/wp-json\/wp\/v2\/users\/1"}],"replies":[{"embeddable":true,"href":"https:\/\/gazdasagportal.hu\/index.php\/wp-json\/wp\/v2\/comments?post=83717"}],"version-history":[{"count":1,"href":"https:\/\/gazdasagportal.hu\/index.php\/wp-json\/wp\/v2\/posts\/83717\/revisions"}],"predecessor-version":[{"id":83718,"href":"https:\/\/gazdasagportal.hu\/index.php\/wp-json\/wp\/v2\/posts\/83717\/revisions\/83718"}],"wp:attachment":[{"href":"https:\/\/gazdasagportal.hu\/index.php\/wp-json\/wp\/v2\/media?parent=83717"}],"wp:term":[{"taxonomy":"category","embeddable":true,"href":"https:\/\/gazdasagportal.hu\/index.php\/wp-json\/wp\/v2\/categories?post=83717"},{"taxonomy":"post_tag","embeddable":true,"href":"https:\/\/gazdasagportal.hu\/index.php\/wp-json\/wp\/v2\/tags?post=83717"}],"curies":[{"name":"wp","href":"https:\/\/api.w.org\/{rel}","templated":true}]}}