{"id":83696,"date":"2016-08-22T13:17:37","date_gmt":"2016-08-22T11:17:37","guid":{"rendered":"http:\/\/gazdasagportal.hu\/?p=83696"},"modified":"2016-08-22T13:17:37","modified_gmt":"2016-08-22T11:17:37","slug":"ngm-allamtitkar-a-2-szazalekos-hianycel-mar-konzervativnak-minositheto","status":"publish","type":"post","link":"https:\/\/gazdasagportal.hu\/index.php\/ngm-allamtitkar-a-2-szazalekos-hianycel-mar-konzervativnak-minositheto\/","title":{"rendered":"NGM-\u00e1llamtitk\u00e1r: a 2 sz\u00e1zal\u00e9kos hi\u00e1nyc\u00e9l m\u00e1r konzervat\u00edvnak min\u0151s\u00edthet\u0151"},"content":{"rendered":"<p><strong>Az \u00e1llamh\u00e1ztart\u00e1s els\u0151 h\u00e9thavi v\u00e9gleges adatai meger\u0151s\u00edtik, hogy a k\u00f6lts\u00e9gvet\u00e9s helyzete tov\u00e1bbra is stabil, a 2 sz\u00e1zal\u00e9kos GDP-ar\u00e1nyos hi\u00e1nyc\u00e9l tal\u00e1n most m\u00e1r konzervat\u00edvnak min\u0151s\u00edthet\u0151 &#8211; mondta Banai P\u00e9ter Ben\u0151, a Nemzetgazdas\u00e1gi Miniszt\u00e9rium (NGM) \u00e1llamh\u00e1ztart\u00e1s\u00e9rt felel\u0151s \u00e1llamtitk\u00e1ra az M1 aktu\u00e1lis csatorn\u00e1n h\u00e9tf\u0151n.<\/strong><!--more--><\/p>\n<div class=\"ads-in-post1\"><div id=\"gazdasagportal.hu_fullbanner_wideboard\"><\/div>\r\n<\/div>\n<p>    Az \u00e1llamh\u00e1ztart\u00e1s k\u00f6zponti alrendszer\u00e9nek els\u0151 h\u00e9thavi hi\u00e1nya a v\u00e9gleges adatok szerint 464,8 milli\u00e1rd forint volt, ami az ut\u00f3bbi mintegy m\u00e1sf\u00e9l \u00e9vtized legalacsonyabb deficitje &#8211; k\u00f6z\u00f6lte a szakt\u00e1rca h\u00e9tf\u0151n. Tavaly az els\u0151 h\u00e9t h\u00f3napban az \u00e1llamh\u00e1ztart\u00e1s k\u00f6zponti alrendszer\u00e9nek deficitje az ideinek k\u00f6zel k\u00e9tszerese, 894,1 milli\u00e1rd forint volt.<br \/>\n    Az \u00e1llamtitk\u00e1r kiemelte, nemcsak egy-egy ad\u00f3nemben vannak jelent\u0151s bev\u00e9telek, hanem a k\u00f6lts\u00e9gvet\u00e9s bev\u00e9teli strukt\u00far\u00e1j\u00e1nak k\u00f6sz\u00f6nhet\u0151en sz\u00e1mos ter\u00fcleten. A szakt\u00e1rca sz\u00e1m\u00edt\u00e1sai szerint a 2 sz\u00e1zal\u00e9kos GDP-ar\u00e1nyos hi\u00e1nyc\u00e9l re\u00e1lisan el\u00e9rhet\u0151, az eddigi adatok szerint a k\u00f6lts\u00e9gvet\u00e9s poz\u00edci\u00f3ja enn\u00e9l jobb is lehet.<br \/>\n    Kifejtette, a re\u00e1lgazdas\u00e1gi folyamatok \u00e9s a k\u00f6lts\u00e9gvet\u00e9s nagyon szorosan \u00f6sszef\u00fcggnek, a m\u00e1sodik negyed\u00e9vi 2,6 sz\u00e1zal\u00e9kos n\u00f6veked\u00e9s lenyomat\u00e1t is l\u00e1tni lehet a k\u00f6lts\u00e9gvet\u00e9si sz\u00e1mokon. Az NGM mind az \u00e1ltal\u00e1nos forgalmi ad\u00f3b\u00f3l (\u00e1fa), mind a foglalkoztat\u00e1shoz kapcsol\u00f3d\u00f3 t\u00e9telekb\u0151l jelent\u0151s t\u00f6bbletekkel sz\u00e1mol az el\u0151z\u0151 \u00e9v azonos id\u0151szak\u00e1hoz k\u00e9pest. A fogyaszt\u00e1shoz \u00e9s a foglalkoztat\u00e1shoz kapcsol\u00f3d\u00f3 bev\u00e9telekkel kapcsolatban az \u00e9v h\u00e1tral\u00e9v\u0151 r\u00e9sz\u00e9ben is sz\u00e1mos pozit\u00edv fejlem\u00e9nnyel lehet sz\u00e1molni az \u00e1llamtitk\u00e1r szerint. A foglalkoztatottak sz\u00e1m\u00e1nak \u00e9s a re\u00e1lb\u00e9reknek az alakul\u00e1sa csak pozit\u00edv ir\u00e1nyban v\u00e1ltozhat, az \u00e9v eg\u00e9sz\u00e9re sz\u00e1molva a 2 sz\u00e1zal\u00e9kos GDP-ar\u00e1nyos hi\u00e1nyc\u00e9l tal\u00e1n most m\u00e1r konzervat\u00edvnak min\u0151s\u00edthet\u0151 &#8211; mondta az \u00e1llamtitk\u00e1r.<br \/>\n    Kit\u00e9rt arra is, hogy az uni\u00f3s t\u00e1mogat\u00e1sokn\u00e1l id\u00e9n a 2014-2020-as id\u0151szak kifizet\u00e9sei domin\u00e1lnak, melyek d\u00f6nt\u0151en az \u00e9v h\u00e1tral\u00e9v\u0151 \u00f6t h\u00f3napj\u00e1ban teljes\u00fclnek. Ez\u00e9rt itt j\u00f3val kisebb kiad\u00e1sokkal lehet sz\u00e1molni, mint a tavaly \u00e9v azonos id\u0151szak\u00e1ban, a tavalyi \u00e9v eg\u00e9sz\u00e9ben. Hozz\u00e1tette, 2015 a 2007-2014-es id\u0151szak z\u00e1r\u00f3 kifizet\u00e9seinek \u00e9ve volt, ez\u00e9rt voltak nagyon magasak az uni\u00f3s programok kiad\u00e1sai.<br \/>\n    A kamatkiad\u00e1sok a kedvez\u0151 ad\u00f3ss\u00e1gfinansz\u00edroz\u00e1si szerkezetnek k\u00f6sz\u00f6nhet\u0151en szint\u00e9n jelent\u0151sen, t\u00f6bb t\u00edzmilli\u00e1rdos t\u00e9tellel kisebbek id\u0151ar\u00e1nyosan, mint tavaly. A kamatkiad\u00e1sok a tervezettn\u00e9l kisebbek lesznek az \u00e9v eg\u00e9sz\u00e9ben &#8211; tette hozz\u00e1.<br \/>\n    Az \u00e1llamtitk\u00e1r hangs\u00falyozta, most m\u00e1r nemcsak egy-egy \u00e9vben, hanem \u00e9vek \u00f3ta stabil a k\u00f6lts\u00e9gvet\u00e9s helyzete, ami a j\u00f6v\u0151re n\u00e9zve bizakod\u00e1sra ad okot.(MTI)<\/p>\n","protected":false},"excerpt":{"rendered":"<p>Az \u00e1llamh\u00e1ztart\u00e1s els\u0151 h\u00e9thavi v\u00e9gleges adatai meger\u0151s\u00edtik, hogy a k\u00f6lts\u00e9gvet\u00e9s helyzete tov\u00e1bbra is stabil, a 2 sz\u00e1zal\u00e9kos GDP-ar\u00e1nyos hi\u00e1nyc\u00e9l tal\u00e1n most m\u00e1r konzervat\u00edvnak min\u0151s\u00edthet\u0151 &#8211; mondta Banai P\u00e9ter Ben\u0151, a Nemzetgazdas\u00e1gi Miniszt\u00e9rium (NGM) \u00e1llamh\u00e1ztart\u00e1s\u00e9rt felel\u0151s \u00e1llamtitk\u00e1ra az M1 aktu\u00e1lis csatorn\u00e1n h\u00e9tf\u0151n.<\/p>\n","protected":false},"author":1,"featured_media":0,"comment_status":"open","ping_status":"closed","sticky":false,"template":"","format":"standard","meta":[],"categories":[19],"tags":[],"_links":{"self":[{"href":"https:\/\/gazdasagportal.hu\/index.php\/wp-json\/wp\/v2\/posts\/83696"}],"collection":[{"href":"https:\/\/gazdasagportal.hu\/index.php\/wp-json\/wp\/v2\/posts"}],"about":[{"href":"https:\/\/gazdasagportal.hu\/index.php\/wp-json\/wp\/v2\/types\/post"}],"author":[{"embeddable":true,"href":"https:\/\/gazdasagportal.hu\/index.php\/wp-json\/wp\/v2\/users\/1"}],"replies":[{"embeddable":true,"href":"https:\/\/gazdasagportal.hu\/index.php\/wp-json\/wp\/v2\/comments?post=83696"}],"version-history":[{"count":1,"href":"https:\/\/gazdasagportal.hu\/index.php\/wp-json\/wp\/v2\/posts\/83696\/revisions"}],"predecessor-version":[{"id":83697,"href":"https:\/\/gazdasagportal.hu\/index.php\/wp-json\/wp\/v2\/posts\/83696\/revisions\/83697"}],"wp:attachment":[{"href":"https:\/\/gazdasagportal.hu\/index.php\/wp-json\/wp\/v2\/media?parent=83696"}],"wp:term":[{"taxonomy":"category","embeddable":true,"href":"https:\/\/gazdasagportal.hu\/index.php\/wp-json\/wp\/v2\/categories?post=83696"},{"taxonomy":"post_tag","embeddable":true,"href":"https:\/\/gazdasagportal.hu\/index.php\/wp-json\/wp\/v2\/tags?post=83696"}],"curies":[{"name":"wp","href":"https:\/\/api.w.org\/{rel}","templated":true}]}}