{"id":83694,"date":"2016-08-22T12:03:10","date_gmt":"2016-08-22T10:03:10","guid":{"rendered":"http:\/\/gazdasagportal.hu\/?p=83694"},"modified":"2016-08-22T12:03:10","modified_gmt":"2016-08-22T10:03:10","slug":"szukseg-van-egy-europai-hadseregre","status":"publish","type":"post","link":"https:\/\/gazdasagportal.hu\/index.php\/szukseg-van-egy-europai-hadseregre\/","title":{"rendered":"Sz\u00fcks\u00e9g van egy eur\u00f3pai hadseregre"},"content":{"rendered":"<p><strong>A migr\u00e1ci\u00f3s hull\u00e1m megmutatta, hogy sz\u00fcks\u00e9g van az Eur\u00f3pai Uni\u00f3 k\u00fcls\u0151 hat\u00e1rainak megv\u00e9d\u00e9s\u00e9re, \u00e9s ehhez kell egy eur\u00f3pai hadsereg &#8211; v\u00e9lekedett Bohuslav Sobotka cseh minisztereln\u00f6k a cseh nagyk\u00f6vetek \u00e9rtekezlet\u00e9nek kezdet\u00e9n elmondott besz\u00e9d\u00e9ben h\u00e9tf\u0151n, Pr\u00e1g\u00e1ban.<\/strong><!--more--><\/p>\n<div class=\"ads-in-post1\"><div id=\"gazdasagportal.hu_fullbanner_wideboard\"><\/div>\r\n<\/div>\n<p>    &#8222;Meggy\u0151z\u0151d\u00e9sem, hogy hossz\u00fa t\u00e1von nem tudunk meglenni egy eur\u00f3pai hadsereg n\u00e9lk\u00fcl&#8221; &#8211; jelentette ki a korm\u00e1nyf\u0151. Szerinte az eur\u00f3pai biztons\u00e1gpolitik\u00e1nak arra kell ir\u00e1nyulnia, hogy az Eur\u00f3pai Uni\u00f3 &#8222;akci\u00f3k\u00e9pesebb \u00e9s megb\u00edzhat\u00f3bb partner&#8221; legyen. Sobotka azzal sz\u00e1mol, hogy az Eur\u00f3pai Tan\u00e1cs legk\u00f6zelebbi \u00fcl\u00e9sein m\u00e1r konkr\u00e9t javaslatok is elhangzanak a k\u00f6z\u00f6s hadseregr\u0151l.<br \/>\n    A nemzetk\u00f6zi biztons\u00e1gpolitikai helyzet alakul\u00e1sa egy\u00e9rtelm\u0171en bebizony\u00edtotta, hogy Csehorsz\u00e1g sz\u00e1m\u00e1ra az eur\u00f3pai uni\u00f3s \u00e9s a NATO-tags\u00e1g &#8222;l\u00e9nyeges meghat\u00e1roz\u00f3 t\u00e9nyez\u0151&#8221;. A legut\u00f3bbi terrorcselekm\u00e9nyek alapj\u00e1n is nyilv\u00e1nval\u00f3, hogy Eur\u00f3p\u00e1nak a fenyeget\u00e9s minden form\u00e1j\u00e1ra fel kell k\u00e9sz\u00fclnie.<br \/>\n    &#8222;Az EU \u00e9s a NATO stabilit\u00e1s\u00e1nak \u00e9s cselekv\u0151k\u00e9pess\u00e9g\u00e9nek szavatol\u00e1sa kulcsfontoss\u00e1g\u00fa Csehorsz\u00e1g sz\u00e1m\u00e1ra. A vita a k\u00e9t szervezet j\u00f6v\u0151j\u00e9r\u0151l m\u00e1r megkezd\u0151d\u00f6tt&#8221; &#8211; mutatott r\u00e1 Bohuslav Sobotka. Lesz\u00f6gezte, hogy Csehorsz\u00e1g akt\u00edv k\u00edv\u00e1n lenni ezen a t\u00e9ren, \u00e9s nagy feladatok h\u00e1rulnak a cseh diplom\u00e1ci\u00e1ra is.<br \/>\n    Csehorsz\u00e1g sz\u00e1m\u00e1ra &#8211; fejtette ki Sobotka &#8211; az uni\u00f3s tags\u00e1gnak nincs alternat\u00edv\u00e1ja.<br \/>\n    A &#8222;cseh korm\u00e1ny v\u00e9delmezni fogja az \u00e9sszer\u0171 eur\u00f3pai egy\u00fcttm\u0171k\u00f6d\u00e9s folytat\u00e1s\u00e1t&#8221; Nagy-Britannia kil\u00e9p\u00e9se ut\u00e1n is &#8211; tette hozz\u00e1.<br \/>\n    A cseh nagyk\u00f6vetek szok\u00e1sos \u00e9vi \u00e9rtekezlet\u00e9nek els\u0151 napj\u00e1n Miroslav Lajc\u00e1k szlov\u00e1k k\u00fcl\u00fcgyminiszter is r\u00e9szt vesz. Lajc\u00e1k a nap folyam\u00e1n k\u00e9toldal\u00fa t\u00e1rgyal\u00e1sokat is folytat eur\u00f3pai k\u00e9rd\u00e9sekr\u0151l cseh partner\u00e9vel, Lubom\u00edr Zaor\u00e1lekkel \u00e9s Sobotka korm\u00e1nyf\u0151vel. (MTI)<br \/>\n<div class=\"ads-in-post1\"><div id=\"gazdasagportal.hu_fullbanner_wideboard\"><\/div>\r\n<\/div>\n","protected":false},"excerpt":{"rendered":"<p>A migr\u00e1ci\u00f3s hull\u00e1m megmutatta, hogy sz\u00fcks\u00e9g van az Eur\u00f3pai Uni\u00f3 k\u00fcls\u0151 hat\u00e1rainak megv\u00e9d\u00e9s\u00e9re, \u00e9s ehhez kell egy eur\u00f3pai hadsereg &#8211; v\u00e9lekedett Bohuslav Sobotka cseh minisztereln\u00f6k a cseh nagyk\u00f6vetek \u00e9rtekezlet\u00e9nek kezdet\u00e9n elmondott besz\u00e9d\u00e9ben h\u00e9tf\u0151n, Pr\u00e1g\u00e1ban.<\/p>\n","protected":false},"author":1,"featured_media":0,"comment_status":"open","ping_status":"closed","sticky":false,"template":"","format":"standard","meta":[],"categories":[12],"tags":[],"_links":{"self":[{"href":"https:\/\/gazdasagportal.hu\/index.php\/wp-json\/wp\/v2\/posts\/83694"}],"collection":[{"href":"https:\/\/gazdasagportal.hu\/index.php\/wp-json\/wp\/v2\/posts"}],"about":[{"href":"https:\/\/gazdasagportal.hu\/index.php\/wp-json\/wp\/v2\/types\/post"}],"author":[{"embeddable":true,"href":"https:\/\/gazdasagportal.hu\/index.php\/wp-json\/wp\/v2\/users\/1"}],"replies":[{"embeddable":true,"href":"https:\/\/gazdasagportal.hu\/index.php\/wp-json\/wp\/v2\/comments?post=83694"}],"version-history":[{"count":1,"href":"https:\/\/gazdasagportal.hu\/index.php\/wp-json\/wp\/v2\/posts\/83694\/revisions"}],"predecessor-version":[{"id":83695,"href":"https:\/\/gazdasagportal.hu\/index.php\/wp-json\/wp\/v2\/posts\/83694\/revisions\/83695"}],"wp:attachment":[{"href":"https:\/\/gazdasagportal.hu\/index.php\/wp-json\/wp\/v2\/media?parent=83694"}],"wp:term":[{"taxonomy":"category","embeddable":true,"href":"https:\/\/gazdasagportal.hu\/index.php\/wp-json\/wp\/v2\/categories?post=83694"},{"taxonomy":"post_tag","embeddable":true,"href":"https:\/\/gazdasagportal.hu\/index.php\/wp-json\/wp\/v2\/tags?post=83694"}],"curies":[{"name":"wp","href":"https:\/\/api.w.org\/{rel}","templated":true}]}}