{"id":83630,"date":"2016-08-19T17:22:52","date_gmt":"2016-08-19T15:22:52","guid":{"rendered":"http:\/\/gazdasagportal.hu\/?p=83630"},"modified":"2016-08-19T17:22:52","modified_gmt":"2016-08-19T15:22:52","slug":"illegalis-bevandorlas-a-balkani-utvonal-tartosan-zarva-marad","status":"publish","type":"post","link":"https:\/\/gazdasagportal.hu\/index.php\/illegalis-bevandorlas-a-balkani-utvonal-tartosan-zarva-marad\/","title":{"rendered":"Illeg\u00e1lis bev\u00e1ndorl\u00e1s &#8211; A balk\u00e1ni \u00fatvonal tart\u00f3san z\u00e1rva marad"},"content":{"rendered":"<p><strong>A balk\u00e1ni migr\u00e1ci\u00f3s \u00fatvonal tart\u00f3san z\u00e1rva marad &#8211; jelentette ki Sebastian Kurz osztr\u00e1k k\u00fcl\u00fcgyminiszter egy p\u00e9nteki n\u00e9met lapinterj\u00faban, amelyben arr\u00f3l is besz\u00e9lt, hogy nem szabad elt\u00falozni a Magyarorsz\u00e1gon az osztr\u00e1k hat\u00e1r fel\u00e9 gyalog elindult mened\u00e9kk\u00e9r\u0151k befogad\u00e1s\u00e1r\u00f3l tavaly szeptember elej\u00e9n hozott d\u00f6nt\u00e9s jelent\u0151s\u00e9g\u00e9t.<\/strong><!--more--><\/p>\n<div class=\"ads-in-post1\"><div id=\"gazdasagportal.hu_fullbanner_wideboard\"><\/div>\r\n<\/div>\n<p>    Sebastian Kurz a Rheinische Post c\u00edm\u0171 lap h\u00edrport\u00e1lj\u00e1n k\u00f6z\u00f6lt interj\u00faban kiemelte, hogy nem szabad &#8222;t\u00fal\u00e9rtelmezni&#8221; a tavaly szeptember 5-re virrad\u00f3ra hozott d\u00f6nt\u00e9st a Magyarorsz\u00e1gon elindult mened\u00e9kk\u00e9r\u0151k beenged\u00e9s\u00e9r\u0151l, mert a menek\u00fclthull\u00e1m m\u00e1r &#8222;sokkal kor\u00e1bban&#8221; megindult. Azonban a d\u00f6nt\u00e9s egy &#8222;tov\u00e1bbi l\u00e9p\u00e9s volt a korl\u00e1tlan migr\u00e1ci\u00f3 fel\u00e9&#8221;, \u00e9s ez a politika &#8222;v\u00e9geredm\u00e9nyben hib\u00e1snak bizonyult&#8221; &#8211; fogalmazott.<br \/>\n    Viszont a sz\u00f3ban forg\u00f3 szeptemberi h\u00e9tv\u00e9ge ut\u00e1n Angela Merkel n\u00e9met kancell\u00e1r is &#8222;l\u00e9nyeg\u00e9ben a korl\u00e1toz\u00e1s \u00e9s a bez\u00e1rk\u00f3z\u00e1s politik\u00e1j\u00e1t val\u00f3s\u00edtotta meg&#8221;, a Siker\u00fclni fog! (Wir schaffen das!) jelsz\u00f3 kiad\u00e1sa ut\u00e1n N\u00e9metorsz\u00e1gban &#8222;egy\u00e9rtelm\u0171 ir\u00e1nyv\u00e1lt\u00e1s t\u00f6rt\u00e9nt a menek\u00fcltek korl\u00e1tlan befogad\u00e1s\u00e1t\u00f3l a menek\u00fclt\u00e1ramlat korl\u00e1toz\u00e1sa fel\u00e9&#8221; &#8211; v\u00e9lte a jobboldali Osztr\u00e1k N\u00e9pp\u00e1rt (\u00d6VP) politikusa.<br \/>\n    Hozz\u00e1tette, hogy voltak ugyan felfog\u00e1sbeli k\u00fcl\u00f6nbs\u00e9gek Ausztria \u00e9s N\u00e9metorsz\u00e1g k\u00f6z\u00f6tt a megold\u00e1s mik\u00e9ntj\u00e9r\u0151l, \u00e9s Ausztria &#8222;N\u00e9metorsz\u00e1g akarata ellen\u00e9re&#8221; \u00fcltetett \u00e1t a gyakorlatba egy &#8222;hat\u00e9kony politik\u00e1t&#8221; a nyugat-balk\u00e1ni t\u00e9rs\u00e9gben v\u00e9grehajtott hat\u00e1rlez\u00e1r\u00e1sokkal, de m\u00e1r &#8222;egyet\u00e9rt\u00e9s van abban, hogy a menek\u00fcltek nem v\u00e1laszthatj\u00e1k meg,  hol akarnak \u00e9lni&#8221; &#8211; fejtette ki az osztr\u00e1k diplom\u00e1cia vezet\u0151je.<br \/>\n    Kiemelte, hogy am\u00edg kor\u00e1bban &#8222;Eur\u00f3pa kapuja nyitva \u00e1llt&#8221;, most &#8222;trendfordul\u00f3&#8221; tapasztalhat\u00f3, a hat\u00e1rok z\u00e1rva vannak, aminek k\u00f6vetkezt\u00e9ben az embercsemp\u00e9szek &#8222;szolg\u00e1ltat\u00e1sa&#8221; nagym\u00e9rt\u00e9kben dr\u00e1gult, \u00e9s \u00edgy &#8222;az illeg\u00e1lis migr\u00e1ci\u00f3 vesz\u00edtett vonzerej\u00e9b\u0151l&#8221;.<br \/>\n    Kurz hangs\u00falyozta, hogy a balk\u00e1ni migr\u00e1ci\u00f3s \u00fatvonal &#8222;term\u00e9szetesen tart\u00f3san&#8221; z\u00e1rva marad, mert az illeg\u00e1lis migr\u00e1ci\u00f3t csak \u00edgy lehet meg\u00e1ll\u00edtani, am\u00edg nem biztos\u00edtott az uni\u00f3s k\u00fcls\u0151 hat\u00e1rok v\u00e9delme.<br \/>\n    Kiemelte, hogy az EU-nak Spanyolorsz\u00e1gt\u00f3l vagy Ausztr\u00e1li\u00e1t\u00f3l tanulva \u00e1t kell vennie azt az alapelvet, hogy &#8222;nem jut be, aki illeg\u00e1lisan indul \u00fatnak&#8221;. Arra a felvet\u00e9sre, hogy Ausztr\u00e1li\u00e1ban intern\u00e1l\u00f3t\u00e1borokba vetik a menek\u00fclteket, azt mondta, hogy ezt &#8222;a sajt\u00f3 tal\u00e1lta ki&#8221;, \u00e9s val\u00f3j\u00e1ban a g\u00f6r\u00f6g-t\u00f6r\u00f6k tengeri hat\u00e1r t\u00e9rs\u00e9g\u00e9ben fekv\u0151 Leszbosz sziget\u00e9n is az a helyzet, hogy &#8222;a menek\u00fclteket meg\u00e1ll\u00edtj\u00e1k, \u00e9s nem engedik tov\u00e1bb&#8221;.<br \/>\n    Arra a k\u00e9rd\u00e9sre, hogy sz\u00fcks\u00e9g van-e B-tervre arra az esetre, ha elbukik az EU-T\u00f6r\u00f6korsz\u00e1g meg\u00e1llapod\u00e1s, azt mondta, hogy egy ilyen elk\u00e9pzel\u00e9st az els\u0151 sz\u00e1m\u00fa koncepci\u00f3, az A-terv hely\u00e9re kell \u00e1ll\u00edtani, mert az &#8222;\u00f6ntudatos, er\u0151s Eur\u00f3p\u00e1nak k\u00e9pesnek kell lennie arra, hogy \u00f6n\u00e1ll\u00f3an megv\u00e9dje hat\u00e1rait&#8221;. Ennek a tervnek azt kell tartalmaznia, hogy gyorsan ki kell \u00e9p\u00edteni a k\u00f6z\u00f6s hat\u00e1r-, \u00e9s partv\u00e9delmi szervezetet, ott kell meg\u00e1ll\u00edtani a menek\u00fclteket, ahol az EU ter\u00fclet\u00e9re \u00e9rkeznek, \u00e9s vil\u00e1gos meg\u00e1llapod\u00e1sokat kell k\u00f6tni a menek\u00fclteket kibocs\u00e1t\u00f3 orsz\u00e1gokkal.<br \/>\n    Mint mondta, az EU-nak nyom\u00e1st kell gyakorolnia az \u00e9szak-afrikai Maghreb-t\u00e9rs\u00e9g orsz\u00e1gaira, hogy fogadj\u00e1k vissza \u00e1llampolg\u00e1raikat, \u00e9s &#8222;fenyeget\u00e9sk\u00e9nt&#8221; ezen orsz\u00e1gok p\u00e9nz\u00fcgyi t\u00e1mogat\u00e1s\u00e1nak le\u00e1ll\u00edt\u00e1s\u00e1t is kil\u00e1t\u00e1sba kell helyezni.<br \/>\n    Az EU-nak &#8222;nemcsak az alap\u00e9rt\u00e9kei\u00e9rt, hanem az \u00e9rdekei\u00e9rt is ki kell \u00e1llnia&#8221; &#8211; mondta az osztr\u00e1k k\u00fcl\u00fcgyminiszter.<br \/>\n    A muzulm\u00e1n vall\u00e1s\u00fa menek\u00fcltek t\u00e1rsadalmi beilleszked\u00e9s\u00e9nek \u00fcgy\u00e9vel kapcsolatban hangs\u00falyozta, hogy nem valamely vall\u00e1sr\u00f3l vagy kult\u00fark\u00f6rr\u0151l van sz\u00f3, hanem arr\u00f3l, hogy &#8222;\u00f6sszekeveredik a bev\u00e1ndorl\u00e1s \u00e9s a v\u00e9delem keres\u00e9se&#8221;. Amikor nem politikai \u00fcld\u00f6ztet\u00e9s vagy h\u00e1bor\u00fa, polg\u00e1rh\u00e1bor\u00fa el\u0151l menek\u00fcl\u0151 emberek v\u00e9delm\u00e9r\u0151l, hanem bev\u00e1ndorl\u00e1sr\u00f3l van sz\u00f3, akkor &#8222;minden \u00e1llamnak joga megv\u00e1lasztani, hogy kit akar befogadni&#8221; &#8211; mondta Sebastian Kurz.(MTI)<\/p>\n","protected":false},"excerpt":{"rendered":"<p>A balk\u00e1ni migr\u00e1ci\u00f3s \u00fatvonal tart\u00f3san z\u00e1rva marad &#8211; jelentette ki Sebastian Kurz osztr\u00e1k k\u00fcl\u00fcgyminiszter egy p\u00e9nteki n\u00e9met lapinterj\u00faban, amelyben arr\u00f3l is besz\u00e9lt, hogy nem szabad elt\u00falozni a Magyarorsz\u00e1gon az osztr\u00e1k hat\u00e1r fel\u00e9 gyalog elindult mened\u00e9kk\u00e9r\u0151k befogad\u00e1s\u00e1r\u00f3l tavaly szeptember elej\u00e9n hozott d\u00f6nt\u00e9s jelent\u0151s\u00e9g\u00e9t.<\/p>\n","protected":false},"author":1,"featured_media":0,"comment_status":"open","ping_status":"closed","sticky":false,"template":"","format":"standard","meta":[],"categories":[12],"tags":[],"_links":{"self":[{"href":"https:\/\/gazdasagportal.hu\/index.php\/wp-json\/wp\/v2\/posts\/83630"}],"collection":[{"href":"https:\/\/gazdasagportal.hu\/index.php\/wp-json\/wp\/v2\/posts"}],"about":[{"href":"https:\/\/gazdasagportal.hu\/index.php\/wp-json\/wp\/v2\/types\/post"}],"author":[{"embeddable":true,"href":"https:\/\/gazdasagportal.hu\/index.php\/wp-json\/wp\/v2\/users\/1"}],"replies":[{"embeddable":true,"href":"https:\/\/gazdasagportal.hu\/index.php\/wp-json\/wp\/v2\/comments?post=83630"}],"version-history":[{"count":1,"href":"https:\/\/gazdasagportal.hu\/index.php\/wp-json\/wp\/v2\/posts\/83630\/revisions"}],"predecessor-version":[{"id":83631,"href":"https:\/\/gazdasagportal.hu\/index.php\/wp-json\/wp\/v2\/posts\/83630\/revisions\/83631"}],"wp:attachment":[{"href":"https:\/\/gazdasagportal.hu\/index.php\/wp-json\/wp\/v2\/media?parent=83630"}],"wp:term":[{"taxonomy":"category","embeddable":true,"href":"https:\/\/gazdasagportal.hu\/index.php\/wp-json\/wp\/v2\/categories?post=83630"},{"taxonomy":"post_tag","embeddable":true,"href":"https:\/\/gazdasagportal.hu\/index.php\/wp-json\/wp\/v2\/tags?post=83630"}],"curies":[{"name":"wp","href":"https:\/\/api.w.org\/{rel}","templated":true}]}}