{"id":83628,"date":"2016-08-19T16:19:00","date_gmt":"2016-08-19T14:19:00","guid":{"rendered":"http:\/\/gazdasagportal.hu\/?p=83628"},"modified":"2016-08-19T16:19:00","modified_gmt":"2016-08-19T14:19:00","slug":"brexit-ft-a-city-mar-nem-remel-univerzalis-hozzaferest-az-egyseges-belso-piachoz","status":"publish","type":"post","link":"https:\/\/gazdasagportal.hu\/index.php\/brexit-ft-a-city-mar-nem-remel-univerzalis-hozzaferest-az-egyseges-belso-piachoz\/","title":{"rendered":"Brexit &#8211; FT: a City m\u00e1r nem rem\u00e9l univerz\u00e1lis hozz\u00e1f\u00e9r\u00e9st az egys\u00e9ges bels\u0151 piachoz"},"content":{"rendered":"<p><strong>A londoni p\u00e9nz\u00fcgyi k\u00f6zpont feladta arr\u00f3l sz\u00f3l\u00f3 rem\u00e9nyeit, hogy Nagy-Britannia EU-b\u00f3l val\u00f3 v\u00e1rhat\u00f3 kil\u00e9p\u00e9se ut\u00e1n is univerz\u00e1lis hozz\u00e1f\u00e9r\u00e9se lesz az uni\u00f3 egys\u00e9ges bels\u0151 piac\u00e1hoz, \u00e9s ink\u00e1bb arra t\u00f6rekszik, hogy a Sv\u00e1jc\u00e9hoz hasonl\u00f3, de szorosabb meg\u00e1llapod\u00e1sok sz\u00fclessenek a k\u00fcl\u00f6nb\u00f6z\u0151 szektorok sz\u00e1m\u00e1ra.<\/strong><!--more--><\/p>\n<div class=\"ads-in-post1\"><div id=\"gazdasagportal.hu_fullbanner_wideboard\"><\/div>\r\n<\/div>\n<p>    A Financial Times p\u00e9nteki \u00e9rtes\u00fcl\u00e9se szerint a City \u00e9s a korm\u00e1nyzat k\u00e9pvisel\u0151i szeptemberben mutatj\u00e1k be elk\u00e9pzel\u00e9seiket a Theresa May minisztereln\u00f6k vezette Brexit-bizotts\u00e1gnak. A lap \u00fagy tudja, a p\u00e9nz\u00fcgyi k\u00f6zpont politikai \u00e9s gyakorlati okokb\u00f3l elvetette a Norv\u00e9gi\u00e1hoz hasonl\u00f3 kapcsolatrendszer kialak\u00edt\u00e1s\u00e1t az Eur\u00f3pai Uni\u00f3val, \u00e9s helyette, Sv\u00e1jchoz hasonl\u00f3an, egyedi meg\u00e1llapod\u00e1sokat szorgalmaz. Norv\u00e9gia tagja az EU egys\u00e9ges bels\u0151 piac\u00e1nak, de nincs belesz\u00f3l\u00e1sa a d\u00f6nt\u00e9shozatalba, \u00e9s el kell fogadnia a munkaer\u0151 \u00e9s a szolg\u00e1ltat\u00e1sok szabad \u00e1raml\u00e1s\u00e1t, valamint hozz\u00e1 kell j\u00e1rulnia a t\u00e1mogat\u00e1sokhoz.<br \/>\n    &#8222;A lehet\u0151 legsz\u00e9lesebb k\u00f6r\u0171 k\u00e9tir\u00e1ny\u00fa piaci hozz\u00e1f\u00e9r\u00e9sre van sz\u00fcks\u00e9g&#8221; &#8211; hangs\u00falyozta a brit banksz\u00f6vets\u00e9g (BBA) vezet\u0151je. Anthony Browne szerint mindk\u00e9t f\u00e9lnek fontos, hogy megval\u00f3suljon ez a fajta egy\u00fcttm\u0171k\u00f6d\u00e9s, &#8222;az Eur\u00f3pai Uni\u00f3 tag\u00e1llamainak ugyanis nem \u00e9rdeke, hogy elv\u00e1gj\u00e1k magukat a legjelent\u0151sebb p\u00e9nz\u00fcgyi k\u00f6zpontjukt\u00f3l, f\u0151k\u00e9nt olyan id\u0151kben, amikor mindannyian a gazdas\u00e1gi n\u00f6veked\u00e9s fellend\u00edt\u00e9s\u00e9re t\u00f6rekednek&#8221;.<br \/>\n    A szakember eml\u00e9keztetett arra, hogy az \u00fagynevezett passporting, vagyis a p\u00e9nz\u00fcgyi szolg\u00e1ltat\u00f3k tev\u00e9kenys\u00e9g\u00e9nek enged\u00e9lyez\u00e9se r\u00e9v\u00e9n a Sv\u00e1jc \u00e9s az EU k\u00f6z\u00f6tti kereskedelmi meg\u00e1llapod\u00e1sok k\u00e9tir\u00e1ny\u00fa teljes hozz\u00e1f\u00e9r\u00e9st biztos\u00edtanak egyes szektorok, p\u00e9ld\u00e1ul az \u00e9letbiztos\u00edt\u00e1s sz\u00e1m\u00e1ra. Anthony Browne szerint r\u00e1ad\u00e1sul mivel az Egyes\u00fclt Kir\u00e1lys\u00e1g lesz az EU legnagyobb exportpiaca, a szigetorsz\u00e1gnak a sv\u00e1jcin\u00e1l el\u0151ny\u00f6sebb meg\u00e1llapod\u00e1st kellene kialkudnia.<br \/>\n    A Financial Times \u00e9rtes\u00fcl\u00e9se szerint a brit korm\u00e1ny az \u00e9v v\u00e9ge el\u0151tt nem ismerteti hivatalos t\u00e1rgyal\u00e1si strat\u00e9gi\u00e1j\u00e1t, Theresa May azonban szeretn\u00e9, ha az inform\u00e1lis \u00e1ll\u00e1spontok m\u00e1r kor\u00e1bban kialakuln\u00e1nak, hogy megismerhesse Sk\u00f3cia, \u00c9szak-\u00cdrorsz\u00e1g \u00e9s Wales, illetve Br\u00fcsszel v\u00e9lem\u00e9ny\u00e9t.<br \/>\n    A City egyik legkomolyabb aggodalma a p\u00e9nz\u00fcgyi szektort illet\u0151en az, hogy az Egyes\u00fclt Kir\u00e1lys\u00e1g \u00faj kereskedelmi meg\u00e1llapod\u00e1s n\u00e9lk\u00fcl l\u00e9p ki az Eur\u00f3pai Uni\u00f3b\u00f3l, \u00e9s \u00edgy egyik pillanatr\u00f3l a m\u00e1sikra elv\u00e9sz a hozz\u00e1f\u00e9r\u00e9se az egys\u00e9ges bels\u0151 piachoz. Ennek elker\u00fcl\u00e9s\u00e9re egyesek \u00e1tmeneti meg\u00e1llapod\u00e1s kidolgoz\u00e1s\u00e1t javasolj\u00e1k.<br \/>\n    A p\u00e9nz\u00fcgyi k\u00f6zpont javaslat\u00e1n dolgoz\u00f3 szakemberek hangs\u00falyozni fogj\u00e1k, hogy ha a Nagy-Britannia \u00e9s az EU k\u00f6z\u00f6tti \u00faj meg\u00e1llapod\u00e1s azonnal \u00e9letbe is l\u00e9p, a citybeli int\u00e9zm\u00e9nyeknek akkor is id\u0151re lesz sz\u00fcks\u00e9g\u00fck szolg\u00e1ltat\u00e1si strukt\u00far\u00e1juk \u00e9s sz\u00e1m\u00edt\u00e1stechnikai rendszereik friss\u00edt\u00e9s\u00e9hez.(MTI)<\/p>\n","protected":false},"excerpt":{"rendered":"<p>A londoni p\u00e9nz\u00fcgyi k\u00f6zpont feladta arr\u00f3l sz\u00f3l\u00f3 rem\u00e9nyeit, hogy Nagy-Britannia EU-b\u00f3l val\u00f3 v\u00e1rhat\u00f3 kil\u00e9p\u00e9se ut\u00e1n is univerz\u00e1lis hozz\u00e1f\u00e9r\u00e9se lesz az uni\u00f3 egys\u00e9ges bels\u0151 piac\u00e1hoz, \u00e9s ink\u00e1bb arra t\u00f6rekszik, hogy a Sv\u00e1jc\u00e9hoz hasonl\u00f3, de szorosabb meg\u00e1llapod\u00e1sok sz\u00fclessenek a k\u00fcl\u00f6nb\u00f6z\u0151 szektorok sz\u00e1m\u00e1ra.<\/p>\n","protected":false},"author":1,"featured_media":81437,"comment_status":"open","ping_status":"closed","sticky":false,"template":"","format":"standard","meta":[],"categories":[146,246],"tags":[],"_links":{"self":[{"href":"https:\/\/gazdasagportal.hu\/index.php\/wp-json\/wp\/v2\/posts\/83628"}],"collection":[{"href":"https:\/\/gazdasagportal.hu\/index.php\/wp-json\/wp\/v2\/posts"}],"about":[{"href":"https:\/\/gazdasagportal.hu\/index.php\/wp-json\/wp\/v2\/types\/post"}],"author":[{"embeddable":true,"href":"https:\/\/gazdasagportal.hu\/index.php\/wp-json\/wp\/v2\/users\/1"}],"replies":[{"embeddable":true,"href":"https:\/\/gazdasagportal.hu\/index.php\/wp-json\/wp\/v2\/comments?post=83628"}],"version-history":[{"count":1,"href":"https:\/\/gazdasagportal.hu\/index.php\/wp-json\/wp\/v2\/posts\/83628\/revisions"}],"predecessor-version":[{"id":83629,"href":"https:\/\/gazdasagportal.hu\/index.php\/wp-json\/wp\/v2\/posts\/83628\/revisions\/83629"}],"wp:featuredmedia":[{"embeddable":true,"href":"https:\/\/gazdasagportal.hu\/index.php\/wp-json\/wp\/v2\/media\/81437"}],"wp:attachment":[{"href":"https:\/\/gazdasagportal.hu\/index.php\/wp-json\/wp\/v2\/media?parent=83628"}],"wp:term":[{"taxonomy":"category","embeddable":true,"href":"https:\/\/gazdasagportal.hu\/index.php\/wp-json\/wp\/v2\/categories?post=83628"},{"taxonomy":"post_tag","embeddable":true,"href":"https:\/\/gazdasagportal.hu\/index.php\/wp-json\/wp\/v2\/tags?post=83628"}],"curies":[{"name":"wp","href":"https:\/\/api.w.org\/{rel}","templated":true}]}}