{"id":83624,"date":"2016-08-19T15:14:26","date_gmt":"2016-08-19T13:14:26","guid":{"rendered":"http:\/\/gazdasagportal.hu\/?p=83624"},"modified":"2016-08-19T15:14:26","modified_gmt":"2016-08-19T13:14:26","slug":"bbc-az-ev-elso-het-honapjaban-143-ember-halt-meg-terrorcselekmenyekben-nyugat-europaban","status":"publish","type":"post","link":"https:\/\/gazdasagportal.hu\/index.php\/bbc-az-ev-elso-het-honapjaban-143-ember-halt-meg-terrorcselekmenyekben-nyugat-europaban\/","title":{"rendered":"BBC: az \u00e9v els\u0151 h\u00e9t h\u00f3napj\u00e1ban 143 ember halt meg terrorcselekm\u00e9nyekben Nyugat-Eur\u00f3p\u00e1ban"},"content":{"rendered":"<p><strong>Janu\u00e1r elej\u00e9t\u0151l j\u00falius v\u00e9g\u00e9ig 143 ember halt meg terrorcselekm\u00e9nyekben Nyugat-Eur\u00f3p\u00e1ban, ez a sz\u00e1m 1980 \u00f3ta a m\u00e1sodik, a madridi mer\u00e9nylet \u00e9ve, 2004 \u00f3ta pedig a legmagasabb a BBC p\u00e9nteki ismertet\u00e9se szerint.<\/strong><!--more--><\/p>\n<div class=\"ads-in-post1\"><div id=\"gazdasagportal.hu_fullbanner_wideboard\"><\/div>\r\n<\/div>\n<p>    A brit k\u00f6zszolg\u00e1lati m\u00e9dium munkat\u00e1rsai t\u00f6bb ezer \u00fajs\u00e1gcikket elemezve k\u00e9sz\u00edtett\u00e9k elemz\u00e9s\u00fcket, eredm\u00e9nyeiket pedig a Marylandi Egyetem terrorizmussal foglalkoz\u00f3 adatb\u00e1zis\u00e1val (Global Terrorism Database, GTD) vetett\u00e9k \u00f6ssze.<br \/>\n    A GTD-kutat\u00e1s vezet\u0151je, Erin Miller aggaszt\u00f3nak mondja, hogy az elm\u00falt \u00e9vekben meredeken n\u0151tt a vil\u00e1gon a mer\u00e9nyletek sz\u00e1ma, \u00e9s ezek egyre t\u00f6bb ember\u00e9letet k\u00f6vetelnek. Nyugat-Eur\u00f3p\u00e1val kapcsolatban viszont a szakember r\u00e1mutatott arra, hogy az 1970-es \u00e9vekben t\u00f6bbsz\u00f6r is magasabb volt a terrorizmus hal\u00e1los \u00e1ldozatainak sz\u00e1ma az idein\u00e9l.<br \/>\n    Eml\u00e9keztetett az \u00e9szak-\u00edrorsz\u00e1gi, felekezetek k\u00f6z\u00f6tti er\u0151szakra \u00e9s az \u00cdr K\u00f6zt\u00e1rsas\u00e1gi Hadsereg (IRA) \u00e1ltal elk\u00f6vetett mer\u00e9nyletekre, a Baszkf\u00f6ld f\u00fcggetlens\u00e9g\u00e9\u00e9rt k\u00fczd\u0151 Baszk Haza \u00e9s Halad\u00e1s (ETA) akci\u00f3ira Spanyolorsz\u00e1gban \u00e9s Franciaorsz\u00e1gban, valamint a sz\u00e9ls\u0151baloldali csoportok tev\u00e9kenys\u00e9g\u00e9re Eur\u00f3pa m\u00e1s r\u00e9szein, p\u00e9ld\u00e1ul Nyugat-N\u00e9metorsz\u00e1gban \u00e9s Olaszorsz\u00e1gban.<br \/>\n    &#8222;Hiba lenne megfeledkezni err\u0151l, \u00e9s azt felt\u00e9telezni, hogy Nyugat-Eur\u00f3pa lefel\u00e9 tart\u00f3 v\u00e9gtelen spir\u00e1lba ker\u00fclt, mert nem \u00edgy van&#8221; &#8211; v\u00e9lekedett.<br \/>\n    A terrorizmus glob\u00e1lis jelleg\u00e9re utalva Erin Miller felh\u00edvta a figyelmet arra is, hogy 2016 j\u00falius\u00e1ban becsl\u00e9sek szerint vil\u00e1gviszonylatban az \u00f6sszes terrort\u00e1mad\u00e1s \u00e1ldozatainak hat sz\u00e1zal\u00e9ka vesztette \u00e9let\u00e9t Nyugat-Eur\u00f3p\u00e1ban.<br \/>\n    A mer\u00e9nyletek t\u00falnyom\u00f3 r\u00e9sz\u00e9t tov\u00e1bbra is Irakban, Afganiszt\u00e1nban, Sz\u00edri\u00e1ban \u00e9s Nig\u00e9ri\u00e1ban k\u00f6vetik el &#8211; sorolta. Ezekb\u0151l az orsz\u00e1gokb\u00f3l ugyanakkor neh\u00e9z pontos inform\u00e1ci\u00f3khoz jutni az \u00e1ldozatok sz\u00e1m\u00e1r\u00f3l.<br \/>\n    Steven Pinker, a Harvard Egyetem tan\u00e1ra, aki az er\u0151szak mint\u00e1it tanulm\u00e1nyozza, \u00fagy v\u00e9li, hogy az emberek &#8222;ar\u00e1nytalanul&#8221; rettegnek a terrorizmust\u00f3l.<br \/>\n    &#8222;Minden f\u00e9lelem ellen\u00e9re, amelyet a terrorizmus sz\u00fcl, sokkal nagyobb a val\u00f3sz\u00edn\u0171s\u00e9ge, hogy valaki p\u00e9ld\u00e1ul balesetben hal meg. A terrorizmus jellegzetess\u00e9ge azonban, hogy nagy visszhangot v\u00e1lt ki. Nem tudjuk elford\u00edtani a fej\u00fcnket egy v\u00e9rengz\u00e9s l\u00e1tt\u00e1n, \u00e9s a terrorist\u00e1k tudj\u00e1k ezt&#8221; &#8211; mutatott r\u00e1.(MTI)<\/p>\n","protected":false},"excerpt":{"rendered":"<p>Janu\u00e1r elej\u00e9t\u0151l j\u00falius v\u00e9g\u00e9ig 143 ember halt meg terrorcselekm\u00e9nyekben Nyugat-Eur\u00f3p\u00e1ban, ez a sz\u00e1m 1980 \u00f3ta a m\u00e1sodik, a madridi mer\u00e9nylet \u00e9ve, 2004 \u00f3ta pedig a legmagasabb a BBC p\u00e9nteki ismertet\u00e9se szerint.<\/p>\n","protected":false},"author":1,"featured_media":0,"comment_status":"open","ping_status":"closed","sticky":false,"template":"","format":"standard","meta":[],"categories":[12],"tags":[],"_links":{"self":[{"href":"https:\/\/gazdasagportal.hu\/index.php\/wp-json\/wp\/v2\/posts\/83624"}],"collection":[{"href":"https:\/\/gazdasagportal.hu\/index.php\/wp-json\/wp\/v2\/posts"}],"about":[{"href":"https:\/\/gazdasagportal.hu\/index.php\/wp-json\/wp\/v2\/types\/post"}],"author":[{"embeddable":true,"href":"https:\/\/gazdasagportal.hu\/index.php\/wp-json\/wp\/v2\/users\/1"}],"replies":[{"embeddable":true,"href":"https:\/\/gazdasagportal.hu\/index.php\/wp-json\/wp\/v2\/comments?post=83624"}],"version-history":[{"count":1,"href":"https:\/\/gazdasagportal.hu\/index.php\/wp-json\/wp\/v2\/posts\/83624\/revisions"}],"predecessor-version":[{"id":83625,"href":"https:\/\/gazdasagportal.hu\/index.php\/wp-json\/wp\/v2\/posts\/83624\/revisions\/83625"}],"wp:attachment":[{"href":"https:\/\/gazdasagportal.hu\/index.php\/wp-json\/wp\/v2\/media?parent=83624"}],"wp:term":[{"taxonomy":"category","embeddable":true,"href":"https:\/\/gazdasagportal.hu\/index.php\/wp-json\/wp\/v2\/categories?post=83624"},{"taxonomy":"post_tag","embeddable":true,"href":"https:\/\/gazdasagportal.hu\/index.php\/wp-json\/wp\/v2\/tags?post=83624"}],"curies":[{"name":"wp","href":"https:\/\/api.w.org\/{rel}","templated":true}]}}