{"id":83577,"date":"2016-08-18T11:56:23","date_gmt":"2016-08-18T09:56:23","guid":{"rendered":"http:\/\/gazdasagportal.hu\/?p=83577"},"modified":"2016-08-18T11:56:23","modified_gmt":"2016-08-18T09:56:23","slug":"juliusban-nott-az-inflacio-az-euroovezetben-es-az-eu-ban","status":"publish","type":"post","link":"https:\/\/gazdasagportal.hu\/index.php\/juliusban-nott-az-inflacio-az-euroovezetben-es-az-eu-ban\/","title":{"rendered":"J\u00faliusban n\u0151tt az infl\u00e1ci\u00f3 az eur\u00f3\u00f6vezetben \u00e9s az EU-ban"},"content":{"rendered":"<p><strong>J\u00faliusban tov\u00e1bb emelkedett az infl\u00e1ci\u00f3 az eur\u00f3\u00f6vezetben \u00e9s az Eur\u00f3pai Uni\u00f3ban &#8211; der\u00fcl ki az EU statisztikai hivatala, az Eurostat cs\u00fct\u00f6rt\u00f6k\u00f6n k\u00f6zz\u00e9tett jelent\u00e9s\u00e9b\u0151l.<\/strong><!--more--><\/p>\n<div class=\"ads-in-post1\"><div id=\"gazdasagportal.hu_fullbanner_wideboard\"><\/div>\r\n<\/div>\n<p>    J\u00faliusban 0,2 sz\u00e1zal\u00e9kra emelkedett az \u00e9ves infl\u00e1ci\u00f3 a j\u00faniusi 0,1 sz\u00e1zal\u00e9kr\u00f3l az eur\u00f3\u00f6vezetben \u00e9s az Eur\u00f3pai Uni\u00f3ban egyar\u00e1nt. Egy \u00e9vvel kor\u00e1bban, 2015 j\u00falius\u00e1ban 0,2 sz\u00e1zal\u00e9k volt az \u00e9ves infl\u00e1ci\u00f3 mindk\u00e9t t\u00e9rs\u00e9gben.<br \/>\n    M\u00e1jusban 0,1 sz\u00e1zal\u00e9kos negat\u00edv infl\u00e1ci\u00f3 volt mindk\u00e9t r\u00e9gi\u00f3ban az \u00e1prilisi 0,2 sz\u00e1zal\u00e9kos \u00e9ves \u00e1rcs\u00f6kken\u00e9s ut\u00e1n.<br \/>\n    Az el\u0151z\u0151 havihoz k\u00e9pest j\u00faliusban az eur\u00f3\u00f6vezetben 0,6 sz\u00e1zal\u00e9kkal, az EU-ban 0,4 sz\u00e1zal\u00e9kkal cs\u00f6kkentek a fogyaszt\u00f3i \u00e1rak.<br \/>\n    Elemz\u0151k az eur\u00f3\u00f6vezetre 0,5 sz\u00e1zal\u00e9kos havi \u00e1rcs\u00f6kken\u00e9st \u00e9s 0,2 sz\u00e1zal\u00e9kos \u00e9ves \u00e1remelked\u00e9st jeleztek el\u0151re.<br \/>\n    J\u00faliusban tizenk\u00e9t Eur\u00f3pai Uni\u00f3s tag\u00e1llamban regisztr\u00e1ltak negat\u00edv infl\u00e1ci\u00f3t. A legnagyobb m\u00e9rt\u00e9kben, 1,1 sz\u00e1zal\u00e9kkal Bulg\u00e1ri\u00e1ban \u00e9s Horv\u00e1torsz\u00e1gban cs\u00f6kkentek a fogyaszt\u00f3i \u00e1rak. Szlov\u00e1ki\u00e1ban 0,9 sz\u00e1zal\u00e9k, Spanyolorsz\u00e1gban 0,7 sz\u00e1zal\u00e9kkal cs\u00f6kkentek a fogyaszt\u00f3i \u00e1rak.<br \/>\n    A legnagyobb m\u00e9rt\u00e9k\u0171 \u00e9ves \u00e1remelked\u00e9st Belgiumban regisztr\u00e1lt\u00e1k, 2,0 sz\u00e1zal\u00e9kosat. Sv\u00e9dorsz\u00e1gban 1,1 sz\u00e1zal\u00e9k, M\u00e1lt\u00e1n 0,9 sz\u00e1zal\u00e9k volt az infl\u00e1ci\u00f3 j\u00faliusban.<br \/>\n    Az el\u0151z\u0151 h\u00f3nappal, 2016 j\u00fanius\u00e1val \u00f6sszevetve j\u00faliusban kilenc uni\u00f3s tag\u00e1llamban cs\u00f6kkent az \u00e9ves infl\u00e1ci\u00f3, h\u00e9t tag\u00e1llamban nem v\u00e1ltozott, tizenkett\u0151ben pedig emelkedett.<br \/>\n    Magyarorsz\u00e1gon 0,3 sz\u00e1zal\u00e9k volt az \u00e9ves \u00e1rcs\u00f6kken\u00e9s, az el\u0151z\u0151 havihoz k\u00e9pest pedig 0,2 sz\u00e1zal\u00e9kkal cs\u00f6kkentek a fogyaszt\u00f3i \u00e1rak j\u00faliusban.(MTI)<\/p>\n","protected":false},"excerpt":{"rendered":"<p>J\u00faliusban tov\u00e1bb emelkedett az infl\u00e1ci\u00f3 az eur\u00f3\u00f6vezetben \u00e9s az Eur\u00f3pai Uni\u00f3ban &#8211; der\u00fcl ki az EU statisztikai hivatala, az Eurostat cs\u00fct\u00f6rt\u00f6k\u00f6n k\u00f6zz\u00e9tett jelent\u00e9s\u00e9b\u0151l.<\/p>\n","protected":false},"author":1,"featured_media":0,"comment_status":"open","ping_status":"closed","sticky":false,"template":"","format":"standard","meta":[],"categories":[246],"tags":[],"_links":{"self":[{"href":"https:\/\/gazdasagportal.hu\/index.php\/wp-json\/wp\/v2\/posts\/83577"}],"collection":[{"href":"https:\/\/gazdasagportal.hu\/index.php\/wp-json\/wp\/v2\/posts"}],"about":[{"href":"https:\/\/gazdasagportal.hu\/index.php\/wp-json\/wp\/v2\/types\/post"}],"author":[{"embeddable":true,"href":"https:\/\/gazdasagportal.hu\/index.php\/wp-json\/wp\/v2\/users\/1"}],"replies":[{"embeddable":true,"href":"https:\/\/gazdasagportal.hu\/index.php\/wp-json\/wp\/v2\/comments?post=83577"}],"version-history":[{"count":1,"href":"https:\/\/gazdasagportal.hu\/index.php\/wp-json\/wp\/v2\/posts\/83577\/revisions"}],"predecessor-version":[{"id":83578,"href":"https:\/\/gazdasagportal.hu\/index.php\/wp-json\/wp\/v2\/posts\/83577\/revisions\/83578"}],"wp:attachment":[{"href":"https:\/\/gazdasagportal.hu\/index.php\/wp-json\/wp\/v2\/media?parent=83577"}],"wp:term":[{"taxonomy":"category","embeddable":true,"href":"https:\/\/gazdasagportal.hu\/index.php\/wp-json\/wp\/v2\/categories?post=83577"},{"taxonomy":"post_tag","embeddable":true,"href":"https:\/\/gazdasagportal.hu\/index.php\/wp-json\/wp\/v2\/tags?post=83577"}],"curies":[{"name":"wp","href":"https:\/\/api.w.org\/{rel}","templated":true}]}}