{"id":83507,"date":"2016-08-16T16:37:48","date_gmt":"2016-08-16T14:37:48","guid":{"rendered":"http:\/\/gazdasagportal.hu\/?p=83507"},"modified":"2016-08-16T16:37:48","modified_gmt":"2016-08-16T14:37:48","slug":"ausztria-lakossaganak-tobb-mint-husz-szazaleka-elso-vagy-masodik-generacios-bevandorlo","status":"publish","type":"post","link":"https:\/\/gazdasagportal.hu\/index.php\/ausztria-lakossaganak-tobb-mint-husz-szazaleka-elso-vagy-masodik-generacios-bevandorlo\/","title":{"rendered":"Ausztria lakoss\u00e1g\u00e1nak t\u00f6bb mint h\u00fasz sz\u00e1zal\u00e9ka els\u0151 vagy m\u00e1sodik gener\u00e1ci\u00f3s bev\u00e1ndorl\u00f3"},"content":{"rendered":"<p><strong>Ausztria mintegy 8,5 milli\u00f3s lakoss\u00e1g\u00e1nak t\u00f6bb mint h\u00fasz sz\u00e1zal\u00e9ka bev\u00e1ndorl\u00f3, vagy bev\u00e1ndorl\u00f3k Ausztri\u00e1ban sz\u00fcletett gyermeke &#8211; der\u00fclt ki a Sebastian Kurz k\u00fcl\u00fcgyi \u00e9s integr\u00e1ci\u00f3s miniszter \u00e1ltal kedden bemutatott jelent\u00e9sb\u0151l.<\/strong><!--more--><\/p>\n<div class=\"ads-in-post1\"><div id=\"gazdasagportal.hu_fullbanner_wideboard\"><\/div>\r\n<\/div>\n<p>    Az integr\u00e1ci\u00f3r\u00f3l sz\u00f3l\u00f3 adatok szerint ez a sz\u00e1m csaknem sz\u00e1zezerrel t\u00f6bb, mint 2014-ben volt. A bev\u00e1ndorl\u00f3k nagy r\u00e9sze els\u0151 gener\u00e1ci\u00f3s, vagyis egy m\u00e1sik orsz\u00e1gb\u00f3l sz\u00e1rmazik. Mintegy f\u00e9lmilli\u00f3an vannak a m\u00e1sodik gener\u00e1ci\u00f3s bev\u00e1ndorl\u00f3k, vagyis akiknek sz\u00fclei m\u00e9g nem, maguk azonban m\u00e1r Ausztri\u00e1ban sz\u00fclettek. Az orsz\u00e1gban \u00e9l\u0151 osztr\u00e1k \u00e1llampolg\u00e1rok \u00e1tlag\u00e9letkora 44, a k\u00fclf\u00f6ldi \u00e1llampolg\u00e1rok\u00e9 35 \u00e9v.<br \/>\n    Tavaly az osztr\u00e1k hat\u00f3s\u00e1gokhoz beny\u00fajtott mened\u00e9kk\u00e9relmek sz\u00e1ma mintegy 90 ezer volt, vagyis annyi, mint 2010 \u00e9s 2014 k\u00f6z\u00f6tt \u00f6sszesen. A mened\u00e9kk\u00e9r\u0151k t\u00f6bbs\u00e9ge Afganiszt\u00e1nb\u00f3l \u00e9s Sz\u00edri\u00e1b\u00f3l sz\u00e1rmazott, mintegy 30-30 sz\u00e1zal\u00e9kuk \u00e9rkezett e k\u00e9t orsz\u00e1gb\u00f3l. Irakb\u00f3l a k\u00e9relmet beny\u00fajt\u00f3k 15 sz\u00e1zal\u00e9ka j\u00f6tt az orsz\u00e1gba.<br \/>\n    Az Ausztri\u00e1ban \u00e9l\u0151 bev\u00e1ndorl\u00f3k t\u00f6bb mint h\u00e1romnegyed\u00e9nek nem n\u00e9met az anyanyelve. K\u00f6z\u00fcl\u00fck 17 sz\u00e1zal\u00e9k gyeng\u00e9n vagy alig, 33 sz\u00e1zal\u00e9kuk halad\u00f3 szinten, 29 sz\u00e1zal\u00e9kuk \u00e1tlagosan besz\u00e9l n\u00e9met\u00fcl, 21 sz\u00e1zal\u00e9kuk pedig majdnem olyan j\u00f3l saj\u00e1t\u00edtotta el a fogad\u00f3 orsz\u00e1g nyelv\u00e9t, mint saj\u00e1t anyanyelv\u00e9t.<br \/>\n    T\u00f6bb mint 210 ezer bev\u00e1ndorl\u00f3 \u00e9rkezett tavaly Ausztri\u00e1ba, t\u00f6bb mint sz\u00e1zezren m\u00e1r el is hagyt\u00e1k az orsz\u00e1got. A legt\u00f6bben, 21 ezren Sz\u00edri\u00e1b\u00f3l \u00e9rkeztek, hasonl\u00f3an sokan v\u00e1ndoroltak be Afganiszt\u00e1nb\u00f3l is. Az uni\u00f3s orsz\u00e1gok k\u00f6z\u00fcl Rom\u00e1ni\u00e1b\u00f3l sz\u00e1rmaznak a legt\u00f6bben, nagyj\u00e1b\u00f3l 17 500-an, de majdnem ennyien \u00e9rkeztek N\u00e9metorsz\u00e1gb\u00f3l is.<br \/>\n    A k\u00fcl\u00fcgyminiszt\u00e9rium bev\u00e1ndorl\u00e1ssal foglalkoz\u00f3 szak\u00e9rt\u0151i tan\u00e1cs\u00e1nak vezet\u0151je, Heinz Fassmann a tavalyi \u00e9vet &#8222;rendhagy\u00f3nak&#8221; nevezte, hiszen nagyobb kereslet mutatkozott a lak\u00e1sok, a munkahelyek \u00e9s a k\u00e9pz\u00e9si lehet\u0151s\u00e9gek ir\u00e1nt. Elmond\u00e1sa szerint a k\u00fclf\u00f6ldr\u0151l \u00e9rkezettek integr\u00e1ci\u00f3j\u00e1nak meg\u00edt\u00e9l\u00e9se javult, hiszen m\u00edg 2010-ben a megk\u00e9rdezettek 31 sz\u00e1zal\u00e9ka gondolta \u00fagy, hogy az integr\u00e1ci\u00f3 j\u00f3l m\u0171k\u00f6dik, addig 2016-ban m\u00e1r mintegy 48 sz\u00e1zal\u00e9k v\u00e9lekedett \u00edgy.<br \/>\n    Sebastian Kurz a jelent\u00e9st bemutat\u00f3 sajt\u00f3t\u00e1j\u00e9koztat\u00f3n arr\u00f3l besz\u00e9lt, hogy az integr\u00e1ci\u00f3 siker\u00e9t a beilleszked\u00e9sre v\u00e1r\u00f3 emberek l\u00e9tsz\u00e1ma hat\u00e1rozza meg. Kijelentette, hogy cs\u00f6kkenteni kell az Ausztri\u00e1ba \u00e9rkez\u0151k sz\u00e1m\u00e1t, az ott \u00e9l\u0151ket pedig integr\u00e1lni kell. Kurz szerint gondot jelent, ha valaki nem akar beilleszkedni, hiszen ez a magatart\u00e1s sz\u00e9ls\u0151s\u00e9gess\u00e9 v\u00e1l\u00e1shoz vezethet. Hangs\u00falyozta: az embereknek miel\u0151bb el kell helyezkedni\u00fck a munkaer\u0151piacon, vagy egy\u00e9b form\u00e1ban kell foglalkoztatni \u0151ket.<br \/>\n    A jelent\u00e9s arra is kit\u00e9r, hogy m\u00edg 2014-ben a menek\u00fclt\u00fcgyi kiad\u00e1sok 442 milli\u00f3 eur\u00f3ra, 2015-ben pedig 760 milli\u00f3 eur\u00f3ra r\u00fagtak, addig 2016-ban nagyj\u00e1b\u00f3l k\u00e9tmilli\u00e1rd eur\u00f3t tesznek majd ki.(MTI)<\/p>\n","protected":false},"excerpt":{"rendered":"<p>Ausztria mintegy 8,5 milli\u00f3s lakoss\u00e1g\u00e1nak t\u00f6bb mint h\u00fasz sz\u00e1zal\u00e9ka bev\u00e1ndorl\u00f3, vagy bev\u00e1ndorl\u00f3k Ausztri\u00e1ban sz\u00fcletett gyermeke &#8211; der\u00fclt ki a Sebastian Kurz k\u00fcl\u00fcgyi \u00e9s integr\u00e1ci\u00f3s miniszter \u00e1ltal kedden bemutatott jelent\u00e9sb\u0151l.<\/p>\n","protected":false},"author":1,"featured_media":0,"comment_status":"open","ping_status":"closed","sticky":false,"template":"","format":"standard","meta":[],"categories":[12],"tags":[],"_links":{"self":[{"href":"https:\/\/gazdasagportal.hu\/index.php\/wp-json\/wp\/v2\/posts\/83507"}],"collection":[{"href":"https:\/\/gazdasagportal.hu\/index.php\/wp-json\/wp\/v2\/posts"}],"about":[{"href":"https:\/\/gazdasagportal.hu\/index.php\/wp-json\/wp\/v2\/types\/post"}],"author":[{"embeddable":true,"href":"https:\/\/gazdasagportal.hu\/index.php\/wp-json\/wp\/v2\/users\/1"}],"replies":[{"embeddable":true,"href":"https:\/\/gazdasagportal.hu\/index.php\/wp-json\/wp\/v2\/comments?post=83507"}],"version-history":[{"count":1,"href":"https:\/\/gazdasagportal.hu\/index.php\/wp-json\/wp\/v2\/posts\/83507\/revisions"}],"predecessor-version":[{"id":83508,"href":"https:\/\/gazdasagportal.hu\/index.php\/wp-json\/wp\/v2\/posts\/83507\/revisions\/83508"}],"wp:attachment":[{"href":"https:\/\/gazdasagportal.hu\/index.php\/wp-json\/wp\/v2\/media?parent=83507"}],"wp:term":[{"taxonomy":"category","embeddable":true,"href":"https:\/\/gazdasagportal.hu\/index.php\/wp-json\/wp\/v2\/categories?post=83507"},{"taxonomy":"post_tag","embeddable":true,"href":"https:\/\/gazdasagportal.hu\/index.php\/wp-json\/wp\/v2\/tags?post=83507"}],"curies":[{"name":"wp","href":"https:\/\/api.w.org\/{rel}","templated":true}]}}