{"id":83503,"date":"2016-08-16T15:05:39","date_gmt":"2016-08-16T13:05:39","guid":{"rendered":"http:\/\/gazdasagportal.hu\/?p=83503"},"modified":"2016-08-16T15:05:39","modified_gmt":"2016-08-16T13:05:39","slug":"folytatodik-a-cegfelszamolasok-szamanak-csokkenese","status":"publish","type":"post","link":"https:\/\/gazdasagportal.hu\/index.php\/folytatodik-a-cegfelszamolasok-szamanak-csokkenese\/","title":{"rendered":"Folytat\u00f3dik a c\u00e9gfelsz\u00e1mol\u00e1sok sz\u00e1m\u00e1nak cs\u00f6kken\u00e9se"},"content":{"rendered":"<p><strong>Folytat\u00f3dik a c\u00e9gfelsz\u00e1mol\u00e1sok sz\u00e1m\u00e1nak cs\u00f6kken\u00e9se, az els\u0151 f\u00e9l \u00e9vben, a tavalyi hasonl\u00f3 id\u0151szakhoz k\u00e9pest 20 sz\u00e1zal\u00e9kkal kevesebb, 4333 c\u00e9get sz\u00e1moltak fel, a tendencia oka els\u0151sorban a jogszab\u00e1lyv\u00e1ltoz\u00e1sok, a k\u00e9nyszert\u00f6rl\u00e9s int\u00e9zm\u00e9ny\u00e9nek bevezet\u00e9s\u00e9vel, kiterjeszt\u00e9s\u00e9vel magyar\u00e1zhat\u00f3 &#8211; k\u00f6z\u00f6lte a feketelista.hu kedden az MTI-vel.<\/strong><!--more--><\/p>\n<div class=\"ads-in-post1\"><div id=\"gazdasagportal.hu_fullbanner_wideboard\"><\/div>\r\n<\/div>\n<p>    Az internetes port\u00e1l elemz\u00e9se szerint Magyarorsz\u00e1gon a gazdas\u00e1gi v\u00e1ls\u00e1g \u00f3ta, 2009. janu\u00e1r 1-j\u00e9t\u0151l ez \u00e9v k\u00f6zep\u00e9ig \u00f6sszesen 118 745 c\u00e9get sz\u00e1moltak fel, a c\u00e9gb\u00edr\u00f3s\u00e1gok \u00e9vente \u00e1tlagosan 15 385 t\u00e1rsas\u00e1got vontak ki \u00edgy az \u00fczleti \u00e9letb\u0151l. A m\u00falt \u00e9v volt az els\u0151 esztend\u0151, amikor a felsz\u00e1molt c\u00e9gek sz\u00e1ma nem \u00e9rte el a t\u00edzezret.<br \/>\n    A k\u00e9nyszert\u00f6rl\u00e9s jogint\u00e9zm\u00e9ny\u00e9nek 2012. augusztusi bevezet\u00e9se \u00f3ta 52 374 c\u00e9get sz\u00e1moltak csak fel, \u00e9s 83 317-et k\u00e9nyszert\u00f6r\u00f6ltek &#8211; \u00edrja k\u00f6zlem\u00e9ny\u00e9ben a port\u00e1l.<br \/>\n    Kimutat\u00e1sok szerint a gazdas\u00e1gi v\u00e1ls\u00e1got k\u00f6vet\u0151en felsz\u00e1mol\u00e1ssal \u00e9s k\u00fcl\u00f6nb\u00f6z\u0151 m\u00e1s elj\u00e1r\u00e1sokkal \u00f6sszesen 319 481 t\u00e1rsas\u00e1got t\u00f6r\u00f6ltek a c\u00e9glist\u00e1b\u00f3l, a c\u00e9gek sz\u00e1ma m\u00e9gsem cs\u00f6kkent, mert ugyanez id\u0151 alatt 333 670 \u00faj v\u00e1llalkoz\u00e1s alakult. Az \u00faj c\u00e9gek 40 sz\u00e1zal\u00e9k\u00e1t, 132 498-at, Budapesten jegyezt\u00e9k be.<br \/>\n    A regisztr\u00e1lt gazdas\u00e1gi szervezetek sz\u00e1ma a 2008. \u00e9v v\u00e9gi 561 424-r\u0151l napjainkra 580 307-re duzzadt, a c\u00e9gek sz\u00e1ma 2012-ben volt a legmagasabb, el\u00e9rte a 600 759-et. A legt\u00f6bb \u00faj v\u00e1llalkoz\u00e1s, 65 664, 2011-ben indult, az\u00f3ta folyamatosan cs\u00f6kken\u0151 a tendencia, \u00e9s tavaly m\u00e1r csak 28 704 \u00faj c\u00e9get regisztr\u00e1ltak &#8211; \u00e1ll az elemz\u00e9sben.<br \/>\n    A szak\u00e9rt\u0151k szerint a c\u00e9gb\u00edr\u00f3s\u00e1gok csak abban az esetben kezdem\u00e9nyezik a hosszadalmas felsz\u00e1mol\u00e1st, ha a c\u00e9g visszamarad\u00f3 vagyona elegend\u0151 a felsz\u00e1mol\u00e1s k\u00f6lts\u00e9geinek fedezet\u00e9re, ellenkez\u0151 esetben a gyorsabb, hat\u00e9konyabb k\u00e9nyszert\u00f6rl\u00e9st alkalmazz\u00e1k. Hasonl\u00f3 az ad\u00f3hat\u00f3s\u00e1g gyakorlata is, amennyiben az ad\u00f3s ad\u00f3tartoz\u00e1s\u00e1t az esed\u00e9kes id\u0151pontig nem fizeti meg, a NAV v\u00e9grehajt\u00e1s al\u00e1 vonja, \u00e9s ha a v\u00e9grehajt\u00e1s eredm\u00e9nytelen\u00fcl v\u00e9gz\u0151dik, azonnal megind\u00edtja a k\u00e9nyszert\u00f6rl\u00e9st. Csak abban az esetben kezdem\u00e9nyezi a felsz\u00e1mol\u00e1st, ha fedezetelvon\u00e1s b\u0171ncselekm\u00e9nye \u00e1ll fenn, illetve ha a c\u00e9g rendelkezik m\u00e9g akkora vagyonnal, amely elegend\u0151 a felsz\u00e1mol\u00e1ssal j\u00e1r\u00f3 kiad\u00e1sokra &#8211; \u00edrja k\u00f6zlem\u00e9ny\u00e9ben a feketelista.hu.(MTI)<\/p>\n","protected":false},"excerpt":{"rendered":"<p>Folytat\u00f3dik a c\u00e9gfelsz\u00e1mol\u00e1sok sz\u00e1m\u00e1nak cs\u00f6kken\u00e9se, az els\u0151 f\u00e9l \u00e9vben, a tavalyi hasonl\u00f3 id\u0151szakhoz k\u00e9pest 20 sz\u00e1zal\u00e9kkal kevesebb, 4333 c\u00e9get sz\u00e1moltak fel, a tendencia oka els\u0151sorban a jogszab\u00e1lyv\u00e1ltoz\u00e1sok, a k\u00e9nyszert\u00f6rl\u00e9s int\u00e9zm\u00e9ny\u00e9nek bevezet\u00e9s\u00e9vel, kiterjeszt\u00e9s\u00e9vel magyar\u00e1zhat\u00f3 &#8211; k\u00f6z\u00f6lte a feketelista.hu kedden az MTI-vel.<\/p>\n","protected":false},"author":1,"featured_media":0,"comment_status":"open","ping_status":"closed","sticky":false,"template":"","format":"standard","meta":[],"categories":[19],"tags":[],"_links":{"self":[{"href":"https:\/\/gazdasagportal.hu\/index.php\/wp-json\/wp\/v2\/posts\/83503"}],"collection":[{"href":"https:\/\/gazdasagportal.hu\/index.php\/wp-json\/wp\/v2\/posts"}],"about":[{"href":"https:\/\/gazdasagportal.hu\/index.php\/wp-json\/wp\/v2\/types\/post"}],"author":[{"embeddable":true,"href":"https:\/\/gazdasagportal.hu\/index.php\/wp-json\/wp\/v2\/users\/1"}],"replies":[{"embeddable":true,"href":"https:\/\/gazdasagportal.hu\/index.php\/wp-json\/wp\/v2\/comments?post=83503"}],"version-history":[{"count":1,"href":"https:\/\/gazdasagportal.hu\/index.php\/wp-json\/wp\/v2\/posts\/83503\/revisions"}],"predecessor-version":[{"id":83504,"href":"https:\/\/gazdasagportal.hu\/index.php\/wp-json\/wp\/v2\/posts\/83503\/revisions\/83504"}],"wp:attachment":[{"href":"https:\/\/gazdasagportal.hu\/index.php\/wp-json\/wp\/v2\/media?parent=83503"}],"wp:term":[{"taxonomy":"category","embeddable":true,"href":"https:\/\/gazdasagportal.hu\/index.php\/wp-json\/wp\/v2\/categories?post=83503"},{"taxonomy":"post_tag","embeddable":true,"href":"https:\/\/gazdasagportal.hu\/index.php\/wp-json\/wp\/v2\/tags?post=83503"}],"curies":[{"name":"wp","href":"https:\/\/api.w.org\/{rel}","templated":true}]}}