{"id":83501,"date":"2016-08-16T14:17:31","date_gmt":"2016-08-16T12:17:31","guid":{"rendered":"http:\/\/gazdasagportal.hu\/?p=83501"},"modified":"2016-08-16T14:17:31","modified_gmt":"2016-08-16T12:17:31","slug":"nezopont-a-tobbseg-tamogatja-a-feketegazdasag-elleni-kormanyzati-akciokat","status":"publish","type":"post","link":"https:\/\/gazdasagportal.hu\/index.php\/nezopont-a-tobbseg-tamogatja-a-feketegazdasag-elleni-kormanyzati-akciokat\/","title":{"rendered":"N\u00e9z\u0151pont: a t\u00f6bbs\u00e9g t\u00e1mogatja a feketegazdas\u00e1g elleni korm\u00e1nyzati akci\u00f3kat"},"content":{"rendered":"<p><strong>A magyar lakoss\u00e1g jelent\u0151s t\u00f6bbs\u00e9ge t\u00e1mogatja a sz\u00fcrke- \u00e9s feketegazdas\u00e1g elleni korm\u00e1nyzati akci\u00f3kat, de az ehhez sz\u00fcks\u00e9ges infrastrukt\u00far\u00e1t nem tartja minden ter\u00fcleten kell\u0151en ki\u00e9p\u00edtettnek &#8211; der\u00fcl ki a N\u00e9z\u0151pont Int\u00e9zet Gazdas\u00e1gfeh\u00e9r\u00edt\u00e9si Kerekasztal\u00e1nak legfrissebb k\u00f6zv\u00e9lem\u00e9ny-kutat\u00e1s\u00e1b\u00f3l.<\/strong><!--more--><\/p>\n<div class=\"ads-in-post1\"><div id=\"gazdasagportal.hu_fullbanner_wideboard\"><\/div>\r\n<\/div>\n<p>    A N\u00e9z\u0151pont Int\u00e9zet keddi, az MTI-hez eljuttatott k\u00f6zlem\u00e9ny\u00e9ben azt \u00edrta: a kutat\u00e1sb\u00f3l kider\u00fcl, hogy a magyarok d\u00f6nt\u0151 t\u00f6bbs\u00e9ge tal\u00e1lkozik az ad\u00f3ker\u00fcl\u00e9s k\u00fcl\u00f6nb\u00f6z\u0151 form\u00e1ival a nem bejelentett munk\u00e1k elv\u00e1llal\u00e1s\u00e1t\u00f3l a cs\u00fasz\u00f3- \u00e9s h\u00e1lap\u00e9nzfizet\u00e9seken \u00e1t a nyugtaad\u00e1s elmarad\u00e1s\u00e1ig. R\u00e9szletezt\u00e9k: a kutat\u00e1s adatai szerint legt\u00f6bbj\u00fckkel (59 sz\u00e1zal\u00e9kkal) a vizsg\u00e1lt szektorok k\u00f6z\u00fcl a h\u00e1ztart\u00e1si szervizszolg\u00e1ltat\u00e1sokn\u00e1l, p\u00e9ld\u00e1ul a v\u00edzvezet\u00e9k-szerel\u00e9sn\u00e9l, k\u0151m\u0171vesmunk\u00e1n\u00e1l, takar\u00edt\u00e1sn\u00e1l fordult el\u0151, hogy nem kapott sz\u00e1ml\u00e1t, nyugt\u00e1t. A kiskereskedelemben 53, a vend\u00e9gl\u00e1t\u00f3ipari egys\u00e9gekn\u00e9l 19 sz\u00e1zal\u00e9kos a nyugtaad\u00e1s elmulaszt\u00e1s\u00e1nak ar\u00e1nya a felm\u00e9r\u00e9s szerint.<br \/>\n    K\u00f6z\u00f6lt\u00e9k: a csal\u00e1sok visszaszor\u00edt\u00e1s\u00e1ra az online eszk\u00f6z\u00f6k alkalmaz\u00e1s\u00e1t megfelel\u0151nek tartj\u00e1k az emberek, \u00edgy p\u00e9ld\u00e1ul el\u00e9gedettek az elektronikus p\u00e9nzforgalom b\u0151v\u00edt\u00e9s\u00e9vel is. Annak ellen\u00e9re azonban &#8211; \u00e1llap\u00edtotta meg a kutat\u00e1s -, hogy a k\u00e1rtyahaszn\u00e1l\u00f3k 88 sz\u00e1zal\u00e9ka el\u00e9gedett a bankk\u00e1rty\u00e1s fizet\u00e9s lehet\u0151s\u00e9geivel, m\u00e9g mindig gyakori, hogy b\u00e1r szeretn\u00e9k, lehet\u0151s\u00e9g h\u00edj\u00e1n nem tudj\u00e1k haszn\u00e1lni a plasztiklapot. A v\u00e1laszad\u00f3k 53 sz\u00e1zal\u00e9ka azt mondta, az elm\u00falt egy \u00e9vben el\u0151fordult vele, hogy szeretett volna, de nem tudott bankk\u00e1rty\u00e1val fizetni.<br \/>\n    A Magyar Nemzeti Bank adatai alapj\u00e1n a k\u00e1rty\u00e1s fizet\u00e9sek sz\u00e1ma 2015 els\u0151 negyed\u00e9v\u00e9hez viszony\u00edtva 22,1 sz\u00e1zal\u00e9kkal emelkedett, \u00e1m a bankk\u00e1rty\u00e1s fizet\u00e9sek ar\u00e1ny\u00e1nak megoszl\u00e1sa egy\u00e1ltal\u00e1n nem homog\u00e9n az egyes kereskedelmi egys\u00e9gek k\u00f6z\u00f6tt &#8211; olvashat\u00f3 a k\u00f6zlem\u00e9nyben.<br \/>\n    A N\u00e9z\u0151pont ismertette: m\u00edg a v\u00e1laszad\u00f3k 79 sz\u00e1zal\u00e9ka szupermarketekben \u00e9s pl\u00e1z\u00e1kban rendszeresen fizet bankk\u00e1rty\u00e1val, a kisboltokban m\u00e1r csak 36, a vend\u00e9gl\u00e1t\u00f3ipari egys\u00e9gekben pedig 21 sz\u00e1zal\u00e9k ez az ar\u00e1ny. Egyes szolg\u00e1ltat\u00f3i szektorokban viszont eleny\u00e9sz\u0151 a k\u00e9szp\u00e9nzmentes fizet\u00e9s ar\u00e1nya Ilyen p\u00e9ld\u00e1ul a fodr\u00e1sz vagy a taxi, ahol mind\u00f6ssze 5 sz\u00e1zal\u00e9knyi az olyan v\u00e1s\u00e1rl\u00f3k ar\u00e1nya, akik k\u00e1rty\u00e1val egyenl\u00edtik ki a sz\u00e1ml\u00e1t.<br \/>\n    Az int\u00e9zet k\u00f6zlem\u00e9nye szerint az online p\u00e9nzt\u00e1rg\u00e9pr\u0151l \u00e9s az ek\u00e1err\u0151l szint\u00e9n t\u00e1mogat\u00f3an nyilatkoztak a v\u00e1laszad\u00f3k: 53 sz\u00e1zal\u00e9kuk szerint az online p\u00e9nzt\u00e1rg\u00e9p megfelel\u0151 megold\u00e1st jelent a nyugtaad\u00e1s elmulaszt\u00e1s\u00e1nak visszaszor\u00edt\u00e1s\u00e1ra, az \u00e1facsal\u00e1sok ellen pedig 45 sz\u00e1zal\u00e9k szerint hat\u00e9konynak mondhat\u00f3 a k\u00f6z\u00fati \u00e1ruforgalom ellen\u0151rz\u00e9se, vagyis az ek\u00e1er.<br \/>\n    Jelezt\u00e9k: a megk\u00e9rdezettek 13-15 sz\u00e1zal\u00e9ka azonban \u00fagy v\u00e9lekedett, hogy ezek a rendszerek m\u00e9g nem el\u00e9g hat\u00e9konyak. A felm\u00e9r\u00e9s figyelemre m\u00e9lt\u00f3 meg\u00e1llap\u00edt\u00e1s\u00e1nak nevezt\u00e9k, hogy az online p\u00e9nzt\u00e1rg\u00e9pek k\u00f6telez\u0151 haszn\u00e1lat\u00e1t az emberek els\u0151sorban a nagy bev\u00e9tellel rendelkez\u0151 foglalkoz\u00e1sokra, \u00edgy az \u00fcgyv\u00e9dekre, a fogorvosokra \u00e9s a plasztikai seb\u00e9szekre terjeszten\u00e9k ki.<br \/>\n    A N\u00e9z\u0151pont Int\u00e9zet Gazdas\u00e1gfeh\u00e9r\u00edt\u00e9si Kerekasztal\u00e1t 2016-ban hozt\u00e1k l\u00e9tre, munk\u00e1j\u00e1ban p\u00e9nz\u00fcgyi szervezetek, tudom\u00e1nyos int\u00e9zm\u00e9nyek, civil szervezetek \u00e9s korm\u00e1nyzati szervek vesznek r\u00e9szt, k\u00f6z\u00f6tt\u00fck tan\u00e1csad\u00f3k\u00e9nt az \u00c1llami Sz\u00e1mvev\u0151sz\u00e9k, a Magyar Nemzeti Bank, az MKB Bank, a Nemzetgazdas\u00e1gi Miniszt\u00e9rium \u00e9s a K\u00f6zponti Statisztikai Hivatal. K\u00f6zv\u00e9lem\u00e9ny-kutat\u00e1suk 1000 f\u0151s, orsz\u00e1gosan reprezentat\u00edv mint\u00e1n k\u00e9sz\u00fclt m\u00e1jus 2-18. k\u00f6z\u00f6tt.<br \/>\n(MTI)<\/p>\n","protected":false},"excerpt":{"rendered":"<p>A magyar lakoss\u00e1g jelent\u0151s t\u00f6bbs\u00e9ge t\u00e1mogatja a sz\u00fcrke- \u00e9s feketegazdas\u00e1g elleni korm\u00e1nyzati akci\u00f3kat, de az ehhez sz\u00fcks\u00e9ges infrastrukt\u00far\u00e1t nem tartja minden ter\u00fcleten kell\u0151en ki\u00e9p\u00edtettnek &#8211; der\u00fcl ki a N\u00e9z\u0151pont Int\u00e9zet Gazdas\u00e1gfeh\u00e9r\u00edt\u00e9si Kerekasztal\u00e1nak legfrissebb k\u00f6zv\u00e9lem\u00e9ny-kutat\u00e1s\u00e1b\u00f3l.<\/p>\n","protected":false},"author":1,"featured_media":0,"comment_status":"open","ping_status":"closed","sticky":false,"template":"","format":"standard","meta":[],"categories":[19],"tags":[],"_links":{"self":[{"href":"https:\/\/gazdasagportal.hu\/index.php\/wp-json\/wp\/v2\/posts\/83501"}],"collection":[{"href":"https:\/\/gazdasagportal.hu\/index.php\/wp-json\/wp\/v2\/posts"}],"about":[{"href":"https:\/\/gazdasagportal.hu\/index.php\/wp-json\/wp\/v2\/types\/post"}],"author":[{"embeddable":true,"href":"https:\/\/gazdasagportal.hu\/index.php\/wp-json\/wp\/v2\/users\/1"}],"replies":[{"embeddable":true,"href":"https:\/\/gazdasagportal.hu\/index.php\/wp-json\/wp\/v2\/comments?post=83501"}],"version-history":[{"count":1,"href":"https:\/\/gazdasagportal.hu\/index.php\/wp-json\/wp\/v2\/posts\/83501\/revisions"}],"predecessor-version":[{"id":83502,"href":"https:\/\/gazdasagportal.hu\/index.php\/wp-json\/wp\/v2\/posts\/83501\/revisions\/83502"}],"wp:attachment":[{"href":"https:\/\/gazdasagportal.hu\/index.php\/wp-json\/wp\/v2\/media?parent=83501"}],"wp:term":[{"taxonomy":"category","embeddable":true,"href":"https:\/\/gazdasagportal.hu\/index.php\/wp-json\/wp\/v2\/categories?post=83501"},{"taxonomy":"post_tag","embeddable":true,"href":"https:\/\/gazdasagportal.hu\/index.php\/wp-json\/wp\/v2\/tags?post=83501"}],"curies":[{"name":"wp","href":"https:\/\/api.w.org\/{rel}","templated":true}]}}