{"id":83495,"date":"2016-08-16T12:13:20","date_gmt":"2016-08-16T10:13:20","guid":{"rendered":"http:\/\/gazdasagportal.hu\/?p=83495"},"modified":"2016-08-16T12:13:20","modified_gmt":"2016-08-16T10:13:20","slug":"nemet-lap-a-berlini-vezetes-a-munkanelkuliseg-novekedesevel-szamol","status":"publish","type":"post","link":"https:\/\/gazdasagportal.hu\/index.php\/nemet-lap-a-berlini-vezetes-a-munkanelkuliseg-novekedesevel-szamol\/","title":{"rendered":"N\u00e9met lap: a berlini vezet\u00e9s a munkan\u00e9lk\u00fclis\u00e9g n\u00f6veked\u00e9s\u00e9vel sz\u00e1mol"},"content":{"rendered":"<p><strong>N\u00e9metorsz\u00e1gban a nagysz\u00e1m\u00fa menek\u00fclt munkaer\u0151-piaci megjelen\u00e9se r\u00e9v\u00e9n emelked\u00e9snek indul a munkan\u00e9lk\u00fclis\u00e9g, a regisztr\u00e1lt munkan\u00e9lk\u00fcliek sz\u00e1ma j\u00f6v\u0151re \u00e9ves \u00e1tlagban 2,86 milli\u00f3 lehet, ami 110 ezres n\u00f6veked\u00e9s 2016-hoz k\u00e9pest &#8211; \u00e1ll a p\u00e9nz\u00fcgyminiszt\u00e9rium el\u0151rejelz\u00e9s\u00e9ben a Bild c\u00edm\u0171 lap keddi besz\u00e1mol\u00f3ja szerint.<\/strong><!--more--><\/p>\n<div class=\"ads-in-post1\"><div id=\"gazdasagportal.hu_fullbanner_wideboard\"><\/div>\r\n<\/div>\n<p>    A n\u00e9met korm\u00e1ny kezdett\u0151l fogva figyelmeztetett, hogy a menek\u00fclthull\u00e1m a munkan\u00e9lk\u00fclis\u00e9g emelked\u00e9s\u00e9vel j\u00e1r majd. P\u00e9ld\u00e1ul Andrea Nahles munka\u00fcgyi miniszter tavaly szeptemberben az idei k\u00f6lts\u00e9gvet\u00e9s parlamenti (Bundestag-) vit\u00e1j\u00e1ban kiemelte, hogy &#8222;nem a sz\u00edriai orvos a meghat\u00e1roz\u00f3 t\u00edpus&#8221; a menek\u00fcltek k\u00f6z\u00f6tt, \u00e9s m\u00e9g a 10 sz\u00e1zal\u00e9kot sem \u00e9ri el a munkav\u00e1llal\u00e1sra vagy szakmai k\u00e9pz\u00e9sre azonnal alkalmas emberek ar\u00e1nya, ami a munkan\u00e9lk\u00fclis\u00e9gi statisztik\u00e1kban is megmutatkozik majd.<br \/>\n    A Bild besz\u00e1mol\u00f3ja alapj\u00e1n most a p\u00e9nz\u00fcgyminiszt\u00e9riumban elk\u00e9sz\u00fcltek az els\u0151 konkr\u00e9t becsl\u00e9sek a k\u00f6vetkez\u0151 \u00e9vekben v\u00e1rhat\u00f3 folyamatokr\u00f3l. A t\u00e1rca szerint a menek\u00fcltek munkaer\u0151-piaci be\u00e1raml\u00e1sa r\u00e9v\u00e9n j\u00f6v\u0151re megt\u00f6rik a regisztr\u00e1lt munkan\u00e9lk\u00fcliek sz\u00e1m\u00e1nak 2013 \u00f3ta tart\u00f3 cs\u00f6kken\u00e9se. A nyilv\u00e1ntartott \u00e1ll\u00e1stalanok sz\u00e1ma 2017-t\u0151l folyamatosan emelkedik majd, \u00e9s 2020-ban el\u00e9ri a 3,1 milli\u00f3t.<br \/>\n    Ez ugyan jelent\u0151s n\u00f6veked\u00e9s a legut\u00f3bbi t\u00e9nyadathoz, az id\u00e9n j\u00faliusban r\u00f6gz\u00edtett 2,661 milli\u00f3hoz k\u00e9pest, de nagym\u00e9rt\u00e9kben elmarad a 2005 elej\u00e9n regisztr\u00e1lt &#8211; 5 milli\u00f3 feletti &#8211; t\u00f6rt\u00e9nelmi cs\u00facst\u00f3l.<br \/>\n    A t\u00e1rca tov\u00e1bb\u00e1 azzal sz\u00e1mol, hogy folytat\u00f3dik a foglalkoztatotts\u00e1g n\u00f6veked\u00e9se, 2020-ban \u00e9ves \u00e1tlagban 44,1 milli\u00f3an \u00e1llnak majd munkaviszonyban, ami nagyj\u00e1b\u00f3l egymilli\u00f3s n\u00f6veked\u00e9s a 43 milli\u00f3 k\u00f6r\u00fclire v\u00e1rt idei \u00e1tlaghoz k\u00e9pest.<br \/>\n    A sz\u00f6vets\u00e9gi munka\u00fcgyi \u00fcgyn\u00f6ks\u00e9g (BA) tapasztalatai szerint a piaci bel\u00e9p\u00e9s ut\u00e1ni els\u0151 \u00e9vben a menek\u00fcltek csup\u00e1n 10 sz\u00e1zal\u00e9ka tal\u00e1l munk\u00e1t, f\u0151leg a nyelvtud\u00e1s, valamint az elhelyezked\u00e9shez sz\u00fcks\u00e9ges form\u00e1lis k\u00e9pzetts\u00e9g \u00e9s munkatapasztalat hi\u00e1nya miatt. A nyelvtud\u00e1s er\u0151s\u00f6d\u00e9s\u00e9vel \u00e9s a k\u00e9pzetts\u00e9gi szint emelked\u00e9s\u00e9vel azt\u00e1n a foglalkoztatotts\u00e1gi ar\u00e1ny javul, 5 \u00e9v alatt 50 sz\u00e1zal\u00e9kra, 15 \u00e9v alatt 70 sz\u00e1zal\u00e9kra emelkedhet.(MTI)<\/p>\n","protected":false},"excerpt":{"rendered":"<p>N\u00e9metorsz\u00e1gban a nagysz\u00e1m\u00fa menek\u00fclt munkaer\u0151-piaci megjelen\u00e9se r\u00e9v\u00e9n emelked\u00e9snek indul a munkan\u00e9lk\u00fclis\u00e9g, a regisztr\u00e1lt munkan\u00e9lk\u00fcliek sz\u00e1ma j\u00f6v\u0151re \u00e9ves \u00e1tlagban 2,86 milli\u00f3 lehet, ami 110 ezres n\u00f6veked\u00e9s 2016-hoz k\u00e9pest &#8211; \u00e1ll a p\u00e9nz\u00fcgyminiszt\u00e9rium el\u0151rejelz\u00e9s\u00e9ben a Bild c\u00edm\u0171 lap keddi besz\u00e1mol\u00f3ja szerint.<\/p>\n","protected":false},"author":1,"featured_media":0,"comment_status":"open","ping_status":"closed","sticky":false,"template":"","format":"standard","meta":[],"categories":[246],"tags":[],"_links":{"self":[{"href":"https:\/\/gazdasagportal.hu\/index.php\/wp-json\/wp\/v2\/posts\/83495"}],"collection":[{"href":"https:\/\/gazdasagportal.hu\/index.php\/wp-json\/wp\/v2\/posts"}],"about":[{"href":"https:\/\/gazdasagportal.hu\/index.php\/wp-json\/wp\/v2\/types\/post"}],"author":[{"embeddable":true,"href":"https:\/\/gazdasagportal.hu\/index.php\/wp-json\/wp\/v2\/users\/1"}],"replies":[{"embeddable":true,"href":"https:\/\/gazdasagportal.hu\/index.php\/wp-json\/wp\/v2\/comments?post=83495"}],"version-history":[{"count":1,"href":"https:\/\/gazdasagportal.hu\/index.php\/wp-json\/wp\/v2\/posts\/83495\/revisions"}],"predecessor-version":[{"id":83496,"href":"https:\/\/gazdasagportal.hu\/index.php\/wp-json\/wp\/v2\/posts\/83495\/revisions\/83496"}],"wp:attachment":[{"href":"https:\/\/gazdasagportal.hu\/index.php\/wp-json\/wp\/v2\/media?parent=83495"}],"wp:term":[{"taxonomy":"category","embeddable":true,"href":"https:\/\/gazdasagportal.hu\/index.php\/wp-json\/wp\/v2\/categories?post=83495"},{"taxonomy":"post_tag","embeddable":true,"href":"https:\/\/gazdasagportal.hu\/index.php\/wp-json\/wp\/v2\/tags?post=83495"}],"curies":[{"name":"wp","href":"https:\/\/api.w.org\/{rel}","templated":true}]}}