{"id":83475,"date":"2016-08-16T04:44:20","date_gmt":"2016-08-16T02:44:20","guid":{"rendered":"http:\/\/gazdasagportal.hu\/?p=83475"},"modified":"2016-08-15T22:00:27","modified_gmt":"2016-08-15T20:00:27","slug":"szilveszterkor-elkovetett-nemi-eroszakkal-gyanusitanak-kilenc-irakit-ausztriaban","status":"publish","type":"post","link":"https:\/\/gazdasagportal.hu\/index.php\/szilveszterkor-elkovetett-nemi-eroszakkal-gyanusitanak-kilenc-irakit-ausztriaban\/","title":{"rendered":"Szilveszterkor elk\u00f6vetett nemi er\u0151szakkal gyan\u00fas\u00edtanak kilenc irakit Ausztri\u00e1ban"},"content":{"rendered":"<p><strong>Elfogtak a h\u00e9tv\u00e9g\u00e9n B\u00e9csben kilenc iraki gyan\u00fas\u00edtottat, akiknek val\u00f3sz\u00edn\u0171leg k\u00f6z\u00fck lehet ahhoz, hogy szilveszter \u00e9jszak\u00e1j\u00e1n meger\u0151szakoltak egy n\u0151t az osztr\u00e1k f\u0151v\u00e1rosban &#8211; k\u00f6z\u00f6lte az osztr\u00e1k rend\u0151rs\u00e9g h\u00e9tf\u0151n.<\/strong><!--more--><\/p>\n<div class=\"ads-in-post1\"><div id=\"gazdasagportal.hu_fullbanner_wideboard\"><\/div>\r\n<\/div>\n<p>    A 28 \u00e9ves n\u00e9met n\u0151 Als\u00f3-Sz\u00e1szorsz\u00e1gb\u00f3l \u00e9rkezett B\u00e9csbe. Szilveszter \u00e9jszak\u00e1j\u00e1n a belv\u00e1rosban tal\u00e1lhat\u00f3 Schwedenplatz elnevez\u00e9s\u0171 t\u00e9ren \u00fcnnepelte az \u00faj\u00e9vet.<br \/>\n    A 21 \u00e9s 47 \u00e9v k\u00f6z\u00f6tti f\u00e9rfiak val\u00f3sz\u00edn\u0171leg kihaszn\u00e1lt\u00e1k, hogy az \u00e1ldozat ittas volt. Tov\u00e1bb\u00e1 a gyan\u00fa szerint b\u00f3d\u00edt\u00f3 anyagot is tettek az ital\u00e1ba. A rend\u0151rs\u00e9g k\u00f6zl\u00e9se szerint a n\u0151 m\u00e1snap meztelen\u00fcl \u00e9bredt egy sz\u00e1m\u00e1ra idegen lak\u00e1sban, ahol a felt\u00e9telezett elk\u00f6vet\u0151k k\u00f6z\u00fcl ketten \u00e9ltek.<br \/>\n    Janu\u00e1r elsej\u00e9n, miut\u00e1n a n\u0151 mag\u00e1hoz t\u00e9rt, azonnal a rend\u0151rs\u00e9gre ment, hogy feljelent\u00e9st tegyen. A rend\u0151rs\u00e9g felt\u00e9telez\u00e9se szerint az \u00e1ldozat hajnali kett\u0151t\u0151l reggel hat \u00f3r\u00e1ig tart\u00f3zkodhatott a lak\u00e1sban. Az eddigi vizsg\u00e1latok alapj\u00e1n meg\u00e1llap\u00edthat\u00f3, hogy csoportos nemi er\u0151szak t\u00f6rt\u00e9nt.<br \/>\n    A rend\u0151rs\u00e9gi sz\u00f3viv\u0151 k\u00f6zl\u00e9se szerint a n\u0151 csak &#8222;rosszul&#8221; \u00e9s &#8222;nagyvonalakban&#8221; eml\u00e9kezett az \u00e9jszaka t\u00f6rt\u00e9ntekre, ez\u00e9rt a nyomoz\u00e1s neh\u00e9z \u00e9s hosszan tart\u00f3 volt.<br \/>\n    A hivatalos k\u00f6zl\u00e9s szerint DNS-mint\u00e1k, tan\u00favallom\u00e1sok \u00e9s t\u00e9rfigyel\u0151 kamer\u00e1k felv\u00e9telei alapj\u00e1n bukkantak a felt\u00e9telezett elk\u00f6vet\u0151k nyom\u00e1ra. A f\u00e9rfiakat B\u00e9csben, St\u00e1jerorsz\u00e1gban \u00e9s Als\u00f3-Ausztri\u00e1ban fogt\u00e1k el. A gyan\u00fas\u00edtottak k\u00f6z\u00f6tt mened\u00e9kk\u00e9r\u0151k \u00e9s menek\u00fcltek is voltak.<br \/>\n    Az elk\u00f6vet\u0151kre 1 \u00e9s 10 \u00e9v k\u00f6z\u00f6tti b\u00f6rt\u00f6nb\u00fcntet\u00e9st szabhatnak ki, s\u00falyos esetben ak\u00e1r \u00f6tt\u0151l tizen\u00f6t \u00e9vig tart\u00f3 szabads\u00e1gveszt\u00e9st is kaphatnak.(MTI)<\/p>\n<div class=\"ads-in-post1\"><div id=\"gazdasagportal.hu_fullbanner_wideboard\"><\/div>\r\n<\/div>\n","protected":false},"excerpt":{"rendered":"<p>Elfogtak a h\u00e9tv\u00e9g\u00e9n B\u00e9csben kilenc iraki gyan\u00fas\u00edtottat, akiknek val\u00f3sz\u00edn\u0171leg k\u00f6z\u00fck lehet ahhoz, hogy szilveszter \u00e9jszak\u00e1j\u00e1n meger\u0151szakoltak egy n\u0151t az osztr\u00e1k f\u0151v\u00e1rosban &#8211; k\u00f6z\u00f6lte az osztr\u00e1k rend\u0151rs\u00e9g h\u00e9tf\u0151n.<\/p>\n","protected":false},"author":1,"featured_media":0,"comment_status":"open","ping_status":"closed","sticky":false,"template":"","format":"standard","meta":[],"categories":[12],"tags":[],"_links":{"self":[{"href":"https:\/\/gazdasagportal.hu\/index.php\/wp-json\/wp\/v2\/posts\/83475"}],"collection":[{"href":"https:\/\/gazdasagportal.hu\/index.php\/wp-json\/wp\/v2\/posts"}],"about":[{"href":"https:\/\/gazdasagportal.hu\/index.php\/wp-json\/wp\/v2\/types\/post"}],"author":[{"embeddable":true,"href":"https:\/\/gazdasagportal.hu\/index.php\/wp-json\/wp\/v2\/users\/1"}],"replies":[{"embeddable":true,"href":"https:\/\/gazdasagportal.hu\/index.php\/wp-json\/wp\/v2\/comments?post=83475"}],"version-history":[{"count":1,"href":"https:\/\/gazdasagportal.hu\/index.php\/wp-json\/wp\/v2\/posts\/83475\/revisions"}],"predecessor-version":[{"id":83476,"href":"https:\/\/gazdasagportal.hu\/index.php\/wp-json\/wp\/v2\/posts\/83475\/revisions\/83476"}],"wp:attachment":[{"href":"https:\/\/gazdasagportal.hu\/index.php\/wp-json\/wp\/v2\/media?parent=83475"}],"wp:term":[{"taxonomy":"category","embeddable":true,"href":"https:\/\/gazdasagportal.hu\/index.php\/wp-json\/wp\/v2\/categories?post=83475"},{"taxonomy":"post_tag","embeddable":true,"href":"https:\/\/gazdasagportal.hu\/index.php\/wp-json\/wp\/v2\/tags?post=83475"}],"curies":[{"name":"wp","href":"https:\/\/api.w.org\/{rel}","templated":true}]}}