{"id":83450,"date":"2016-08-15T11:19:30","date_gmt":"2016-08-15T09:19:30","guid":{"rendered":"http:\/\/gazdasagportal.hu\/?p=83450"},"modified":"2016-08-15T11:19:30","modified_gmt":"2016-08-15T09:19:30","slug":"nott-a-feldolgozoipari-foglalkoztatottak-szama-nemetorszagban","status":"publish","type":"post","link":"https:\/\/gazdasagportal.hu\/index.php\/nott-a-feldolgozoipari-foglalkoztatottak-szama-nemetorszagban\/","title":{"rendered":"N\u0151tt a feldolgoz\u00f3ipari foglalkoztatottak sz\u00e1ma N\u00e9metorsz\u00e1gban"},"content":{"rendered":"<p><strong>N\u0151tt a foglalkoztatottak sz\u00e1ma az id\u00e9n j\u00faniusban a n\u00e9met feldolgoz\u00f3iparban a n\u00e9met sz\u00f6vets\u00e9gi statisztikai hivatal, a Destatis h\u00e9tf\u0151n k\u00f6zz\u00e9tett kimutat\u00e1sa szerint.<\/strong><!--more--><\/p>\n<div class=\"ads-in-post1\"><div id=\"gazdasagportal.hu_fullbanner_wideboard\"><\/div>\r\n<\/div>\n<p>Az 50 alkalmazottn\u00e1l t\u00f6bbet foglalkoztat\u00f3 n\u00e9met feldolgoz\u00f3ipari v\u00e1llalatokn\u00e1l 4,5 milli\u00f3an voltak \u00e1ll\u00e1sban j\u00fanius v\u00e9g\u00e9n N\u00e9metorsz\u00e1gban, 46 ezerrel t\u00f6bben, mint 2015. j\u00fanius v\u00e9g\u00e9n.<br \/>\nAz elv\u00e9gzett munka\u00f3r\u00e1k sz\u00e1ma az id\u00e9n j\u00faniusban az egy \u00e9vvel kor\u00e1bbihoz k\u00e9pest 4,1 sz\u00e1zal\u00e9kkal, 730 milli\u00f3 \u00f3r\u00e1ra emelkedett. N\u00e9h\u00e1ny tartom\u00e1nyban azonban az id\u00e9n j\u00faniusban eggyel t\u00f6bb munkanap volt, mint tavaly.<br \/>\nA feldolgoz\u00f3iparban kifizetett b\u00e9rek az egy \u00e9vvel kor\u00e1bbihoz k\u00e9pest 2,6 sz\u00e1zal\u00e9kkal 24,1 milli\u00e1rd eur\u00f3ra emelkedtek az id\u00e9n j\u00faniusban.(MTI)<\/p>\n<p>&nbsp;<\/p><div id=\"gazda-4211029878\" class=\"gazda-tartalomban gazda-entity-placement\"><script async src=\"https:\/\/pagead2.googlesyndication.com\/pagead\/js\/adsbygoogle.js\"><\/script>\r\n<ins class=\"adsbygoogle\"\r\n     style=\"display:block\"\r\n     data-ad-format=\"fluid\"\r\n     data-ad-layout-key=\"-6t+ed+2i-1n-4w\"\r\n     data-ad-client=\"ca-pub-1959107119989764\"\r\n     data-ad-slot=\"4008251320\"><\/ins>\r\n<script>\r\n     (adsbygoogle = window.adsbygoogle || []).push({});\r\n<\/script><\/div>\n","protected":false},"excerpt":{"rendered":"<p>N\u0151tt a foglalkoztatottak sz\u00e1ma az id\u00e9n j\u00faniusban a n\u00e9met feldolgoz\u00f3iparban a n\u00e9met sz\u00f6vets\u00e9gi statisztikai hivatal, a Destatis h\u00e9tf\u0151n k\u00f6zz\u00e9tett kimutat\u00e1sa szerint.<\/p>\n","protected":false},"author":1,"featured_media":0,"comment_status":"open","ping_status":"closed","sticky":false,"template":"","format":"standard","meta":[],"categories":[246],"tags":[],"_links":{"self":[{"href":"https:\/\/gazdasagportal.hu\/index.php\/wp-json\/wp\/v2\/posts\/83450"}],"collection":[{"href":"https:\/\/gazdasagportal.hu\/index.php\/wp-json\/wp\/v2\/posts"}],"about":[{"href":"https:\/\/gazdasagportal.hu\/index.php\/wp-json\/wp\/v2\/types\/post"}],"author":[{"embeddable":true,"href":"https:\/\/gazdasagportal.hu\/index.php\/wp-json\/wp\/v2\/users\/1"}],"replies":[{"embeddable":true,"href":"https:\/\/gazdasagportal.hu\/index.php\/wp-json\/wp\/v2\/comments?post=83450"}],"version-history":[{"count":1,"href":"https:\/\/gazdasagportal.hu\/index.php\/wp-json\/wp\/v2\/posts\/83450\/revisions"}],"predecessor-version":[{"id":83451,"href":"https:\/\/gazdasagportal.hu\/index.php\/wp-json\/wp\/v2\/posts\/83450\/revisions\/83451"}],"wp:attachment":[{"href":"https:\/\/gazdasagportal.hu\/index.php\/wp-json\/wp\/v2\/media?parent=83450"}],"wp:term":[{"taxonomy":"category","embeddable":true,"href":"https:\/\/gazdasagportal.hu\/index.php\/wp-json\/wp\/v2\/categories?post=83450"},{"taxonomy":"post_tag","embeddable":true,"href":"https:\/\/gazdasagportal.hu\/index.php\/wp-json\/wp\/v2\/tags?post=83450"}],"curies":[{"name":"wp","href":"https:\/\/api.w.org\/{rel}","templated":true}]}}