{"id":834,"date":"2013-01-23T12:01:23","date_gmt":"2013-01-23T11:01:23","guid":{"rendered":"http:\/\/stockportal.hu\/?p=834"},"modified":"2013-01-23T12:01:23","modified_gmt":"2013-01-23T11:01:23","slug":"cameron-2015-utan-nepszavazas-lesz-a-brit-eu-tagsagrol","status":"publish","type":"post","link":"https:\/\/gazdasagportal.hu\/index.php\/cameron-2015-utan-nepszavazas-lesz-a-brit-eu-tagsagrol\/","title":{"rendered":"Cameron: 2015 ut\u00e1n n\u00e9pszavaz\u00e1s lesz a brit EU-tags\u00e1gr\u00f3l"},"content":{"rendered":"<p><strong>Nagy-Britannia 2015 ut\u00e1n, a k\u00f6vetkez\u0151 parlamenti id\u0151szak els\u0151 fel\u00e9ben n\u00e9pszavaz\u00e1son d\u00f6nthet EU-tags\u00e1g\u00e1nak j\u00f6v\u0151j\u00e9r\u0151l &#8211; k\u00f6z\u00f6lte szerd\u00e1n Londonban a brit korm\u00e1nyf\u0151.<\/strong><!--more--><\/p>\n<p>David Cameron hetek \u00f3ta fesz\u00fclt figyelemmel v\u00e1rt, bels\u0151 vit\u00e1k \u00e9s k\u00fclpolitikai fejlem\u00e9nyek miatt t\u00f6bbsz\u00f6r elhalasztott besz\u00e9d\u00e9ben kijelentette, hogy a brit lakoss\u00e1g k\u00f6r\u00e9ben &#8222;minden eddigin\u00e9l nagyobb a ki\u00e1br\u00e1ndults\u00e1g&#8221; az EU-val szemben, ez\u00e9rt a brit korm\u00e1ny \u00fajra akarja t\u00e1rgyalni viszonyrendszer\u00e9t az uni\u00f3val. A c\u00e9l az, hogy Nagy-Britannia olyan Eur\u00f3pai Uni\u00f3 tagja legyen, amelynek k\u00f6zponti eleme az egys\u00e9ges piac, \u00e9s amelyben az egyes tag\u00e1llamok korm\u00e1nyai els\u0151sorban saj\u00e1t nemzeti parlamentjeiknek tartoznak besz\u00e1mol\u00e1ssal.<br \/>\nHa err\u0151l az \u00faj viszonyrendszerr\u0151l megsz\u00fcletik a meg\u00e1llapod\u00e1s, azt a brit korm\u00e1ny n\u00e9pszavaz\u00e1sra terjeszti, &#8222;nagyon egyszer\u0171&#8221; v\u00e1laszt\u00e1si lehet\u0151s\u00e9ggel: a v\u00e1laszt\u00f3knak arr\u00f3l kell majd d\u00f6nteni\u00fck, hogy a kialkudott \u00faj viszonyrendszer felt\u00e9telei alapj\u00e1n tov\u00e1bbra is az Eur\u00f3pai Uni\u00f3ban k\u00edv\u00e1nj\u00e1k-e l\u00e1tni Nagy-Britanni\u00e1t, vagy ink\u00e1bb kil\u00e9ptetn\u00e9k az orsz\u00e1got az EU-b\u00f3l &#8211; mondta a brit korm\u00e1nyf\u0151.<br \/>\nCameron t\u00f6bb kor\u00e1bbi nyilatkozat\u00e1ban is \u00edg\u00e9retet tett arra, hogy a brit v\u00e1laszt\u00f3knak lesz lehet\u0151s\u00e9g\u00fck &#8222;val\u00f3s d\u00f6nt\u00e9sre&#8221; Nagy-Britannia \u00e9s az EU j\u00f6v\u0151beni kapcsolatair\u00f3l, a referendum sz\u00f3 haszn\u00e1lat\u00e1t azonban szerdai besz\u00e9d\u00e9ig ker\u00fclte, \u00e9s nem r\u00e9szletezte, hogy milyen d\u00f6nt\u00e9si lehet\u0151s\u00e9gre gondol. A Konzervat\u00edv P\u00e1rt er\u0151teljesen EU-szkeptikus parlamenti jobbsz\u00e1rnya azonban pontosan olyan &#8211; a brit politikai zsargonban &#8222;in or out&#8221; (kil\u00e9pni vagy maradni) n\u00e9ven emlegetett &#8211; referendum-v\u00e1ltozatot k\u00f6vetel m\u00e1r j\u00f3 ideje a brit EU-tags\u00e1g j\u00f6v\u0151j\u00e9r\u0151l, mint amilyet Cameron szerd\u00e1n kil\u00e1t\u00e1sba helyezett.<br \/>\nA korm\u00e1nyf\u0151 szerint a n\u00e9pszavaz\u00e1st a 2015-ben kezd\u0151d\u0151 parlamenti ciklus els\u0151 fel\u00e9ben kell megtartani. Ez azt jelenti, hogy &#8211; mivel a brit v\u00e1laszt\u00e1si t\u00f6rv\u00e9ny r\u00f6gz\u00edtett, \u00f6t\u00e9ves parlamenti ciklusokat \u00edr el\u0151 &#8211; a referendumot legk\u00e9s\u0151bb 2017 v\u00e9g\u00e9ig megtartj\u00e1k, felt\u00e9ve, hogy a Liber\u00e1lis Demokrat\u00e1kkal koal\u00edci\u00f3ban korm\u00e1nyz\u00f3 Konzervat\u00edv P\u00e1rt a 2015-ben esed\u00e9kes v\u00e1laszt\u00e1sokat megnyeri.<br \/>\nA 2010 \u00f3ta ellenz\u00e9kben politiz\u00e1l\u00f3 Munk\u00e1sp\u00e1rt &#8211; a brit baloldal legnagyobb politikai ereje -, amelynek jelenleg sz\u00e1mottev\u0151 t\u00e1mogatotts\u00e1gi el\u0151nyt mutatnak ki a k\u00f6zv\u00e9lem\u00e9ny-kutat\u00e1sok, hat\u00e1rozottan elveti az EU-tags\u00e1gr\u00f3l sz\u00f3l\u00f3 n\u00e9pszavaz\u00e1st.<br \/>\nEd Miliband, a Munk\u00e1sp\u00e1rt vezet\u0151je \u00e9s minisztereln\u00f6k-jel\u00f6ltje minapi nyilatkozat\u00e1ban &#8222;hihetetlen\u00fcl vesz\u00e9lyes haz\u00e1rdj\u00e1t\u00e9knak&#8221; min\u0151s\u00edtette a Konzervat\u00edv P\u00e1rt EU-politik\u00e1j\u00e1t, \u00e9s k\u00fcl\u00f6n\u00f6sen a brit EU-tags\u00e1g \u00fcgy\u00e9r\u0151l sz\u00f3l\u00f3 n\u00e9pszavaz\u00e1s lehet\u0151s\u00e9g\u00e9nek felvet\u00e9s\u00e9t. Miliband a BBC telev\u00edzi\u00f3 m\u00falt h\u00e9tv\u00e9gi politikai magazinm\u0171sor\u00e1ban kijelentette: v\u00e9lem\u00e9nye szerint David Cameron minisztereln\u00f6k politik\u00e1ja azt eredm\u00e9nyezheti, hogy Nagy-Britannia &#8222;holdk\u00f3rosk\u00e9nt kis\u00e9t\u00e1l az EU kij\u00e1rat\u00e1n&#8221;.<br \/>\nSzerdai besz\u00e9d\u00e9ben Cameron maga is elismerte a brit EU-tags\u00e1g megsz\u0171n\u00e9s\u00e9nek vesz\u00e9ly\u00e9t, v\u00e9lem\u00e9nye szerint azonban ezt nem korm\u00e1ny\u00e1nak politik\u00e1ja, hanem az EU-reformok elmarad\u00e1sa okozhatja.<br \/>\nA korm\u00e1nyf\u0151 kijelentette: ha az Eur\u00f3pai Uni\u00f3 nem hajtja v\u00e9gre a London \u00e1ltal sz\u00fcks\u00e9gesnek \u00edt\u00e9lt reformokat, akkor felmer\u00fcl az EU kudarc\u00e1nak vesz\u00e9lye, \u00e9s ebben a helyzetben Nagy-Britannia &#8222;a kij\u00e1rat fel\u00e9 sodr\u00f3dhat&#8221;.<br \/>\nCameron szerint az EU fennmarad\u00e1s\u00e1ra a legnagyobb vesz\u00e9lyt nem a v\u00e1ltoztat\u00e1sok sz\u00f3sz\u00f3l\u00f3i jelentik, hanem azok, akik az &#8222;\u00faj gondolkod\u00e1sm\u00f3dot eretneks\u00e9gk\u00e9nt b\u00e9lyegzik meg&#8221;.<br \/>\n&#8222;Hossz\u00fa t\u00f6rt\u00e9nelme sor\u00e1n Eur\u00f3pa m\u00e1r megtapasztalhatta, hogy vannak olyan eretnekek, akikr\u0151l kider\u00fclt, hogy igazuk van&#8221; &#8211; fogalmazott a brit minisztereln\u00f6k.<br \/>\nA korm\u00e1nyf\u0151 szerint a jelenlegi \u00e1llapotok fenntart\u00e1sa nem biztos\u00edtan\u00e1 az eur\u00f3\u00f6vezet fennmarad\u00e1s\u00e1t sem, \u00e9s nem hozn\u00e1 k\u00f6zelebb az EU-t saj\u00e1t polg\u00e1raihoz.<br \/>\nHozz\u00e1tette: a brit v\u00e1laszt\u00f3k meg\u00edt\u00e9l\u00e9se szerint az Eur\u00f3pai Uni\u00f3 \u00e1ltal c\u00e9lba vett politikai integr\u00e1ci\u00f3 m\u00e1r &#8222;messze t\u00falmegy&#8221; azon szinten, amelyben m\u00e9g j\u00f3l \u00e9rezn\u00e9k magukat.<br \/>\nDavid Cameron szerint a britek az EU-ban zajl\u00f3 v\u00e1ltoz\u00e1sokb\u00f3l csak annyit l\u00e1tnak, hogy &#8222;szerz\u0151d\u00e9s szerz\u0151d\u00e9st k\u00f6vet&#8221;, megv\u00e1ltoztatva a hat\u00e1sk\u00f6ri egyens\u00falyokat a tagorsz\u00e1gok \u00e9s Br\u00fcsszel k\u00f6z\u00f6tt, \u00e9s mindehhez soha nem k\u00e9rik ki a v\u00e9lem\u00e9ny\u00fcket.<br \/>\nCameron szerint a britekben felmer\u00fcl azt a k\u00e9rd\u00e9s is, hogy mit jelent az eur\u00f3\u00f6vezet fenntart\u00e1sa \u00e9rdek\u00e9ben m\u00e9ly\u00fcl\u0151 integr\u00e1ci\u00f3 egy olyan orsz\u00e1g sz\u00e1m\u00e1ra, amely nem tagja az eur\u00f3nak.<br \/>\nEnnek k\u00f6vetkezm\u00e9nye az, hogy az EU demokratikus elfogadotts\u00e1ga ma m\u00e1r &#8222;hajsz\u00e1lv\u00e9kony&#8221; Nagy-Britanni\u00e1ban &#8211; fogalmazott a brit korm\u00e1nyf\u0151.<br \/>\nA minisztereln\u00f6k felh\u00edvta a figyelmet ugyanakkor a kil\u00e9p\u00e9s kock\u00e1zataira is, mondv\u00e1n: ha Nagy-Britannia kivonulna az EU-b\u00f3l, az uni\u00f3ban hozott d\u00f6nt\u00e9sek tov\u00e1bbra is alapvet\u0151 hat\u00e1ssal lenn\u00e9nek a brit gazdas\u00e1gra, csak \u00e9ppen Londonnak m\u00e1r semmif\u00e9le belesz\u00f3l\u00e1sa, v\u00e9t\u00f3joga nem lenne e d\u00f6nt\u00e9sekkel kapcsolatban.<br \/>\nCameron ugyanakkor alig burkolt c\u00e9lz\u00e1st tett arra is, hogy az EU-nak szint\u00e9n \u00e9rdeke a brit k\u00f6vetel\u00e9sek figyelembe v\u00e9tele. Kijelentette: Nagy-Britannia Eur\u00f3pa egyik leger\u0151sebb hatalma, a liber\u00e1lis gazdas\u00e1gi reformok egyik hajt\u00f3ereje, \u00e9s n\u00e9lk\u00fcle &#8222;eg\u00e9szen m\u00e1sfajta Eur\u00f3pai Uni\u00f3&#8221; alakulna ki. &#8222;Neh\u00e9z lenne vitatkozni azzal az \u00e9rvvel&#8221;, hogy Nagy-Britannia t\u00e1voz\u00e1s\u00e1val jelent\u0151sen zsugorodna az EU befoly\u00e1sa &#8211; fogalmazott szerdai besz\u00e9d\u00e9ben a brit korm\u00e1nyf\u0151. (MTI)<\/p>\n","protected":false},"excerpt":{"rendered":"<p>Nagy-Britannia 2015 ut\u00e1n, a k\u00f6vetkez\u0151 parlamenti id\u0151szak els\u0151 fel\u00e9ben n\u00e9pszavaz\u00e1son d\u00f6nthet EU-tags\u00e1g\u00e1nak j\u00f6v\u0151j\u00e9r\u0151l &#8211; k\u00f6z\u00f6lte szerd\u00e1n Londonban a brit korm\u00e1nyf\u0151.<\/p>\n","protected":false},"author":1,"featured_media":0,"comment_status":"closed","ping_status":"closed","sticky":false,"template":"","format":"standard","meta":[],"categories":[12,8],"tags":[],"_links":{"self":[{"href":"https:\/\/gazdasagportal.hu\/index.php\/wp-json\/wp\/v2\/posts\/834"}],"collection":[{"href":"https:\/\/gazdasagportal.hu\/index.php\/wp-json\/wp\/v2\/posts"}],"about":[{"href":"https:\/\/gazdasagportal.hu\/index.php\/wp-json\/wp\/v2\/types\/post"}],"author":[{"embeddable":true,"href":"https:\/\/gazdasagportal.hu\/index.php\/wp-json\/wp\/v2\/users\/1"}],"replies":[{"embeddable":true,"href":"https:\/\/gazdasagportal.hu\/index.php\/wp-json\/wp\/v2\/comments?post=834"}],"version-history":[{"count":2,"href":"https:\/\/gazdasagportal.hu\/index.php\/wp-json\/wp\/v2\/posts\/834\/revisions"}],"predecessor-version":[{"id":836,"href":"https:\/\/gazdasagportal.hu\/index.php\/wp-json\/wp\/v2\/posts\/834\/revisions\/836"}],"wp:attachment":[{"href":"https:\/\/gazdasagportal.hu\/index.php\/wp-json\/wp\/v2\/media?parent=834"}],"wp:term":[{"taxonomy":"category","embeddable":true,"href":"https:\/\/gazdasagportal.hu\/index.php\/wp-json\/wp\/v2\/categories?post=834"},{"taxonomy":"post_tag","embeddable":true,"href":"https:\/\/gazdasagportal.hu\/index.php\/wp-json\/wp\/v2\/tags?post=834"}],"curies":[{"name":"wp","href":"https:\/\/api.w.org\/{rel}","templated":true}]}}