{"id":83392,"date":"2016-08-13T05:09:42","date_gmt":"2016-08-13T03:09:42","guid":{"rendered":"http:\/\/gazdasagportal.hu\/?p=83392"},"modified":"2016-08-12T21:51:44","modified_gmt":"2016-08-12T19:51:44","slug":"kurd-menekulthullam-indulhat-torokorszagbol","status":"publish","type":"post","link":"https:\/\/gazdasagportal.hu\/index.php\/kurd-menekulthullam-indulhat-torokorszagbol\/","title":{"rendered":"Kurd menek\u00fclthull\u00e1m indulhat T\u00f6r\u00f6korsz\u00e1gb\u00f3l"},"content":{"rendered":"<p><strong>Kurd menek\u00fclthull\u00e1m indulhat T\u00f6r\u00f6korsz\u00e1gb\u00f3l N\u00e9metorsz\u00e1gba a katonai hatalom\u00e1tv\u00e9teli k\u00eds\u00e9rlet ut\u00e1ni kem\u00e9ny korm\u00e1nyzati fell\u00e9p\u00e9s miatt &#8211; mondta a n\u00e9metorsz\u00e1gi kurdokat \u00f6sszefog\u00f3 egyes\u00fclet (KGD) vezet\u0151je a Die Welt c\u00edm\u0171 lap p\u00e9nteki sz\u00e1m\u00e1ban.<\/strong><!--more--><\/p>\n<div class=\"ads-in-post1\"><div id=\"gazdasagportal.hu_fullbanner_wideboard\"><\/div>\r\n<\/div>\n<p>    Ali Toprak kiemelte, hogy Recep Tayyip Erdogan t\u00f6r\u00f6k \u00e1llamf\u0151 az elbukott j\u00faliusi puccsk\u00eds\u00e9rlet \u00f3ta igen kem\u00e9nyen l\u00e9p fel mindenki ellen, akit ellens\u00e9gnek tekint, ami t\u00f6megeket k\u00e9sztethet menek\u00fcl\u00e9sre. &#8222;R\u00f6vid t\u00e1von t\u00f6bb t\u00edzezer, k\u00f6z\u00e9pt\u00e1von t\u00f6bb sz\u00e1zezer v\u00e9delmet keres\u0151 ember \u00e9rkezhet T\u00f6r\u00f6korsz\u00e1gb\u00f3l N\u00e9metorsz\u00e1gba, ha az Erdogan-rezsim folytatja a harcot a kisebbs\u00e9gek \u00e9s a demokratikus ellenz\u00e9k ellen&#8221; &#8211; mondta a KGD eln\u00f6ke.<br \/>\n    T\u00f6r\u00f6korsz\u00e1gban m\u00e1r 500 ezer kurd k\u00e9nyszer\u00fclt otthona elhagy\u00e1s\u00e1ra a hadsereg b\u00fcntet\u0151 \u00e9s telep\u00fcl\u00e9seket lerombol\u00f3 akci\u00f3i miatt, most pedig a vil\u00e1gias \u00e9s az ellenz\u00e9ki t\u00f6r\u00f6k nemzetis\u00e9g\u0171 embereket is s\u00fajtja a rendszernek a puccsk\u00eds\u00e9rletre adott reag\u00e1l\u00e1sa. &#8222;Sokan Eur\u00f3p\u00e1ban akarnak majd \u00faj \u00e9letet kezdeni, ha m\u00e9g ink\u00e1bb elnyomj\u00e1k \u0151ket T\u00f6r\u00f6korsz\u00e1gban&#8221; &#8211; mondta Ali Toprak, elfogadhatatlannak nevezve, hogy &#8222;menek\u00fclteket produk\u00e1l egy menek\u00fclteket befogad\u00f3 orsz\u00e1g&#8221;.<br \/>\n    Kiemelte, hogy az ankarai vezet\u00e9s c\u00e9lzottan telep\u00edt sz\u00edriai arab menek\u00fclteket olyan telep\u00fcl\u00e9sekre, amelyeken a kurd nemzetis\u00e9gi vagy az alevita muzulm\u00e1n vall\u00e1si kisebbs\u00e9g a meghat\u00e1roz\u00f3 elem, tov\u00e1bb er\u0151s\u00edtve ezzel a kiv\u00e1ndorl\u00e1si nyom\u00e1st. A kurdok \u00e9s az alevita felekezet tagjai alkotj\u00e1k az &#8222;utols\u00f3 jelent\u0151s kisebbs\u00e9get T\u00f6r\u00f6korsz\u00e1gban, miut\u00e1n a kereszt\u00e9ny \u00f6rm\u00e9nyeket \u00e9s a g\u00f6r\u00f6g\u00f6ket m\u00e1r az ut\u00f3bbi sz\u00e1z \u00e9vben kiirtott\u00e1k vagy el\u00fcld\u00f6zt\u00e9k&#8221; &#8211; mondta Ali Toprak.<br \/>\n    Hangs\u00falyozta, hogy a berlini vezet\u00e9snek az osztr\u00e1k korm\u00e1ny\u00e9hoz hasonl\u00f3 hat\u00e1rozotts\u00e1ggal kellene szembehelyezkednie Recep Tayyip Erdogannal \u00e9s h\u00edveivel. N\u00e9metorsz\u00e1gban is &#8222;boszork\u00e1ny\u00fcld\u00f6z\u00e9s&#8221; zajlik a t\u00f6r\u00f6k \u00e1llamf\u0151 b\u00edr\u00e1l\u00f3i ellen, \u00e9s &#8222;most el\u0151sz\u00f6r nem \u00e9rzem magam biztons\u00e1gban ebben az orsz\u00e1gban&#8221; &#8211; mondta a 47 \u00e9ves kisebbs\u00e9gi vezet\u0151, aki h\u00e1rom\u00e9ves kora \u00f3ta \u00e9l N\u00e9metorsz\u00e1gban.<br \/>\n    Az ut\u00f3bbi h\u00f3napokban emelked\u00e9snek indult a T\u00f6r\u00f6korsz\u00e1gb\u00f3l \u00e9rkez\u0151 mened\u00e9kk\u00e9r\u0151k sz\u00e1ma N\u00e9metorsz\u00e1gban, az \u00e9v els\u0151 fel\u00e9ben 1719-en \u00e9rkeztek, m\u00edg tavaly eg\u00e9sz \u00e9vben 1767-en. A legt\u00f6bb mened\u00e9kk\u00e9r\u0151 T\u00f6r\u00f6korsz\u00e1g d\u00e9lkeleti, kurdok lakta ter\u00fclet\u00e9r\u0151l sz\u00e1rmazik: az 1719 ember k\u00f6z\u00fcl 1510 kurd. Az el\u0151z\u0151 \u00e9vben 1428 volt a kurdok sz\u00e1ma a mened\u00e9kjogot ig\u00e9nyl\u0151k k\u00f6z\u00f6tt. \u0150k bevall\u00e1suk szerint a sz\u00fcl\u0151f\u00f6ldj\u00fck\u00f6n d\u00fal\u00f3 harcok miatt hagyt\u00e1k el haz\u00e1jukat.<br \/>\n    A KGD becsl\u00e9se szerint a 82 milli\u00f3s N\u00e9metorsz\u00e1gban nagyj\u00e1b\u00f3l egymilli\u00f3 kurd nemzetis\u00e9g\u0171 ember \u00e9l.(MTI)<br \/>\n<div class=\"ads-in-post1\"><div id=\"gazdasagportal.hu_fullbanner_wideboard\"><\/div>\r\n<\/div>\n","protected":false},"excerpt":{"rendered":"<p>Kurd menek\u00fclthull\u00e1m indulhat T\u00f6r\u00f6korsz\u00e1gb\u00f3l N\u00e9metorsz\u00e1gba a katonai hatalom\u00e1tv\u00e9teli k\u00eds\u00e9rlet ut\u00e1ni kem\u00e9ny korm\u00e1nyzati fell\u00e9p\u00e9s miatt &#8211; mondta a n\u00e9metorsz\u00e1gi kurdokat \u00f6sszefog\u00f3 egyes\u00fclet (KGD) vezet\u0151je a Die Welt c\u00edm\u0171 lap p\u00e9nteki sz\u00e1m\u00e1ban.<\/p>\n","protected":false},"author":1,"featured_media":0,"comment_status":"open","ping_status":"closed","sticky":false,"template":"","format":"standard","meta":[],"categories":[12],"tags":[],"_links":{"self":[{"href":"https:\/\/gazdasagportal.hu\/index.php\/wp-json\/wp\/v2\/posts\/83392"}],"collection":[{"href":"https:\/\/gazdasagportal.hu\/index.php\/wp-json\/wp\/v2\/posts"}],"about":[{"href":"https:\/\/gazdasagportal.hu\/index.php\/wp-json\/wp\/v2\/types\/post"}],"author":[{"embeddable":true,"href":"https:\/\/gazdasagportal.hu\/index.php\/wp-json\/wp\/v2\/users\/1"}],"replies":[{"embeddable":true,"href":"https:\/\/gazdasagportal.hu\/index.php\/wp-json\/wp\/v2\/comments?post=83392"}],"version-history":[{"count":1,"href":"https:\/\/gazdasagportal.hu\/index.php\/wp-json\/wp\/v2\/posts\/83392\/revisions"}],"predecessor-version":[{"id":83393,"href":"https:\/\/gazdasagportal.hu\/index.php\/wp-json\/wp\/v2\/posts\/83392\/revisions\/83393"}],"wp:attachment":[{"href":"https:\/\/gazdasagportal.hu\/index.php\/wp-json\/wp\/v2\/media?parent=83392"}],"wp:term":[{"taxonomy":"category","embeddable":true,"href":"https:\/\/gazdasagportal.hu\/index.php\/wp-json\/wp\/v2\/categories?post=83392"},{"taxonomy":"post_tag","embeddable":true,"href":"https:\/\/gazdasagportal.hu\/index.php\/wp-json\/wp\/v2\/tags?post=83392"}],"curies":[{"name":"wp","href":"https:\/\/api.w.org\/{rel}","templated":true}]}}