{"id":83383,"date":"2016-08-12T18:22:47","date_gmt":"2016-08-12T16:22:47","guid":{"rendered":"http:\/\/gazdasagportal.hu\/?p=83383"},"modified":"2016-08-12T16:07:57","modified_gmt":"2016-08-12T14:07:57","slug":"nem-nott-juliusban-a-kiskereskedelmi-forgalom-az-egyesult-allamokban","status":"publish","type":"post","link":"https:\/\/gazdasagportal.hu\/index.php\/nem-nott-juliusban-a-kiskereskedelmi-forgalom-az-egyesult-allamokban\/","title":{"rendered":"Nem n\u0151tt j\u00faliusban a kiskereskedelmi forgalom az Egyes\u00fclt \u00c1llamokban"},"content":{"rendered":"<p><strong>Stagn\u00e1lt j\u00faliusban a kiskereskedelmi forgalom az Egyes\u00fclt \u00c1llamokban a washingtoni kereskedelmi miniszt\u00e9rium statisztikai int\u00e9zete, a Census Bureau p\u00e9nteken k\u00f6zz\u00e9tett kimutat\u00e1sa szerint.<\/strong><!--more--><\/p>\n<div class=\"ads-in-post1\"><div id=\"gazdasagportal.hu_fullbanner_wideboard\"><\/div>\r\n<\/div>\n<p>J\u00faliusban szezon\u00e1lisan \u00e9s munkanapokkal kiigaz\u00edtva nem n\u0151tt, stagn\u00e1lt a kiskereskedelmi forgalom az Egyes\u00fclt \u00c1llamokban az el\u0151z\u0151 havihoz k\u00e9pest. Az egy \u00e9vvel kor\u00e1bbihoz k\u00e9pest 2,5 sz\u00e1zal\u00e9k volt a n\u00f6veked\u00e9s.<br \/>\nA kiskereskedelmi forgalom el\u0151z\u0151 havi, m\u00e1jusi n\u00f6veked\u00e9s\u00e9t a Census Bureau havi 0,6 sz\u00e1zal\u00e9kr\u00f3l 0,8 sz\u00e1zal\u00e9kra m\u00f3dos\u00edtotta.<br \/>\nElemz\u0151k a kiskereskedelmi forgalom 0,4 sz\u00e1zal\u00e9kos n\u00f6veked\u00e9s\u00e9t v\u00e1rt\u00e1k j\u00faliusra.(MTI)<br \/>\n<a title=\"Hely megnyit\u00e1sa\" href=\"http:\/\/www.census.gov\/retail\/marts\/www\/marts_current.pdf\" target=\"_blank\" rel=\"noopener\">http:\/\/www.census.gov\/retail\/marts\/www\/marts_current.pdf<\/a><\/p>\n<p>&nbsp;<\/p><div id=\"gazda-3778704623\" class=\"gazda-tartalomban gazda-entity-placement\"><script async src=\"https:\/\/pagead2.googlesyndication.com\/pagead\/js\/adsbygoogle.js\"><\/script>\r\n<ins class=\"adsbygoogle\"\r\n     style=\"display:block\"\r\n     data-ad-format=\"fluid\"\r\n     data-ad-layout-key=\"-6t+ed+2i-1n-4w\"\r\n     data-ad-client=\"ca-pub-1959107119989764\"\r\n     data-ad-slot=\"4008251320\"><\/ins>\r\n<script>\r\n     (adsbygoogle = window.adsbygoogle || []).push({});\r\n<\/script><\/div>\n","protected":false},"excerpt":{"rendered":"<p>Stagn\u00e1lt j\u00faliusban a kiskereskedelmi forgalom az Egyes\u00fclt \u00c1llamokban a washingtoni kereskedelmi miniszt\u00e9rium statisztikai int\u00e9zete, a Census Bureau p\u00e9nteken k\u00f6zz\u00e9tett kimutat\u00e1sa szerint.<\/p>\n","protected":false},"author":1,"featured_media":0,"comment_status":"open","ping_status":"closed","sticky":false,"template":"","format":"standard","meta":[],"categories":[13],"tags":[],"_links":{"self":[{"href":"https:\/\/gazdasagportal.hu\/index.php\/wp-json\/wp\/v2\/posts\/83383"}],"collection":[{"href":"https:\/\/gazdasagportal.hu\/index.php\/wp-json\/wp\/v2\/posts"}],"about":[{"href":"https:\/\/gazdasagportal.hu\/index.php\/wp-json\/wp\/v2\/types\/post"}],"author":[{"embeddable":true,"href":"https:\/\/gazdasagportal.hu\/index.php\/wp-json\/wp\/v2\/users\/1"}],"replies":[{"embeddable":true,"href":"https:\/\/gazdasagportal.hu\/index.php\/wp-json\/wp\/v2\/comments?post=83383"}],"version-history":[{"count":1,"href":"https:\/\/gazdasagportal.hu\/index.php\/wp-json\/wp\/v2\/posts\/83383\/revisions"}],"predecessor-version":[{"id":83384,"href":"https:\/\/gazdasagportal.hu\/index.php\/wp-json\/wp\/v2\/posts\/83383\/revisions\/83384"}],"wp:attachment":[{"href":"https:\/\/gazdasagportal.hu\/index.php\/wp-json\/wp\/v2\/media?parent=83383"}],"wp:term":[{"taxonomy":"category","embeddable":true,"href":"https:\/\/gazdasagportal.hu\/index.php\/wp-json\/wp\/v2\/categories?post=83383"},{"taxonomy":"post_tag","embeddable":true,"href":"https:\/\/gazdasagportal.hu\/index.php\/wp-json\/wp\/v2\/tags?post=83383"}],"curies":[{"name":"wp","href":"https:\/\/api.w.org\/{rel}","templated":true}]}}