{"id":83373,"date":"2016-08-12T14:14:38","date_gmt":"2016-08-12T12:14:38","guid":{"rendered":"http:\/\/gazdasagportal.hu\/?p=83373"},"modified":"2016-08-12T10:50:43","modified_gmt":"2016-08-12T08:50:43","slug":"torok-puccskiserlet-elfogatoparancsot-adtak-ki-hakan-sukur-ellen","status":"publish","type":"post","link":"https:\/\/gazdasagportal.hu\/index.php\/torok-puccskiserlet-elfogatoparancsot-adtak-ki-hakan-sukur-ellen\/","title":{"rendered":"T\u00f6r\u00f6k puccsk\u00eds\u00e9rlet &#8211; Elfogat\u00f3parancsot adtak ki Hakan S\u00fck\u00fcr ellen"},"content":{"rendered":"<p><strong>Elfogat\u00f3parancsot adott ki p\u00e9nteken egy t\u00f6r\u00f6k \u00fcgy\u00e9szs\u00e9g a t\u00f6r\u00f6k labdar\u00fag\u00f3-v\u00e1logatott egykori szt\u00e1rcsat\u00e1ra, Hakan S\u00fck\u00fcr \u00e9s apja, Sermet S\u00fck\u00fcr ellen a j\u00falius 15-i katonai puccsk\u00eds\u00e9rletet k\u00f6vet\u0151 tisztogat\u00e1s keret\u00e9ben &#8211; jelentette az Anadolu t\u00f6r\u00f6k \u00e1llami h\u00edr\u00fcgyn\u00f6ks\u00e9g.<\/strong><!--more--><\/p>\n<div class=\"ads-in-post1\"><div id=\"gazdasagportal.hu_fullbanner_wideboard\"><\/div>\r\n<\/div>\n<p>    Ankara az Egyes\u00fclt \u00c1llamokban \u00e9l\u0151 Fethullah G\u00fclen t\u00f6r\u00f6k hitsz\u00f3nokot \u00e9s az \u00e1ltala ki\u00e9p\u00edtett &#8222;p\u00e1rhuzamos \u00e1llamot&#8221; teszi felel\u0151ss\u00e9 az er\u0151szakos hatalom\u00e1tv\u00e9teli k\u00eds\u00e9rlet\u00e9rt. A j\u00e1t\u00e9kos soha nem titkolta G\u00fclen ir\u00e1nti rokonszenv\u00e9t. A nemzetk\u00f6zi h\u00edr\u0171 egykori csat\u00e1r a v\u00e1d szerint fegyveres terrorszervezet tagja. Hakan S\u00fck\u00fcrrel szemben T\u00f6r\u00f6korsz\u00e1gban az eln\u00f6k megs\u00e9rt\u00e9se miatt is elj\u00e1r\u00e1s folyik.<br \/>\n    A focista tavaly november \u00f3ta az Egyes\u00fclt \u00c1llamokban \u00e9l. A t\u00f6r\u00f6k hat\u00f3s\u00e1gok \u00e1tkutatt\u00e1k az egykori csat\u00e1r isztambuli lak\u00e1s\u00e1t, \u00e9desapj\u00e1t pedig t\u00f6r\u00f6korsz\u00e1gi otthon\u00e1ban kerest\u00e9k, de nem tal\u00e1lt\u00e1k.<br \/>\n    A Dogan t\u00f6r\u00f6k h\u00edr\u00fcgyn\u00f6ks\u00e9g \u00e9rtes\u00fcl\u00e9se szerint az egykori szt\u00e1rfocista hamarosan a legkeresettebb b\u0171n\u00f6z\u0151k list\u00e1j\u00e1ra ker\u00fclhet.<br \/>\n    A 44 \u00e9ves Hakan S\u00fck\u00fcr kor\u00e1bban maga is a hatalmon l\u00e9v\u0151 Igazs\u00e1g \u00e9s Fejl\u0151d\u00e9s P\u00e1rtja (AKP) k\u00e9pvisel\u0151je volt.<br \/>\n    Hakan S\u00fck\u00fcr 1992 \u00e9s 2007 k\u00f6z\u00f6tt 112-szer l\u00e9pett p\u00e1ly\u00e1ra a t\u00f6r\u00f6k v\u00e1logatott mez\u00e9ben, 51 g\u00f3lt szerzett, amivel m\u00e1ig \u0151 minden id\u0151k legeredm\u00e9nyesebb t\u00f6r\u00f6k v\u00e1logatott j\u00e1t\u00e9kosa.(MTI)<\/p>\n","protected":false},"excerpt":{"rendered":"<p>Elfogat\u00f3parancsot adott ki p\u00e9nteken egy t\u00f6r\u00f6k \u00fcgy\u00e9szs\u00e9g a t\u00f6r\u00f6k labdar\u00fag\u00f3-v\u00e1logatott egykori szt\u00e1rcsat\u00e1ra, Hakan S\u00fck\u00fcr \u00e9s apja, Sermet S\u00fck\u00fcr ellen a j\u00falius 15-i katonai puccsk\u00eds\u00e9rletet k\u00f6vet\u0151 tisztogat\u00e1s keret\u00e9ben &#8211; jelentette az Anadolu t\u00f6r\u00f6k \u00e1llami h\u00edr\u00fcgyn\u00f6ks\u00e9g.<\/p>\n","protected":false},"author":1,"featured_media":0,"comment_status":"open","ping_status":"closed","sticky":false,"template":"","format":"standard","meta":[],"categories":[12],"tags":[405],"_links":{"self":[{"href":"https:\/\/gazdasagportal.hu\/index.php\/wp-json\/wp\/v2\/posts\/83373"}],"collection":[{"href":"https:\/\/gazdasagportal.hu\/index.php\/wp-json\/wp\/v2\/posts"}],"about":[{"href":"https:\/\/gazdasagportal.hu\/index.php\/wp-json\/wp\/v2\/types\/post"}],"author":[{"embeddable":true,"href":"https:\/\/gazdasagportal.hu\/index.php\/wp-json\/wp\/v2\/users\/1"}],"replies":[{"embeddable":true,"href":"https:\/\/gazdasagportal.hu\/index.php\/wp-json\/wp\/v2\/comments?post=83373"}],"version-history":[{"count":1,"href":"https:\/\/gazdasagportal.hu\/index.php\/wp-json\/wp\/v2\/posts\/83373\/revisions"}],"predecessor-version":[{"id":83374,"href":"https:\/\/gazdasagportal.hu\/index.php\/wp-json\/wp\/v2\/posts\/83373\/revisions\/83374"}],"wp:attachment":[{"href":"https:\/\/gazdasagportal.hu\/index.php\/wp-json\/wp\/v2\/media?parent=83373"}],"wp:term":[{"taxonomy":"category","embeddable":true,"href":"https:\/\/gazdasagportal.hu\/index.php\/wp-json\/wp\/v2\/categories?post=83373"},{"taxonomy":"post_tag","embeddable":true,"href":"https:\/\/gazdasagportal.hu\/index.php\/wp-json\/wp\/v2\/tags?post=83373"}],"curies":[{"name":"wp","href":"https:\/\/api.w.org\/{rel}","templated":true}]}}