{"id":83252,"date":"2016-08-10T03:37:32","date_gmt":"2016-08-10T01:37:32","guid":{"rendered":"http:\/\/gazdasagportal.hu\/?p=83252"},"modified":"2016-08-09T22:35:19","modified_gmt":"2016-08-09T20:35:19","slug":"tovabbra-is-nemetorszag-az-eu-elso-szamu-netto-befizetoje","status":"publish","type":"post","link":"https:\/\/gazdasagportal.hu\/index.php\/tovabbra-is-nemetorszag-az-eu-elso-szamu-netto-befizetoje\/","title":{"rendered":"Tov\u00e1bbra is N\u00e9metorsz\u00e1g az EU els\u0151 sz\u00e1m\u00fa nett\u00f3 befizet\u0151je"},"content":{"rendered":"<p><strong>Tov\u00e1bbra is N\u00e9metorsz\u00e1g a k\u00f6z\u00f6s eur\u00f3pai uni\u00f3s k\u00f6lts\u00e9gvet\u00e9s els\u0151 sz\u00e1m\u00fa nett\u00f3 befizet\u0151je &#8211; \u00edrta kedden a Frankfurter Allgemeine Zeitung (FAZ) c\u00edm\u0171 n\u00e9met lap az Eur\u00f3pai Bizotts\u00e1g adatai alapj\u00e1n.<\/strong><!--more--><\/p>\n<div class=\"ads-in-post1\"><div id=\"gazdasagportal.hu_fullbanner_wideboard\"><\/div>\r\n<\/div>\n<p>    A br\u00fcsszeli test\u00fclet kimutat\u00e1sa szerint 2015-ben N\u00e9metorsz\u00e1g 14,3 milli\u00e1rd eur\u00f3val t\u00f6bbet fizetett be az uni\u00f3s b\u00fcdzs\u00e9be, mint amennyi p\u00e9nzt kapott onnan, ez cs\u00f6kken\u00e9s az egy \u00e9vvel kor\u00e1bbi 15,5 milli\u00e1rd eur\u00f3s rekordhoz k\u00e9pest, de \u00edgy is N\u00e9metorsz\u00e1g a legnagyobb nett\u00f3 befizet\u0151.<br \/>\n    A m\u00e1sodik helyen Nagy-Britannia \u00e1ll 11,5 milli\u00e1rd eur\u00f3val, ami ugyan r\u00e9szben egyszeri t\u00e9teleknek, kor\u00e1bbi fizet\u00e9si elmarad\u00e1sok p\u00f3tl\u00e1s\u00e1nak tulajdon\u00edthat\u00f3, de nagys\u00e1grendileg megmutatja, mekkora lyukat kell majd bet\u00f6mni a k\u00f6z\u00f6s k\u00f6lts\u00e9gvet\u00e9sben a Brexit &#8211; Nagy-Britannia uni\u00f3s tags\u00e1g\u00e1nak megsz\u00fcntet\u00e9se &#8211; ut\u00e1n.<br \/>\n    A nett\u00f3 befizet\u0151k rangsor\u00e1ban a harmadik helyen Franciaorsz\u00e1g \u00e1ll 5,5 milli\u00e1rd eur\u00f3val, a negyedik Hollandia 3,7 milli\u00e1rd eur\u00f3val, az \u00f6t\u00f6dik Olaszorsz\u00e1g 2,6 milli\u00e1rd eur\u00f3val.<br \/>\n    A k\u00f6lts\u00e9gvet\u00e9s nett\u00f3 haszon\u00e9lvez\u0151inek sor\u00e1t Lengyelorsz\u00e1g vezeti, amely a befizet\u00e9sein\u00e9l 9,4 milli\u00e1rd eur\u00f3val t\u00f6bb p\u00e9nzt kapott a k\u00f6z\u00f6s forr\u00e1sb\u00f3l. A m\u00e1sodik Csehorsz\u00e1g 5,7 milli\u00e1rd eur\u00f3val, a harmadik Rom\u00e1nia 5,2 milli\u00e1rd eur\u00f3val, a negyedik G\u00f6r\u00f6gorsz\u00e1g 4,9 milli\u00e1rd eur\u00f3val, az \u00f6t\u00f6dik Magyarorsz\u00e1g 4,6 milli\u00e1rd eur\u00f3val.<br \/>\n    Az uni\u00f3s k\u00f6lts\u00e9gvet\u00e9s 2015-ben 145 milli\u00e1rd eur\u00f3t tett ki. H\u00e1romnegyed\u00e9t agr\u00e1rt\u00e1mogat\u00e1sokra ford\u00edtott\u00e1k.<br \/>\n    A k\u00f6lts\u00e9gvet\u00e9s bev\u00e9teleinek t\u00f6bb mint 80 sz\u00e1zal\u00e9ka tag\u00e1llami befizet\u00e9sekb\u0151l, tov\u00e1bbi 13 sz\u00e1zal\u00e9ka pedig saj\u00e1t forr\u00e1sb\u00f3l, mindenekel\u0151tt a v\u00e1mbev\u00e9telekb\u0151l sz\u00e1rmazott. Mindezen k\u00edv\u00fcl a tagviszonnyal nem rendelkez\u0151 orsz\u00e1gok &#8211; p\u00e9ld\u00e1ul Norv\u00e9gia &#8211; befizet\u00e9seib\u0151l \u00e9s a versenyjogi elj\u00e1r\u00e1sokban kiszabott b\u00fcntet\u00e9sekb\u0151l fedezt\u00e9k a k\u00f6z\u00f6s b\u00fcdzs\u00e9 kiad\u00e1sait.<br \/>\n    A FAZ kiemelte, hogy az Eur\u00f3pai Bizotts\u00e1g m\u00e1r j\u00falius v\u00e9g\u00e9n k\u00f6zz\u00e9tette honlapj\u00e1n a tavalyi k\u00f6lts\u00e9gvet\u00e9si besz\u00e1mol\u00f3t, de az ut\u00f3bbi \u00e9vekben kialakult gyakorlatnak megfelel\u0151en nem tartott r\u00f3la k\u00fcl\u00f6n sajt\u00f3t\u00e1j\u00e9koztat\u00f3t, mert meg\u00edt\u00e9l\u00e9se szerint a t\u00e9ma politikailag t\u00fals\u00e1gosan \u00e9rz\u00e9keny.(MTI)<br \/>\n<div class=\"ads-in-post1\"><div id=\"gazdasagportal.hu_fullbanner_wideboard\"><\/div>\r\n<\/div>\n","protected":false},"excerpt":{"rendered":"<p>Tov\u00e1bbra is N\u00e9metorsz\u00e1g a k\u00f6z\u00f6s eur\u00f3pai uni\u00f3s k\u00f6lts\u00e9gvet\u00e9s els\u0151 sz\u00e1m\u00fa nett\u00f3 befizet\u0151je &#8211; \u00edrta kedden a Frankfurter Allgemeine Zeitung (FAZ) c\u00edm\u0171 n\u00e9met lap az Eur\u00f3pai Bizotts\u00e1g adatai alapj\u00e1n.<\/p>\n","protected":false},"author":1,"featured_media":0,"comment_status":"open","ping_status":"closed","sticky":false,"template":"","format":"standard","meta":[],"categories":[246],"tags":[],"_links":{"self":[{"href":"https:\/\/gazdasagportal.hu\/index.php\/wp-json\/wp\/v2\/posts\/83252"}],"collection":[{"href":"https:\/\/gazdasagportal.hu\/index.php\/wp-json\/wp\/v2\/posts"}],"about":[{"href":"https:\/\/gazdasagportal.hu\/index.php\/wp-json\/wp\/v2\/types\/post"}],"author":[{"embeddable":true,"href":"https:\/\/gazdasagportal.hu\/index.php\/wp-json\/wp\/v2\/users\/1"}],"replies":[{"embeddable":true,"href":"https:\/\/gazdasagportal.hu\/index.php\/wp-json\/wp\/v2\/comments?post=83252"}],"version-history":[{"count":2,"href":"https:\/\/gazdasagportal.hu\/index.php\/wp-json\/wp\/v2\/posts\/83252\/revisions"}],"predecessor-version":[{"id":83258,"href":"https:\/\/gazdasagportal.hu\/index.php\/wp-json\/wp\/v2\/posts\/83252\/revisions\/83258"}],"wp:attachment":[{"href":"https:\/\/gazdasagportal.hu\/index.php\/wp-json\/wp\/v2\/media?parent=83252"}],"wp:term":[{"taxonomy":"category","embeddable":true,"href":"https:\/\/gazdasagportal.hu\/index.php\/wp-json\/wp\/v2\/categories?post=83252"},{"taxonomy":"post_tag","embeddable":true,"href":"https:\/\/gazdasagportal.hu\/index.php\/wp-json\/wp\/v2\/tags?post=83252"}],"curies":[{"name":"wp","href":"https:\/\/api.w.org\/{rel}","templated":true}]}}