{"id":83243,"date":"2016-08-09T17:32:42","date_gmt":"2016-08-09T15:32:42","guid":{"rendered":"http:\/\/gazdasagportal.hu\/?p=83243"},"modified":"2016-08-09T17:32:42","modified_gmt":"2016-08-09T15:32:42","slug":"jovo-tavasszal-nyilik-az-ikea-uj-aruhaza-soroksaron","status":"publish","type":"post","link":"https:\/\/gazdasagportal.hu\/index.php\/jovo-tavasszal-nyilik-az-ikea-uj-aruhaza-soroksaron\/","title":{"rendered":"J\u00f6v\u0151 tavasszal ny\u00edlik az IKEA \u00faj \u00e1ruh\u00e1za Soroks\u00e1ron"},"content":{"rendered":"<p><strong>J\u00f6v\u0151 tavasszal ny\u00edlik meg a sv\u00e9d IKEA \u00e1ruh\u00e1zl\u00e1nc \u00faj \u00e1ruh\u00e1za Soroks\u00e1ron, a munkaer\u0151-toborz\u00e1s szeptemberben kezd\u0151dik &#8211; mondta Varga-Nagy Eszter, az \u00e1ruh\u00e1zl\u00e1nc kommunik\u00e1ci\u00f3s vezet\u0151je sajt\u00f3t\u00e1j\u00e9koztat\u00f3t k\u00f6vet\u0151en az MTI-nek kedden.<\/strong><!--more--><\/p>\n<div class=\"ads-in-post1\"><div id=\"gazdasagportal.hu_fullbanner_wideboard\"><\/div>\r\n<\/div>\n<p>    Hozz\u00e1tette: az \u00faj \u00e1ruh\u00e1z megnyit\u00e1s\u00e1val a dolgoz\u00f3ik l\u00e9tsz\u00e1ma t\u00f6bb mint 300-zal b\u0151v\u00fcl Magyarorsz\u00e1gon. A dolgoz\u00f3k kiv\u00e1laszt\u00e1si rendszere \u00e9rt\u00e9k- \u00e9s kompetenciaalap\u00fa, \u00e9s nemcsak az iskolai v\u00e9gzetts\u00e9get veszik figyelembe. A meghirdetett poz\u00edci\u00f3k az \u00e1ruh\u00e1z honlapj\u00e1n \u00e9s a nagyobb \u00e1ll\u00e1skeres\u0151 port\u00e1lokon szeptember 5-t\u0151l lesznek el\u00e9rhet\u0151k &#8211; mondta.<br \/>\n    A mintegy 16,8 milli\u00e1rd forintos beruh\u00e1z\u00e1ssal meg\u00e9p\u00fcl\u0151 \u00e1ruh\u00e1z az IKEA harmadik \u00e1ruh\u00e1za lesz Magyarorsz\u00e1gon, az \u00e9p\u00fclet szerkezete 70 sz\u00e1zal\u00e9kban elk\u00e9sz\u00fclt &#8211; t\u00e1j\u00e9koztatott a kommunik\u00e1ci\u00f3s vezet\u0151.<br \/>\n    Az IKEA a vil\u00e1g legnagyobb b\u00fator-kiskereskedelmi konszernje, \u00f6sszesen 330 \u00e1ruh\u00e1zzal rendelkezik 28 orsz\u00e1gban, franchise rendszer\u00e9ben pedig t\u00f6bb mint 40 \u00e1ruh\u00e1z \u00fczemel.<br \/>\n    Az IKEA Magyarorsz\u00e1g \u00e1rbev\u00e9tele a legut\u00f3bbi nyilv\u00e1nos adatok szerint a 2015. augusztus v\u00e9g\u00e9ig tart\u00f3 p\u00e9nz\u00fcgyi \u00e9vben csaknem 14 sz\u00e1zal\u00e9kkal, 47 milli\u00e1rd forintra n\u0151tt. A saj\u00e1t t\u0151ke 4,151 milli\u00e1rd forint volt az egy \u00e9vvel kor\u00e1bbi 2,023 milli\u00e1rd forint ut\u00e1n. Az ad\u00f3zott eredm\u00e9ny 2,477 milli\u00e1rd forintra emelkedett az egy \u00e9vvel kor\u00e1bbi 1,628 milli\u00e1rd forintr\u00f3l.<br \/>\n(MTI)<br \/>\n<div class=\"ads-in-post1\"><div id=\"gazdasagportal.hu_fullbanner_wideboard\"><\/div>\r\n<\/div>\n","protected":false},"excerpt":{"rendered":"<p>J\u00f6v\u0151 tavasszal ny\u00edlik meg a sv\u00e9d IKEA \u00e1ruh\u00e1zl\u00e1nc \u00faj \u00e1ruh\u00e1za Soroks\u00e1ron, a munkaer\u0151-toborz\u00e1s szeptemberben kezd\u0151dik &#8211; mondta Varga-Nagy Eszter, az \u00e1ruh\u00e1zl\u00e1nc kommunik\u00e1ci\u00f3s vezet\u0151je sajt\u00f3t\u00e1j\u00e9koztat\u00f3t k\u00f6vet\u0151en az MTI-nek kedden.<\/p>\n","protected":false},"author":1,"featured_media":0,"comment_status":"open","ping_status":"closed","sticky":false,"template":"","format":"standard","meta":[],"categories":[19],"tags":[],"_links":{"self":[{"href":"https:\/\/gazdasagportal.hu\/index.php\/wp-json\/wp\/v2\/posts\/83243"}],"collection":[{"href":"https:\/\/gazdasagportal.hu\/index.php\/wp-json\/wp\/v2\/posts"}],"about":[{"href":"https:\/\/gazdasagportal.hu\/index.php\/wp-json\/wp\/v2\/types\/post"}],"author":[{"embeddable":true,"href":"https:\/\/gazdasagportal.hu\/index.php\/wp-json\/wp\/v2\/users\/1"}],"replies":[{"embeddable":true,"href":"https:\/\/gazdasagportal.hu\/index.php\/wp-json\/wp\/v2\/comments?post=83243"}],"version-history":[{"count":1,"href":"https:\/\/gazdasagportal.hu\/index.php\/wp-json\/wp\/v2\/posts\/83243\/revisions"}],"predecessor-version":[{"id":83244,"href":"https:\/\/gazdasagportal.hu\/index.php\/wp-json\/wp\/v2\/posts\/83243\/revisions\/83244"}],"wp:attachment":[{"href":"https:\/\/gazdasagportal.hu\/index.php\/wp-json\/wp\/v2\/media?parent=83243"}],"wp:term":[{"taxonomy":"category","embeddable":true,"href":"https:\/\/gazdasagportal.hu\/index.php\/wp-json\/wp\/v2\/categories?post=83243"},{"taxonomy":"post_tag","embeddable":true,"href":"https:\/\/gazdasagportal.hu\/index.php\/wp-json\/wp\/v2\/tags?post=83243"}],"curies":[{"name":"wp","href":"https:\/\/api.w.org\/{rel}","templated":true}]}}