{"id":83235,"date":"2016-08-09T16:20:19","date_gmt":"2016-08-09T14:20:19","guid":{"rendered":"http:\/\/gazdasagportal.hu\/?p=83235"},"modified":"2016-08-09T09:40:18","modified_gmt":"2016-08-09T07:40:18","slug":"torok-puccskiserlet-tiz-kulfoldi-allampolgar-ellen-indult-jogi-eljaras","status":"publish","type":"post","link":"https:\/\/gazdasagportal.hu\/index.php\/torok-puccskiserlet-tiz-kulfoldi-allampolgar-ellen-indult-jogi-eljaras\/","title":{"rendered":"T\u00f6r\u00f6k puccsk\u00eds\u00e9rlet &#8211;  T\u00edz k\u00fclf\u00f6ldi \u00e1llampolg\u00e1r ellen indult jogi elj\u00e1r\u00e1s"},"content":{"rendered":"<p><strong>T\u00edz k\u00fclf\u00f6ldi \u00e1llampolg\u00e1r ellen indult jogi elj\u00e1r\u00e1s T\u00f6r\u00f6korsz\u00e1gban a j\u00falius 15-i puccsk\u00eds\u00e9rlettel \u00f6sszef\u00fcgg\u00e9sben &#8211; sz\u00e1molt be r\u00f3la Numan Kurtulmus minisztereln\u00f6k-helyettes h\u00e9tf\u0151n Ankar\u00e1ban a minisztertan\u00e1cs \u00fcl\u00e9se ut\u00e1ni sajt\u00f3t\u00e1j\u00e9koztat\u00f3n.<\/strong><!--more--><\/p>\n<p>    Kurtulmus kifejtette: k\u00f6z\u00fcl\u00fck 4 embert b\u00edr\u00f3s\u00e1gi d\u00f6nt\u00e9s alapj\u00e1n el\u0151zetes letart\u00f3ztat\u00e1sba helyeztek.<br \/>\n    A n\u00e9met k\u00fcl\u00fcgyminiszt\u00e9rium p\u00e9nteken k\u00f6z\u00f6lte, hogy t\u00f6bb napja \u0151rizetben tartanak egy n\u00e9met \u00e1llampolg\u00e1rs\u00e1g\u00fa n\u0151t T\u00f6r\u00f6korsz\u00e1gban, ami\u00e9rt kapcsolatban \u00e1ll a puccsk\u00eds\u00e9rlet megszervez\u00e9s\u00e9vel v\u00e1dolt Fethullah G\u00fcllen hitsz\u00f3nok mozgalm\u00e1val.<br \/>\n    A t\u00f6r\u00f6k minisztereln\u00f6k-helyettes arr\u00f3l is besz\u00e9lt, hogy 216 puccsista, k\u00f6zt\u00fck 186 katona, valamint 30 csend\u0151r m\u00e9g mindig menek\u00fcl\u0151ben van az er\u0151szakos hatalom\u00e1tv\u00e9teli k\u00eds\u00e9rletet k\u00f6vet\u0151 felel\u0151ss\u00e9gre von\u00e1s el\u0151l. 9 sz\u00f6kev\u00e9ny t\u00e1bornoki rang\u00fa &#8211; tette hozz\u00e1 Kurtulmus.<br \/>\n    A politikus tov\u00e1bb\u00e1 bejelentette, hogy a korm\u00e1ny feloldja azt a j\u00falius 18-i rendeletet, amelynek \u00e9rtelm\u00e9ben hat\u00e1rozatlan id\u0151re felf\u00fcggesztett\u00e9k t\u00f6bb mint h\u00e1rommilli\u00f3 t\u00f6r\u00f6k k\u00f6zalkalmazott \u00e9ves szabads\u00e1g\u00e1t. Az int\u00e9zked\u00e9s k\u00f6vetkezt\u00e9ben a szabads\u00e1gukat t\u00f6lt\u0151 tiszts\u00e9gvisel\u0151knek a lehet\u0151 leghamarabb vissza kellett t\u00e9rni\u00fck munkahely\u00fckre.(MTI)<\/p>\n","protected":false},"excerpt":{"rendered":"<p>T\u00edz k\u00fclf\u00f6ldi \u00e1llampolg\u00e1r ellen indult jogi elj\u00e1r\u00e1s T\u00f6r\u00f6korsz\u00e1gban a j\u00falius 15-i puccsk\u00eds\u00e9rlettel \u00f6sszef\u00fcgg\u00e9sben &#8211; sz\u00e1molt be r\u00f3la Numan Kurtulmus minisztereln\u00f6k-helyettes h\u00e9tf\u0151n Ankar\u00e1ban a minisztertan\u00e1cs \u00fcl\u00e9se ut\u00e1ni sajt\u00f3t\u00e1j\u00e9koztat\u00f3n.<\/p>\n","protected":false},"author":1,"featured_media":0,"comment_status":"open","ping_status":"closed","sticky":false,"template":"","format":"standard","meta":[],"categories":[12],"tags":[],"_links":{"self":[{"href":"https:\/\/gazdasagportal.hu\/index.php\/wp-json\/wp\/v2\/posts\/83235"}],"collection":[{"href":"https:\/\/gazdasagportal.hu\/index.php\/wp-json\/wp\/v2\/posts"}],"about":[{"href":"https:\/\/gazdasagportal.hu\/index.php\/wp-json\/wp\/v2\/types\/post"}],"author":[{"embeddable":true,"href":"https:\/\/gazdasagportal.hu\/index.php\/wp-json\/wp\/v2\/users\/1"}],"replies":[{"embeddable":true,"href":"https:\/\/gazdasagportal.hu\/index.php\/wp-json\/wp\/v2\/comments?post=83235"}],"version-history":[{"count":1,"href":"https:\/\/gazdasagportal.hu\/index.php\/wp-json\/wp\/v2\/posts\/83235\/revisions"}],"predecessor-version":[{"id":83236,"href":"https:\/\/gazdasagportal.hu\/index.php\/wp-json\/wp\/v2\/posts\/83235\/revisions\/83236"}],"wp:attachment":[{"href":"https:\/\/gazdasagportal.hu\/index.php\/wp-json\/wp\/v2\/media?parent=83235"}],"wp:term":[{"taxonomy":"category","embeddable":true,"href":"https:\/\/gazdasagportal.hu\/index.php\/wp-json\/wp\/v2\/categories?post=83235"},{"taxonomy":"post_tag","embeddable":true,"href":"https:\/\/gazdasagportal.hu\/index.php\/wp-json\/wp\/v2\/tags?post=83235"}],"curies":[{"name":"wp","href":"https:\/\/api.w.org\/{rel}","templated":true}]}}