{"id":83231,"date":"2016-08-09T14:53:44","date_gmt":"2016-08-09T12:53:44","guid":{"rendered":"http:\/\/gazdasagportal.hu\/?p=83231"},"modified":"2016-08-09T09:37:32","modified_gmt":"2016-08-09T07:37:32","slug":"gyorsjelentes-2016-nott-a-zwack-unicum-nyrt-profitja-es-arbevetele","status":"publish","type":"post","link":"https:\/\/gazdasagportal.hu\/index.php\/gyorsjelentes-2016-nott-a-zwack-unicum-nyrt-profitja-es-arbevetele\/","title":{"rendered":"Gyorsjelent\u00e9s 2016 &#8211; N\u0151tt a Zwack Unicum Nyrt. profitja \u00e9s \u00e1rbev\u00e9tele"},"content":{"rendered":"<p><strong>A Zwack Unicum Nyrt. 532 milli\u00f3 forint ad\u00f3zott eredm\u00e9nyt \u00e9rt el a 2016-2017-es \u00fczleti \u00e9v els\u0151 negyed\u00e9v\u00e9ben, 49,7 sz\u00e1zal\u00e9kkal t\u00f6bbet az egy \u00e9vvel kor\u00e1bbin\u00e1l &#8211; der\u00fcl ki a t\u00e1rsas\u00e1gnak a Budapesti \u00c9rt\u00e9kt\u0151zsde (B\u00c9T) honlapj\u00e1n h\u00e9tf\u0151n k\u00f6z\u00f6lt gyorsjelent\u00e9s\u00e9b\u0151l.<\/strong><!--more--><\/p>\n<div class=\"ads-in-post1\"><div id=\"gazdasagportal.hu_fullbanner_wideboard\"><\/div>\r\n<\/div>\n<p>    A nemzetk\u00f6zi p\u00e9nz\u00fcgyi szabv\u00e1ny (IFRS) alapj\u00e1n k\u00e9sz\u00fclt jelent\u00e9s szerint a t\u00e1rsas\u00e1g brutt\u00f3 \u00e1rbev\u00e9tele 5,303 milli\u00e1rd forint volt, 22 sz\u00e1zal\u00e9kkal magasabb az el\u0151z\u0151 \u00e9vin\u00e9l. A nett\u00f3 \u00e9rt\u00e9kes\u00edt\u00e9s &#8211; a j\u00f6ved\u00e9ki \u00e9s n\u00e9peg\u00e9szs\u00e9g\u00fcgyi term\u00e9kad\u00f3 (neta) n\u00e9lk\u00fcli \u00e1rbev\u00e9tel &#8211; 3,160 milli\u00e1rd forintot tett ki, 23,9 sz\u00e1zal\u00e9kkal haladja meg a b\u00e1zis id\u0151szak\u00e9t.<br \/>\n    A belf\u00f6ldi \u00e9rt\u00e9kes\u00edt\u00e9s nett\u00f3 \u00e1rbev\u00e9tele 23,9 sz\u00e1zal\u00e9kkal, 540 milli\u00f3 forinttal n\u0151tt. Ez a jelent\u00e9s szerint t\u00f6bb t\u00e9nyez\u0151nek k\u00f6sz\u00f6nhet\u0151. Az el\u0151z\u0151 \u00e9v hasonl\u00f3 id\u0151szak\u00e1ban &#8211; 2015 \u00e1prilis-j\u00faniusban &#8211; a neta bevezet\u00e9se miatt a szok\u00e1sosn\u00e1l alacsonyabb volt az \u00e9rt\u00e9kes\u00edt\u00e9s a 2014 decemberi el\u0151rehozott v\u00e1s\u00e1rl\u00e1sok miatt. Emellett a lakoss\u00e1g fogyaszt\u00e1sa is sz\u00e1mottev\u0151en emelkedik, \u00e9s a j\u00faniusi labdar\u00fag\u00f3 EB is n\u00f6velte a fogyaszt\u00e1st, els\u0151sorban a gasztron\u00f3mi\u00e1ban. E kedvez\u0151 t\u00e9nyez\u0151knek k\u00f6sz\u00f6nhet\u0151en k\u00f6zel 2 sz\u00e1zal\u00e9kkal n\u0151tt a Zwack piaci r\u00e9szesed\u00e9se a magyar \u00e9getett szeszesital piacon.<br \/>\n    A belf\u00f6ldi \u00e9rt\u00e9kes\u00edt\u00e9sen bel\u00fcl a saj\u00e1t termel\u00e9s\u0171 term\u00e9kek nett\u00f3 \u00e1rbev\u00e9tele 22,3 sz\u00e1zal\u00e9kkal n\u0151tt. A belf\u00f6ldi pr\u00e9mium \u00e1rbev\u00e9tel 11,4 sz\u00e1zal\u00e9kkal, m\u00edg a min\u0151s\u00e9gi term\u00e9kek nett\u00f3 \u00e1rbev\u00e9tele 60 sz\u00e1zal\u00e9kkal emelkedett.<br \/>\n    A jelent\u00e9sben kiemelik, hogy az \u00e1prilis-m\u00e1jusi piackutat\u00e1si adatok szerint az ad\u00f3zott \u00e9getett szeszesitalok piaca mennyis\u00e9gben 3,3 sz\u00e1zal\u00e9kkal n\u0151tt, ami a pr\u00e9mium szegmensnek k\u00f6sz\u00f6nhet\u0151 (15,8 sz\u00e1zal\u00e9k). A m\u00e1sik fontos piaci szegmens, a min\u0151s\u00e9gi term\u00e9kek elad\u00e1sa 12,4 sz\u00e1zal\u00e9kkal emelkedett. A kommersz term\u00e9kek volumene 9,4 sz\u00e1zal\u00e9kkal visszaesett.<br \/>\n    Az export \u00e1rbev\u00e9tel 24,5 sz\u00e1zal\u00e9kkal magasabb az el\u0151z\u0151 \u00e9vin\u00e9l, valamennyi f\u00f3kusz piacon (olasz, n\u00e9met, rom\u00e1n, duty free) k\u00e9tsz\u00e1mjegy\u0171 n\u00f6veked\u00e9st \u00e9rt el a t\u00e1rsas\u00e1g.<br \/>\n    Az anyagk\u00f6lts\u00e9gek \u00e9s anyagjelleg\u0171 r\u00e1ford\u00edt\u00e1sok a volumenv\u00e1ltoz\u00e1ssal \u00f6sszef\u00fcgg\u00e9sben 26,8 sz\u00e1zal\u00e9kkal (270 milli\u00f3 forinttal) emelkedtek, a szem\u00e9lyi jelleg\u0171 r\u00e1ford\u00edt\u00e1sok 0,5 sz\u00e1zal\u00e9kkal (3 milli\u00f3 forinttal) cs\u00f6kkentek.<br \/>\n    Beruh\u00e1z\u00e1sra 101 milli\u00f3 forintot k\u00f6lt\u00f6tt a Zwack Unicum az els\u0151 negyed\u00e9vben, amelyek p\u00f3tl\u00f3 jelleg\u0171ek voltak, \u00e9s a tervezettnek megfelel\u0151en alakultak.<br \/>\n    A Zwack r\u00e9szv\u00e9nyeivel a Budapesti \u00c9rt\u00e9kt\u0151zsde pr\u00e9mium kateg\u00f3ri\u00e1j\u00e1ban kereskednek, a pap\u00edr h\u00e9tf\u0151n 17 065 forinton z\u00e1rt, az elm\u00falt egy \u00e9vben a legmagasabb \u00e1rfolyama 18 100 forint, a legalacsonyabb 16 500 forint volt.(MTI)<\/p>\n","protected":false},"excerpt":{"rendered":"<p>A Zwack Unicum Nyrt. 532 milli\u00f3 forint ad\u00f3zott eredm\u00e9nyt \u00e9rt el a 2016-2017-es \u00fczleti \u00e9v els\u0151 negyed\u00e9v\u00e9ben, 49,7 sz\u00e1zal\u00e9kkal t\u00f6bbet az egy \u00e9vvel kor\u00e1bbin\u00e1l &#8211; der\u00fcl ki a t\u00e1rsas\u00e1gnak a Budapesti \u00c9rt\u00e9kt\u0151zsde (B\u00c9T) honlapj\u00e1n h\u00e9tf\u0151n k\u00f6z\u00f6lt gyorsjelent\u00e9s\u00e9b\u0151l.<\/p>\n","protected":false},"author":1,"featured_media":0,"comment_status":"open","ping_status":"closed","sticky":false,"template":"","format":"standard","meta":[],"categories":[7,40],"tags":[],"_links":{"self":[{"href":"https:\/\/gazdasagportal.hu\/index.php\/wp-json\/wp\/v2\/posts\/83231"}],"collection":[{"href":"https:\/\/gazdasagportal.hu\/index.php\/wp-json\/wp\/v2\/posts"}],"about":[{"href":"https:\/\/gazdasagportal.hu\/index.php\/wp-json\/wp\/v2\/types\/post"}],"author":[{"embeddable":true,"href":"https:\/\/gazdasagportal.hu\/index.php\/wp-json\/wp\/v2\/users\/1"}],"replies":[{"embeddable":true,"href":"https:\/\/gazdasagportal.hu\/index.php\/wp-json\/wp\/v2\/comments?post=83231"}],"version-history":[{"count":1,"href":"https:\/\/gazdasagportal.hu\/index.php\/wp-json\/wp\/v2\/posts\/83231\/revisions"}],"predecessor-version":[{"id":83232,"href":"https:\/\/gazdasagportal.hu\/index.php\/wp-json\/wp\/v2\/posts\/83231\/revisions\/83232"}],"wp:attachment":[{"href":"https:\/\/gazdasagportal.hu\/index.php\/wp-json\/wp\/v2\/media?parent=83231"}],"wp:term":[{"taxonomy":"category","embeddable":true,"href":"https:\/\/gazdasagportal.hu\/index.php\/wp-json\/wp\/v2\/categories?post=83231"},{"taxonomy":"post_tag","embeddable":true,"href":"https:\/\/gazdasagportal.hu\/index.php\/wp-json\/wp\/v2\/tags?post=83231"}],"curies":[{"name":"wp","href":"https:\/\/api.w.org\/{rel}","templated":true}]}}