{"id":83197,"date":"2016-08-08T16:05:00","date_gmt":"2016-08-08T14:05:00","guid":{"rendered":"http:\/\/gazdasagportal.hu\/?p=83197"},"modified":"2016-08-08T13:21:41","modified_gmt":"2016-08-08T11:21:41","slug":"europaban-a-muszlimok-partnerei-a-keresztenyeknek-az-iszlam-allammal-szemben","status":"publish","type":"post","link":"https:\/\/gazdasagportal.hu\/index.php\/europaban-a-muszlimok-partnerei-a-keresztenyeknek-az-iszlam-allammal-szemben\/","title":{"rendered":"Eur\u00f3p\u00e1ban a muszlimok partnerei a kereszt\u00e9nyeknek az Iszl\u00e1m \u00c1llammal szemben"},"content":{"rendered":"<p><strong>Az Iszl\u00e1m \u00c1llammal szemben a muszlimok partnerei a kereszt\u00e9nyeknek Eur\u00f3p\u00e1ban, mert \u0151k ugyan\u00fagy elszenved\u0151i a terrorszervezet tev\u00e9kenys\u00e9g\u00e9nek &#8211; mondta Rostov\u00e1nyi Zsolt iszl\u00e1mszak\u00e9rt\u0151, a Budapesti Corvinus Egyetem rektor emeritusa az M1 aktu\u00e1lis csatorna h\u00e9tf\u0151 reggeli m\u0171sor\u00e1ban. <\/strong><\/p>\n<p><!--more--><\/p>\n<div class=\"ads-in-post1\"><div id=\"gazdasagportal.hu_fullbanner_wideboard\"><\/div>\r\n<\/div>\n<p>A szak\u00e9rt\u0151 felh\u00edvta a figyelmet arra, hogy az Iszl\u00e1m \u00c1llam fell\u00e9p\u00e9se miatt \u00fagy t\u0171nik, mintha az iszl\u00e1m \u00e9s a kereszt\u00e9nys\u00e9g k\u00f6z\u00f6tt h\u00faz\u00f3dna  t\u00f6r\u00e9svonal, de a terrorszervezet mindenkivel szemben \u00e1ll, aki nem az \u0151 iszl\u00e1m\u00e9rtelmez\u00e9s\u00e9t vallja. Mint mondta, ez\u00e9rt az Iszl\u00e1m \u00c1llammal szemben a muszlimok partnerei a kereszt\u00e9nyeknek Eur\u00f3p\u00e1ban.<br \/>\nRostov\u00e1nyi Zsolt eml\u00e9keztetett arra is, hogy az Iszl\u00e1m \u00c1llamnak az els\u0151dleges c\u00e9lpontja nem Eur\u00f3pa, hanem az eg\u00e9sz vil\u00e1g. Megjegyezte: nem Eur\u00f3p\u00e1ban t\u00f6rt\u00e9nik a legt\u00f6bb mer\u00e9nylet, szinte naponta hallani mer\u00e9nyletekr\u0151l Irakb\u00f3l, Sz\u00edri\u00e1b\u00f3l \u00e9s Egyiptomb\u00f3l, de ezek kevesebb sajt\u00f3nyilv\u00e1noss\u00e1got kapnak.<br \/>\nEur\u00f3p\u00e1t els\u0151sorban az eur\u00f3pai mer\u00e9nyletek \u00e9rdeklik, de az Iszl\u00e1m \u00c1llam mer\u00e9nyleteinek t\u00f6bbs\u00e9ge Pakiszt\u00e1nban, Afganiszt\u00e1nban, Irakban, Sz\u00edri\u00e1ban, Nig\u00e9ri\u00e1ban, Szom\u00e1li\u00e1ban, Sza\u00fad-Ar\u00e1bi\u00e1ban t\u00f6rt\u00e9nik. Nemr\u00e9g Medin\u00e1ban, az iszl\u00e1m m\u00e1sodik legszentebb hely\u00e9n hajtottak v\u00e9gre \u00f6ngyilkos mer\u00e9nyletet az Iszl\u00e1m \u00c1llam emberei &#8211; jegyezte meg.<br \/>\nA szak\u00e9rt\u0151 kiemelte: az iszl\u00e1m orsz\u00e1gokb\u00f3l a m\u00e1sodik vil\u00e1gh\u00e1bor\u00fa ut\u00e1n indult meg a munkaer\u0151 &#8222;bevonz\u00e1sa&#8221; Eur\u00f3p\u00e1ba. Az EU tag\u00e1llamaiban 2014-ig 20-25 milli\u00f3 muszlim \u00e9lt, sz\u00e1muk tavaly a bev\u00e1ndorl\u00e1s miatt 1-1,5 milli\u00f3val n\u0151tt. Ugyanakkor a Balk\u00e1non is \u00e9l 8-10 milli\u00f3 &#8222;\u0151shonos&#8221; muszlim.<br \/>\nRostov\u00e1nyi Zsolt jelezte, az EU tag\u00e1llamaiban \u00e9l\u0151 muszlimok jelent\u0151s r\u00e9sze beilleszkedett, integr\u00e1l\u00f3dott, egy r\u00e9sze pedig marginaliz\u00e1l\u00f3dott, \u00e9s val\u00f3ban komoly integr\u00e1ci\u00f3s probl\u00e9m\u00e1kkal k\u00fczd.<br \/>\nAz egyed\u00fcli megold\u00e1s az integr\u00e1ci\u00f3juk el\u0151seg\u00edt\u00e9se &#8211; jelentette ki a szak\u00e9rt\u0151, aki maga is elismerte, hogy ez szerte\u00e1gaz\u00f3, komplex k\u00e9rd\u00e9s, mert  nem egys\u00e9ges az eur\u00f3pai muszlimok t\u00f6mbje, hanem rendk\u00edv\u00fcl sok t\u00f6r\u00e9svonal ment\u00e9n differenci\u00e1lt. Mint mondta, az iszl\u00e1m rendk\u00edv\u00fcl soksz\u00edn\u0171, nem olyan sablon, keret, amib\u0151l meg lehetne magyar\u00e1zni, mit csin\u00e1lnak a t\u00f6r\u00f6k, indon\u00e9z, egyiptomi, sza\u00fadi muszlimok.<br \/>\nJelen pillanatban a muszlimoknak etniz\u00e1l\u00e1sa folyik, mintha egy etnikai kateg\u00f3ria lenne a muszlims\u00e1g, holott egy\u00e1ltal\u00e1n nem az &#8211; mondta, hozz\u00e1t\u00e9ve, nagyon f\u00e9lrevezet\u0151nek gondolja, hogy egys\u00e9gesen kezelik a muszlimokat.(MTI)<\/p>\n","protected":false},"excerpt":{"rendered":"<p>Az Iszl\u00e1m \u00c1llammal szemben a muszlimok partnerei a kereszt\u00e9nyeknek Eur\u00f3p\u00e1ban, mert \u0151k ugyan\u00fagy elszenved\u0151i a terrorszervezet tev\u00e9kenys\u00e9g\u00e9nek &#8211; mondta Rostov\u00e1nyi Zsolt iszl\u00e1mszak\u00e9rt\u0151, a Budapesti Corvinus Egyetem rektor emeritusa az M1 aktu\u00e1lis csatorna h\u00e9tf\u0151 reggeli m\u0171sor\u00e1ban.<\/p>\n","protected":false},"author":1,"featured_media":0,"comment_status":"open","ping_status":"closed","sticky":false,"template":"","format":"standard","meta":[],"categories":[12,16],"tags":[],"_links":{"self":[{"href":"https:\/\/gazdasagportal.hu\/index.php\/wp-json\/wp\/v2\/posts\/83197"}],"collection":[{"href":"https:\/\/gazdasagportal.hu\/index.php\/wp-json\/wp\/v2\/posts"}],"about":[{"href":"https:\/\/gazdasagportal.hu\/index.php\/wp-json\/wp\/v2\/types\/post"}],"author":[{"embeddable":true,"href":"https:\/\/gazdasagportal.hu\/index.php\/wp-json\/wp\/v2\/users\/1"}],"replies":[{"embeddable":true,"href":"https:\/\/gazdasagportal.hu\/index.php\/wp-json\/wp\/v2\/comments?post=83197"}],"version-history":[{"count":2,"href":"https:\/\/gazdasagportal.hu\/index.php\/wp-json\/wp\/v2\/posts\/83197\/revisions"}],"predecessor-version":[{"id":83200,"href":"https:\/\/gazdasagportal.hu\/index.php\/wp-json\/wp\/v2\/posts\/83197\/revisions\/83200"}],"wp:attachment":[{"href":"https:\/\/gazdasagportal.hu\/index.php\/wp-json\/wp\/v2\/media?parent=83197"}],"wp:term":[{"taxonomy":"category","embeddable":true,"href":"https:\/\/gazdasagportal.hu\/index.php\/wp-json\/wp\/v2\/categories?post=83197"},{"taxonomy":"post_tag","embeddable":true,"href":"https:\/\/gazdasagportal.hu\/index.php\/wp-json\/wp\/v2\/tags?post=83197"}],"curies":[{"name":"wp","href":"https:\/\/api.w.org\/{rel}","templated":true}]}}