{"id":83138,"date":"2016-08-06T05:09:24","date_gmt":"2016-08-06T03:09:24","guid":{"rendered":"http:\/\/gazdasagportal.hu\/?p=83138"},"modified":"2016-08-05T20:40:38","modified_gmt":"2016-08-05T18:40:38","slug":"a-belga-hadseregnek-tobbtucatnyi-szelsoseges-csoportokhoz-tartozo-tagja-van","status":"publish","type":"post","link":"https:\/\/gazdasagportal.hu\/index.php\/a-belga-hadseregnek-tobbtucatnyi-szelsoseges-csoportokhoz-tartozo-tagja-van\/","title":{"rendered":"A belga hadseregnek t\u00f6bbtucatnyi, sz\u00e9ls\u0151s\u00e9ges csoportokhoz tartoz\u00f3 tagja van"},"content":{"rendered":"<p><strong>T\u00f6bb tucatnyi olyan ember szolg\u00e1l a belga fegyveres er\u0151kn\u00e9l, aki kapcsolatban van k\u00fcl\u00f6nb\u00f6z\u0151 sz\u00e9ls\u0151s\u00e9ges csoportokkal &#8211; er\u0151s\u00edtette meg a v\u00e9delmi miniszt\u00e9rium p\u00e9nteken a helyi sajt\u00f3 jelent\u00e9seit.<\/strong><br \/>\n<div class=\"ads-in-post1\"><div id=\"gazdasagportal.hu_fullbanner_wideboard\"><\/div>\r\n<\/div>\n<p>    A t\u00e1rca t\u00e1j\u00e9koztat\u00e1sa szerint a biztons\u00e1gi szolg\u00e1latok jelenleg \u00f6tven \u00e9rintettr\u0151l tudnak a hadseregen bel\u00fcl.<br \/>\n    A De Morgen c\u00edm\u0171 lap arr\u00f3l sz\u00e1molt be cs\u00fct\u00f6rt\u00f6k\u00f6n, hogy n\u00e9gy katona tagja az Odin katon\u00e1i nev\u0171, bev\u00e1ndorl\u00e1sellenes szervez\u0151d\u00e9snek. A v\u00e9delmi miniszt\u00e9rium viszont azt k\u00f6z\u00f6lte, hogy egyik\u00fck id\u0151k\u00f6zben kil\u00e9pett a finnorsz\u00e1gi alap\u00edt\u00e1s\u00fa csoportb\u00f3l.<br \/>\n    A miniszt\u00e9rium sz\u00f3viv\u0151je elmondta, hogy a fegyveres er\u0151k tagjainak mindegyik\u00e9t rendszeresen \u00e1tvil\u00e1g\u00edtj\u00e1k a szakszolg\u00e1latok, azokat pedig automatikusan megfigyel\u00e9s al\u00e1 vonj\u00e1k, akikr\u0151l kider\u00fcl, hogy sz\u00e9ls\u0151s\u00e9ges csoportokkal vannak kapcsolatban. Sz\u00fcks\u00e9g eset\u00e9n a biztons\u00e1gi enged\u00e9lyeket is megvonj\u00e1k az \u00e9rintettekt\u0151l.<br \/>\n    Laurence Mortier, a belga v\u00e9delmi miniszter sz\u00f3viv\u0151je szerint megfelel\u0151en szoros megfigyel\u00e9s alatt tartj\u00e1k a sz\u00e9ls\u0151s\u00e9ges csoportokhoz k\u00f6thet\u0151 katon\u00e1kat.<br \/>\n    Nem tudni pontosan, hogy a hat\u00f3s\u00e1gok szem\u00e9ben mi min\u0151s\u00fcl sz\u00e9ls\u0151s\u00e9ges szervezetnek, a Politico c\u00edm\u0171 br\u00fcsszeli h\u00edrport\u00e1l szerint azonban a neon\u00e1ci szervezetek, a sz\u00e9ls\u0151s\u00e9ges vall\u00e1si csoportok, de ak\u00e1r motoros klubok, p\u00e9ld\u00e1ul a Hell&#8217;s Angels is idetartozhatnak.<br \/>\n    Az Odin katon\u00e1i nevet visel\u0151 szervez\u0151d\u00e9st 2015-ben alap\u00edtott\u00e1k Finnorsz\u00e1gban, a nev\u00fckben szerepl\u0151 Odin a norv\u00e9g mitol\u00f3gi\u00e1ban az istenek kir\u00e1lya volt. A csoport m\u00e1r t\u00f6bb m\u00e1s orsz\u00e1gban is megjelent, p\u00e9ld\u00e1ul Sv\u00e9dorsz\u00e1gban \u00e9s Norv\u00e9gi\u00e1ban, tagjai utcai j\u00e1r\u0151r\u00f6z\u00e9st folytatnak, hogy &#8222;megv\u00e9dj\u00e9k a lakoss\u00e1got a bev\u00e1ndorl\u00f3kt\u00f3l&#8221;.(MTI)<\/p>\n<div class=\"ads-in-post1\"><div id=\"gazdasagportal.hu_fullbanner_wideboard\"><\/div>\r\n<\/div>\n","protected":false},"excerpt":{"rendered":"<p>T\u00f6bb tucatnyi olyan ember szolg\u00e1l a belga fegyveres er\u0151kn\u00e9l, aki kapcsolatban van k\u00fcl\u00f6nb\u00f6z\u0151 sz\u00e9ls\u0151s\u00e9ges csoportokkal &#8211; er\u0151s\u00edtette meg a v\u00e9delmi miniszt\u00e9rium p\u00e9nteken a helyi sajt\u00f3 jelent\u00e9seit. A t\u00e1rca t\u00e1j\u00e9koztat\u00e1sa szerint a biztons\u00e1gi szolg\u00e1latok jelenleg \u00f6tven \u00e9rintettr\u0151l tudnak a hadseregen bel\u00fcl. A De Morgen c\u00edm\u0171 lap arr\u00f3l sz\u00e1molt be cs\u00fct\u00f6rt\u00f6k\u00f6n, hogy n\u00e9gy katona tagja az Odin &#8230;<\/p>\n","protected":false},"author":1,"featured_media":0,"comment_status":"open","ping_status":"closed","sticky":false,"template":"","format":"standard","meta":[],"categories":[12],"tags":[],"_links":{"self":[{"href":"https:\/\/gazdasagportal.hu\/index.php\/wp-json\/wp\/v2\/posts\/83138"}],"collection":[{"href":"https:\/\/gazdasagportal.hu\/index.php\/wp-json\/wp\/v2\/posts"}],"about":[{"href":"https:\/\/gazdasagportal.hu\/index.php\/wp-json\/wp\/v2\/types\/post"}],"author":[{"embeddable":true,"href":"https:\/\/gazdasagportal.hu\/index.php\/wp-json\/wp\/v2\/users\/1"}],"replies":[{"embeddable":true,"href":"https:\/\/gazdasagportal.hu\/index.php\/wp-json\/wp\/v2\/comments?post=83138"}],"version-history":[{"count":1,"href":"https:\/\/gazdasagportal.hu\/index.php\/wp-json\/wp\/v2\/posts\/83138\/revisions"}],"predecessor-version":[{"id":83139,"href":"https:\/\/gazdasagportal.hu\/index.php\/wp-json\/wp\/v2\/posts\/83138\/revisions\/83139"}],"wp:attachment":[{"href":"https:\/\/gazdasagportal.hu\/index.php\/wp-json\/wp\/v2\/media?parent=83138"}],"wp:term":[{"taxonomy":"category","embeddable":true,"href":"https:\/\/gazdasagportal.hu\/index.php\/wp-json\/wp\/v2\/categories?post=83138"},{"taxonomy":"post_tag","embeddable":true,"href":"https:\/\/gazdasagportal.hu\/index.php\/wp-json\/wp\/v2\/tags?post=83138"}],"curies":[{"name":"wp","href":"https:\/\/api.w.org\/{rel}","templated":true}]}}