{"id":83003,"date":"2016-08-03T10:20:02","date_gmt":"2016-08-03T08:20:02","guid":{"rendered":"http:\/\/gazdasagportal.hu\/?p=83003"},"modified":"2016-08-03T09:08:50","modified_gmt":"2016-08-03T07:08:50","slug":"ksh-730-millio-euro-volt-a-kulkereskedelmi-tobblet-majusban","status":"publish","type":"post","link":"https:\/\/gazdasagportal.hu\/index.php\/ksh-730-millio-euro-volt-a-kulkereskedelmi-tobblet-majusban\/","title":{"rendered":"KSH: 730 milli\u00f3 eur\u00f3 volt a k\u00fclkereskedelmi t\u00f6bblet m\u00e1jusban"},"content":{"rendered":"<p><strong>M\u00e1jusban 6,3 sz\u00e1zal\u00e9kkal n\u0151tt a kivitel \u00e9s 2,9 sz\u00e1zal\u00e9kkal a behozatal eur\u00f3ban sz\u00e1molt \u00e9rt\u00e9ke az egy \u00e9vvel kor\u00e1bbihoz k\u00e9pest. A 730 milli\u00f3 eur\u00f3 exportt\u00f6bblet 259 milli\u00f3val nagyobb a tavaly m\u00e1jusin\u00e1l, ugyanakkor 25 milli\u00f3 eur\u00f3val alacsonyabb az els\u0151 becsl\u00e9sben k\u00f6z\u00f6lt \u00e9rt\u00e9kn\u00e9l &#8211; jelentette m\u00e1sodik becsl\u00e9se alapj\u00e1n a K\u00f6zponti Statisztikai Hivatal (KSH) kedden. <\/strong><!--more--><\/p>\n<div class=\"ads-in-post1\"><div id=\"gazdasagportal.hu_fullbanner_wideboard\"><\/div>\r\n<\/div>\n<p>    Id\u00e9n m\u00e1jusban a kivitel \u00e9rt\u00e9ke 7,6 milli\u00e1rd eur\u00f3 (2387 milli\u00e1rd forint), a behozatal\u00e9 6,9 milli\u00e1rd eur\u00f3 (2157 milli\u00e1rd forint) volt.<br \/>\n    Az \u00e9v els\u0151 \u00f6t h\u00f3napj\u00e1ban az export 5,4, az import 6,3 sz\u00e1zal\u00e9kkal emelkedett, a k\u00fclkereskedelmi m\u00e9rleg t\u00f6bblete 695 milli\u00f3 eur\u00f3val n\u0151tt, 4,2 milli\u00e1rd eur\u00f3t tett ki. Janu\u00e1r-m\u00e1jusban a kivitel \u00e9rt\u00e9ke 38,3 milli\u00e1rd eur\u00f3 (11 950 milli\u00e1rd forint), a behozatal\u00e9 34,1 milli\u00e1rd eur\u00f3 (10 645 milli\u00e1rd forint) volt. A forgalom forintban m\u00e9rt \u00e1rsz\u00ednvonala a kivitelben 0,3, a behozatalban 2,7 sz\u00e1zal\u00e9kkal cs\u00f6kkent. A cserear\u00e1ny 2,5 sz\u00e1zal\u00e9kkal javult. A forint az eur\u00f3hoz viszony\u00edtva 1,9, a doll\u00e1rhoz k\u00e9pest 2,0 sz\u00e1zal\u00e9kkal \u00e9rt\u00e9kel\u0151d\u00f6tt le az els\u0151 \u00f6t h\u00f3napban.<br \/>\n    A g\u00e9pek, sz\u00e1ll\u00edt\u00f3eszk\u00f6z\u00f6k eur\u00f3ban elsz\u00e1molt kivitele m\u00e1jusban 8,6 sz\u00e1zal\u00e9kkal haladta meg az egy \u00e9vvel kor\u00e1bbit az el\u0151z\u0151 havi 8,4 sz\u00e1zal\u00e9kos emelked\u00e9s ut\u00e1n. Az \u00e9v els\u0151 \u00f6t h\u00f3napj\u00e1ban 4,8 sz\u00e1zal\u00e9kos volt az \u00e9ves n\u00f6veked\u00e9s.<br \/>\n    A feldolgozott term\u00e9kek kivitele m\u00e1jusban 6,3 sz\u00e1zal\u00e9kkal n\u0151tt a tavalyihoz k\u00e9pest, az \u00e9lelmiszerek\u00e9 6,3 sz\u00e1zal\u00e9kkal emelkedett.<br \/>\n    A g\u00e9pek, sz\u00e1ll\u00edt\u00f3eszk\u00f6z\u00f6k behozatala m\u00e1jusban 3,6 sz\u00e1zal\u00e9kkal n\u0151tt, az el\u0151z\u0151 havi 1,8 sz\u00e1zal\u00e9kos cs\u00f6kken\u00e9s ut\u00e1n.<br \/>\n    A feldolgozott term\u00e9kek behozatala m\u00e1jusban 8,7 sz\u00e1zal\u00e9kkal n\u0151tt az \u00e1prilisi 4,0 sz\u00e1zal\u00e9kos n\u00f6veked\u00e9s ut\u00e1n \u00e9ves \u00f6sszevet\u00e9sben. Janu\u00e1r-m\u00e1jusban 5,7 sz\u00e1zal\u00e9kkal n\u0151tt az import ebben a f\u0151csoportban.<br \/>\n    Eur\u00f3ban az energiahordoz\u00f3k behozatala m\u00e1jusban 25,0 sz\u00e1zal\u00e9kkal cs\u00f6kkent az egy h\u00f3nappal kor\u00e1bbi 35,9 sz\u00e1zal\u00e9kos es\u00e9st k\u00f6vet\u0151en, m\u00edg az \u00e9lelmiszerek\u00e9 6,5 sz\u00e1zal\u00e9kkal n\u0151tt. (MTI)<\/p>\n","protected":false},"excerpt":{"rendered":"<p>M\u00e1jusban 6,3 sz\u00e1zal\u00e9kkal n\u0151tt a kivitel \u00e9s 2,9 sz\u00e1zal\u00e9kkal a behozatal eur\u00f3ban sz\u00e1molt \u00e9rt\u00e9ke az egy \u00e9vvel kor\u00e1bbihoz k\u00e9pest. A 730 milli\u00f3 eur\u00f3 exportt\u00f6bblet 259 milli\u00f3val nagyobb a tavaly m\u00e1jusin\u00e1l, ugyanakkor 25 milli\u00f3 eur\u00f3val alacsonyabb az els\u0151 becsl\u00e9sben k\u00f6z\u00f6lt \u00e9rt\u00e9kn\u00e9l &#8211; jelentette m\u00e1sodik becsl\u00e9se alapj\u00e1n a K\u00f6zponti Statisztikai Hivatal (KSH) kedden.<\/p>\n","protected":false},"author":1,"featured_media":0,"comment_status":"open","ping_status":"closed","sticky":false,"template":"","format":"standard","meta":[],"categories":[19],"tags":[],"_links":{"self":[{"href":"https:\/\/gazdasagportal.hu\/index.php\/wp-json\/wp\/v2\/posts\/83003"}],"collection":[{"href":"https:\/\/gazdasagportal.hu\/index.php\/wp-json\/wp\/v2\/posts"}],"about":[{"href":"https:\/\/gazdasagportal.hu\/index.php\/wp-json\/wp\/v2\/types\/post"}],"author":[{"embeddable":true,"href":"https:\/\/gazdasagportal.hu\/index.php\/wp-json\/wp\/v2\/users\/1"}],"replies":[{"embeddable":true,"href":"https:\/\/gazdasagportal.hu\/index.php\/wp-json\/wp\/v2\/comments?post=83003"}],"version-history":[{"count":1,"href":"https:\/\/gazdasagportal.hu\/index.php\/wp-json\/wp\/v2\/posts\/83003\/revisions"}],"predecessor-version":[{"id":83004,"href":"https:\/\/gazdasagportal.hu\/index.php\/wp-json\/wp\/v2\/posts\/83003\/revisions\/83004"}],"wp:attachment":[{"href":"https:\/\/gazdasagportal.hu\/index.php\/wp-json\/wp\/v2\/media?parent=83003"}],"wp:term":[{"taxonomy":"category","embeddable":true,"href":"https:\/\/gazdasagportal.hu\/index.php\/wp-json\/wp\/v2\/categories?post=83003"},{"taxonomy":"post_tag","embeddable":true,"href":"https:\/\/gazdasagportal.hu\/index.php\/wp-json\/wp\/v2\/tags?post=83003"}],"curies":[{"name":"wp","href":"https:\/\/api.w.org\/{rel}","templated":true}]}}