{"id":83001,"date":"2016-08-03T09:47:05","date_gmt":"2016-08-03T07:47:05","guid":{"rendered":"http:\/\/gazdasagportal.hu\/?p=83001"},"modified":"2016-08-03T09:08:21","modified_gmt":"2016-08-03T07:08:21","slug":"nott-a-bmw-forgalma-es-nyeresege","status":"publish","type":"post","link":"https:\/\/gazdasagportal.hu\/index.php\/nott-a-bmw-forgalma-es-nyeresege\/","title":{"rendered":"N\u0151tt a BMW forgalma \u00e9s nyeres\u00e9ge"},"content":{"rendered":"<p><strong>N\u00f6velte forgalm\u00e1t \u00e9s nyeres\u00e9g\u00e9t a m\u00e1sodik negyed\u00e9vben a BMW AG &#8211; der\u00fcl ki az aut\u00f3ipari konszern honlapj\u00e1n k\u00f6zz\u00e9tett eredm\u00e9ny besz\u00e1mol\u00f3b\u00f3l.<\/strong><!--more--><\/p>\n<div class=\"ads-in-post1\"><div id=\"gazdasagportal.hu_fullbanner_wideboard\"><\/div>\r\n<\/div>\n<p>A BMW AG \u00e9rt\u00e9kes\u00edt\u00e9si \u00e1rbev\u00e9tele a m\u00e1sodik negyed\u00e9vben az egy \u00e9vvel kor\u00e1bbihoz k\u00e9pest 4,5 sz\u00e1zal\u00e9kkal 25,01 milli\u00e1rd eur\u00f3ra emelkedett. Az ad\u00f3 el\u0151tti eredm\u00e9ny 7,9 sz\u00e1zal\u00e9kkal 2,725 milli\u00e1rd eur\u00f3ra, nett\u00f3 nyeres\u00e9ge 11 sz\u00e1zal\u00e9kkal 1,94 milli\u00e1rd eur\u00f3ra n\u0151tt.<br \/>\nA bev\u00e9telar\u00e1nyos j\u00f6vedelmez\u0151s\u00e9g 9,5 sz\u00e1zal\u00e9k volt a m\u00e1sodik negyed\u00e9vben, magasabb az egy \u00e9vvel kor\u00e1bbi 8,4 sz\u00e1zal\u00e9kn\u00e1l.<br \/>\nA m\u00e1sodik negyed\u00e9vben a BMW AG 605 ezer BMW, Mini \u00e9s Rolls-Royce aut\u00f3t \u00e9rt\u00e9kes\u00edtett, 5,7 sz\u00e1zal\u00e9kkal t\u00f6bbet, mint egy \u00e9vvel kor\u00e1bban, az \u00e9v els\u0151 fel\u00e9ben pedig 1,163 milli\u00f3t, ami 5,8 sz\u00e1zal\u00e9kos \u00e9ves n\u00f6veked\u00e9snek felel meg.<br \/>\nJanu\u00e1r-j\u00faniusban a BMW 45,867 milli\u00e1rd eur\u00f3 \u00e9rt\u00e9kes\u00edt\u00e9si \u00e1rbev\u00e9telre tett szert, 2,3 sz\u00e1zal\u00e9kkal magasabbra az egy \u00e9vvel kor\u00e1bbin\u00e1l. M\u0171k\u00f6d\u00e9si (EBIT) eredm\u00e9nye 2,7 sz\u00e1zal\u00e9kkal 5,182 milli\u00e1rd eur\u00f3ra emelkedett, ami \u00faj rekord a tavalyi ut\u00e1n. Az ad\u00f3 el\u0151tti eredm\u00e9ny 6,5 sz\u00e1zal\u00e9kkal 5,166 milli\u00e1rd eur\u00f3ra emelkedett, ami szint\u00e9n rekord.<br \/>\nA BMW a glob\u00e1lis aut\u00f3piac 2,3 sz\u00e1zal\u00e9kos n\u00f6veked\u00e9s\u00e9t v\u00e1rja az id\u00e9n els\u0151sorban a k\u00ednai \u00e9s az eur\u00f3pai keresletnek k\u00f6sz\u00f6nhet\u0151en. Eur\u00f3p\u00e1ban az id\u00e9n a BMW v\u00e1rakoz\u00e1sai szerint 15 milli\u00f3 aut\u00f3t helyeznek majd forgalomba, 5,4 sz\u00e1zal\u00e9kkal t\u00f6bbet, mint tavaly. N\u00e9metorsz\u00e1gban 2,6 sz\u00e1zal\u00e9kos n\u00f6veked\u00e9ssel 3,3 milli\u00f3 lesz a forgalomba helyez\u00e9sek sz\u00e1ma, az Egyes\u00fclt Kir\u00e1lys\u00e1gban pedig 2,9 sz\u00e1zal\u00e9kos n\u00f6veked\u00e9ssel 2,7 milli\u00f3. Az Egyes\u00fclt \u00c1llamokban 0,2 sz\u00e1zal\u00e9kkal 17,5 milli\u00f3ra n\u0151 lesz a forgalomba helyez\u00e9sek sz\u00e1ma, m\u00edg K\u00edn\u00e1ban 6,9 sz\u00e1zal\u00e9kos n\u00f6veked\u00e9ssel 22,0 milli\u00f3.<br \/>\nA BMW az idei \u00e9vre a tavalyi 9,224 milli\u00e1rd eur\u00f3n\u00e1l kiss\u00e9 magasabb ad\u00f3 el\u0151tti eredm\u00e9nyre sz\u00e1m\u00edt. Elad\u00e1saiban \u00faj rekordot v\u00e1r a c\u00e9g a tavalyi 2,247 milli\u00f3s rekord ut\u00e1n \u00e9s \u00e9rt\u00e9kes\u00edt\u00e9si \u00e1rbev\u00e9tele is emelkedik majd a 2015-\u00f6s 85,536 milli\u00e1rd eur\u00f3hoz k\u00e9pest. Bev\u00e9telar\u00e1nyos j\u00f6vedelmez\u0151s\u00e9ge tervei szerint a tavalyi 9,2 sz\u00e1zal\u00e9k ut\u00e1n az id\u00e9n 8 \u00e9s 10 sz\u00e1zal\u00e9k k\u00f6z\u00f6tt lesz. (MTI)<br \/>\n<a title=\"Hely megnyit\u00e1sa\" href=\"https:\/\/www.bmwgroup.com\/content\/dam\/bmw-group-websites\/bmwgroup_com\/ir\/finanzberichte\/pdf\/en\/Q2_2016_BMW_Group_engl_Online.pdf\" target=\"_blank\" rel=\"noopener\">https:\/\/www.bmwgroup.com\/content\/dam\/bmw-group-websites\/bmwgroup_com\/ir\/finanzberichte\/pdf\/en\/Q2_2016_BMW_Group_engl_Online.pdf<\/a><\/p>\n<p>&nbsp;<\/p><div id=\"gazda-3269454879\" class=\"gazda-tartalomban gazda-entity-placement\"><script async src=\"https:\/\/pagead2.googlesyndication.com\/pagead\/js\/adsbygoogle.js\"><\/script>\r\n<ins class=\"adsbygoogle\"\r\n     style=\"display:block\"\r\n     data-ad-format=\"fluid\"\r\n     data-ad-layout-key=\"-6t+ed+2i-1n-4w\"\r\n     data-ad-client=\"ca-pub-1959107119989764\"\r\n     data-ad-slot=\"4008251320\"><\/ins>\r\n<script>\r\n     (adsbygoogle = window.adsbygoogle || []).push({});\r\n<\/script><\/div>\n","protected":false},"excerpt":{"rendered":"<p>N\u00f6velte forgalm\u00e1t \u00e9s nyeres\u00e9g\u00e9t a m\u00e1sodik negyed\u00e9vben a BMW AG &#8211; der\u00fcl ki az aut\u00f3ipari konszern honlapj\u00e1n k\u00f6zz\u00e9tett eredm\u00e9ny besz\u00e1mol\u00f3b\u00f3l.<\/p>\n","protected":false},"author":1,"featured_media":0,"comment_status":"open","ping_status":"closed","sticky":false,"template":"","format":"standard","meta":[],"categories":[8],"tags":[],"_links":{"self":[{"href":"https:\/\/gazdasagportal.hu\/index.php\/wp-json\/wp\/v2\/posts\/83001"}],"collection":[{"href":"https:\/\/gazdasagportal.hu\/index.php\/wp-json\/wp\/v2\/posts"}],"about":[{"href":"https:\/\/gazdasagportal.hu\/index.php\/wp-json\/wp\/v2\/types\/post"}],"author":[{"embeddable":true,"href":"https:\/\/gazdasagportal.hu\/index.php\/wp-json\/wp\/v2\/users\/1"}],"replies":[{"embeddable":true,"href":"https:\/\/gazdasagportal.hu\/index.php\/wp-json\/wp\/v2\/comments?post=83001"}],"version-history":[{"count":1,"href":"https:\/\/gazdasagportal.hu\/index.php\/wp-json\/wp\/v2\/posts\/83001\/revisions"}],"predecessor-version":[{"id":83002,"href":"https:\/\/gazdasagportal.hu\/index.php\/wp-json\/wp\/v2\/posts\/83001\/revisions\/83002"}],"wp:attachment":[{"href":"https:\/\/gazdasagportal.hu\/index.php\/wp-json\/wp\/v2\/media?parent=83001"}],"wp:term":[{"taxonomy":"category","embeddable":true,"href":"https:\/\/gazdasagportal.hu\/index.php\/wp-json\/wp\/v2\/categories?post=83001"},{"taxonomy":"post_tag","embeddable":true,"href":"https:\/\/gazdasagportal.hu\/index.php\/wp-json\/wp\/v2\/tags?post=83001"}],"curies":[{"name":"wp","href":"https:\/\/api.w.org\/{rel}","templated":true}]}}