{"id":82981,"date":"2016-08-02T15:50:10","date_gmt":"2016-08-02T13:50:10","guid":{"rendered":"http:\/\/gazdasagportal.hu\/?p=82981"},"modified":"2016-08-01T22:26:15","modified_gmt":"2016-08-01T20:26:15","slug":"john-mccain-szenator-is-elesen-eliteli-donald-trumpot","status":"publish","type":"post","link":"https:\/\/gazdasagportal.hu\/index.php\/john-mccain-szenator-is-elesen-eliteli-donald-trumpot\/","title":{"rendered":"John McCain szen\u00e1tor is \u00e9lesen el\u00edt\u00e9li Donald Trumpot"},"content":{"rendered":"<p><strong>\u00c9lesen el\u00edt\u00e9lte az amerikai republik\u00e1nusok egyik legnevesebb politikusa, John McCain szen\u00e1tor saj\u00e1t p\u00e1rtja eln\u00f6kjel\u00f6ltj\u00e9t, Donald Trumpot az Irakban meghalt amerikai muszlim katona sz\u00fcleivel folytatott vit\u00e1ja miatt. <\/strong><!--more--><\/p>\n<div class=\"ads-in-post1\"><div id=\"gazdasagportal.hu_fullbanner_wideboard\"><\/div>\r\n<\/div>\n<p>    Az arizonai szen\u00e1tor &#8211; aki 2008-ban a republik\u00e1nusok eln\u00f6kjel\u00f6ltje volt &#8211; \u00edr\u00e1sos nyilatkozatban \u00edt\u00e9lte el Donald Trump megjegyz\u00e9seit \u00e9s eg\u00e9sz vit\u00e1j\u00e1t Khizr Khannal, azzal a pakiszt\u00e1ni gy\u00f6ker\u0171 amerikai \u00fcgyv\u00e9ddel, akinek a fia Irakban meghalt, s aki a Demokrata P\u00e1rt eln\u00f6kjel\u00f6lt-\u00e1ll\u00edt\u00f3 gy\u0171l\u00e9s\u00e9n elmondott besz\u00e9d\u00e9ben a fia \u00e1ldozatv\u00e1llal\u00e1s\u00e1ra hivatkozva t\u00e1madta Trump muszlimokra tett megjegyz\u00e9seit.     &#8222;Az elm\u00falt napokban Donald Trump \u00f3cs\u00e1rolta egy elesett katona sz\u00fcleit. Azt sugalmazta, hogy az \u0151 fiukhoz hasonl\u00f3 embereket ne engedj\u00e9k bel\u00e9pni az Egyes\u00fclt \u00c1llamokba&#8221; &#8211; \u00edrta McCain szen\u00e1tor k\u00f6zlem\u00e9ny\u00e9ben. A politikus lesz\u00f6gezte: &#8222;Nem tudom el\u00e9gg\u00e9 hangs\u00falyozni, milyen m\u00e9lys\u00e9gesen nem \u00e9rtek egyet Trump \u00far \u00e1ll\u00e1spontj\u00e1val. Rem\u00e9lem, az amerikaiak tiszt\u00e1ban vannak azzal, hogy ezek a megjegyz\u00e9sek nem t\u00fckr\u00f6zik a mi Republik\u00e1nus P\u00e1rtunk, tiszts\u00e9gvisel\u0151ink vagy jel\u00f6ltjeink n\u00e9zeteit&#8221;.     John McCain lesz\u00f6gezte azt is, mor\u00e1lis k\u00f6teless\u00e9g\u00e9nek \u00e9rzi, hogy a Republik\u00e1nus P\u00e1rtnak \u00e9s az Egyes\u00fclt \u00c1llamoknak tett h\u0171s\u00e9gesk\u00fcje szellem\u00e9ben megsz\u00f3laljon. Hozz\u00e1tette: a j\u00f6v\u0151ben sem k\u00edv\u00e1n tart\u00f3zkodni att\u00f3l, hogy bizonyos \u00fcgyekben hallassa a hangj\u00e1t, m\u00e9g akkor sem, ha abb\u00f3l olyanok is profit\u00e1lnak, akikkel egy\u00e9bk\u00e9nt nem \u00e9rt egyet. Ezt a mondat\u00e1t amerikai elemz\u0151k azonnal Hillary Clintonra vonatkoztatt\u00e1k.<br \/>\n    &#8222;V\u00e9gezet\u00fcl szeretn\u00e9m azt mondani Khan \u00farnak \u00e9s feles\u00e9g\u00e9nek: k\u00f6sz\u00f6net az\u00e9rt, hogy bev\u00e1ndoroltak Amerik\u00e1ba&#8230; Jobb orsz\u00e1g lett\u00fcnk, mert itt vannak. \u00c9s \u00d6n\u00f6knek eg\u00e9szen bizonyosan igazuk van: a fiuk azt k\u00e9pviselte, ami Amerik\u00e1ban a legjobb \u00e9s \u00e1ldozathozatal\u00e1nak eml\u00e9ke jobb nemzett\u00e9 is tesz benn\u00fcnket. Soha nem feledj\u00fck \u0151t!&#8221; &#8211; olvashat\u00f3 McCain szen\u00e1tor k\u00f6zlem\u00e9ny\u00e9ben.     John McCain m\u00e1r eddig is csak alig-alig t\u00e1mogatta Donald Trump eln\u00f6kjel\u00f6lts\u00e9g\u00e9t, aki kor\u00e1bban \u0151t is megs\u00e9rtette. A szen\u00e1tor azonban &#8211; aki \u00fajrav\u00e1laszt\u00e1s\u00e1\u00e9rt is k\u00fczd &#8211; eddig nem konfront\u00e1l\u00f3dott ny\u00edltan Donald Trumppal.(MTI)<\/p>\n","protected":false},"excerpt":{"rendered":"<p>\u00c9lesen el\u00edt\u00e9lte az amerikai republik\u00e1nusok egyik legnevesebb politikusa, John McCain szen\u00e1tor saj\u00e1t p\u00e1rtja eln\u00f6kjel\u00f6ltj\u00e9t, Donald Trumpot az Irakban meghalt amerikai muszlim katona sz\u00fcleivel folytatott vit\u00e1ja miatt.<\/p>\n","protected":false},"author":1,"featured_media":0,"comment_status":"open","ping_status":"closed","sticky":false,"template":"","format":"standard","meta":[],"categories":[13],"tags":[],"_links":{"self":[{"href":"https:\/\/gazdasagportal.hu\/index.php\/wp-json\/wp\/v2\/posts\/82981"}],"collection":[{"href":"https:\/\/gazdasagportal.hu\/index.php\/wp-json\/wp\/v2\/posts"}],"about":[{"href":"https:\/\/gazdasagportal.hu\/index.php\/wp-json\/wp\/v2\/types\/post"}],"author":[{"embeddable":true,"href":"https:\/\/gazdasagportal.hu\/index.php\/wp-json\/wp\/v2\/users\/1"}],"replies":[{"embeddable":true,"href":"https:\/\/gazdasagportal.hu\/index.php\/wp-json\/wp\/v2\/comments?post=82981"}],"version-history":[{"count":1,"href":"https:\/\/gazdasagportal.hu\/index.php\/wp-json\/wp\/v2\/posts\/82981\/revisions"}],"predecessor-version":[{"id":82982,"href":"https:\/\/gazdasagportal.hu\/index.php\/wp-json\/wp\/v2\/posts\/82981\/revisions\/82982"}],"wp:attachment":[{"href":"https:\/\/gazdasagportal.hu\/index.php\/wp-json\/wp\/v2\/media?parent=82981"}],"wp:term":[{"taxonomy":"category","embeddable":true,"href":"https:\/\/gazdasagportal.hu\/index.php\/wp-json\/wp\/v2\/categories?post=82981"},{"taxonomy":"post_tag","embeddable":true,"href":"https:\/\/gazdasagportal.hu\/index.php\/wp-json\/wp\/v2\/tags?post=82981"}],"curies":[{"name":"wp","href":"https:\/\/api.w.org\/{rel}","templated":true}]}}