{"id":82974,"date":"2016-08-02T13:34:13","date_gmt":"2016-08-02T11:34:13","guid":{"rendered":"http:\/\/gazdasagportal.hu\/?p=82974"},"modified":"2016-08-01T22:18:13","modified_gmt":"2016-08-01T20:18:13","slug":"iszlam-allam-a-dzsihadistak-oroszorszagot-fenyegetik-egy-videofelvetelen","status":"publish","type":"post","link":"https:\/\/gazdasagportal.hu\/index.php\/iszlam-allam-a-dzsihadistak-oroszorszagot-fenyegetik-egy-videofelvetelen\/","title":{"rendered":"Iszl\u00e1m \u00c1llam &#8211; A dzsihadist\u00e1k Oroszorsz\u00e1got fenyegetik egy videofelv\u00e9telen"},"content":{"rendered":"<p><strong>Oroszorsz\u00e1g elleni dzsih\u00e1dra (szent h\u00e1bor\u00fara) sz\u00f3l\u00edtotta fel tagjait egy videofelv\u00e9telen az Iszl\u00e1m \u00c1llam (I\u00c1) terrorszervezet, a Kreml h\u00e9tf\u0151n meger\u0151s\u00edtette, hogy folytatja a terrorizmus elleni harcot.<\/strong><!--more--><\/p>\n<div class=\"ads-in-post1\"><div id=\"gazdasagportal.hu_fullbanner_wideboard\"><\/div>\r\n<\/div>\n<p>    &#8222;Idehallgass, Putyin, elmegy\u00fcnk hozz\u00e1tok Oroszorsz\u00e1gba, \u00e9s \u00f6lni fogunk titeket otthonaitokban&#8230; Testv\u00e9reim, folytassatok dzsih\u00e1dot, \u00f6ljetek \u00e9s harcoljatok ellen\u00fck&#8221; &#8211; ord\u00edtozza a felv\u00e9telen egy \u00e1larcos f\u00e9rfi aut\u00f3ban, sivatagban utazva.<br \/>\n    A YouTube videomegoszt\u00f3 port\u00e1lon h\u00e9tf\u0151re virrad\u00f3ra k\u00f6zz\u00e9tett, kilencperces videofelv\u00e9telen l\u00e1that\u00f3, amint fegyveres f\u00e9rfiak p\u00e1nc\u00e9lozott j\u00e1rm\u0171vek \u00e9s s\u00e1tort\u00e1bor ellen hajtanak v\u00e9gre t\u00e1mad\u00e1sokat sivatagban, \u00e9s begy\u0171jtik a fegyvereket.<br \/>\n    A vide\u00f3 hiteless\u00e9g\u00e9t f\u00fcggetlen forr\u00e1sb\u00f3l lehetetlen meger\u0151s\u00edteni, de a felv\u00e9tel linkj\u00e9t k\u00f6zz\u00e9tett\u00e9k a dzsihadista csoport egyik legf\u0151bb propaganda- \u00e9s toborz\u00f3eszk\u00f6zek\u00e9nt haszn\u00e1lt Telegram \u00fczenetszolg\u00e1ltat\u00f3 csatorn\u00e1j\u00e1n.<br \/>\n    Dmitrij Peszkov orosz eln\u00f6ki sz\u00f3viv\u0151 h\u00e9tf\u0151n Moszkv\u00e1ban k\u00f6z\u00f6lte, hogy Oroszorsz\u00e1g kell\u0151 figyelemmel viszonyul a terrorcsoportok r\u00e9sz\u00e9r\u0151l elhangzott fenyeget\u00e9sekhez, a biztons\u00e1gi szolg\u00e1latok elemzik azokat, \u00e1m az I\u00c1 r\u00e9sz\u00e9r\u0151l elhangzott fenyeget\u00e9s nem lesz hat\u00e1ssal Oroszorsz\u00e1gnak a nemzetk\u00f6zi terrorizmus elleni harcban folytatott politik\u00e1j\u00e1ra. Szavai szerint Moszkva ezt a k\u00fczdelmet minden ir\u00e1nyban folytatni fogja. Peszkov szerint a kutyaszor\u00edt\u00f3ba ker\u00fcl terrorszervezetek gyakran pr\u00f3b\u00e1lnak meg \u00e9lni a megf\u00e9leml\u00edt\u00e9s eszk\u00f6z\u00e9vel.<br \/>\n    \u00dcres fenyeget\u00e9snek nevezte az I\u00c1 vide\u00f3j\u00e1t az Instagram k\u00f6z\u00f6ss\u00e9gi h\u00e1l\u00f3n Ramzan Kadirov, Csecsenf\u00f6ld vezet\u0151je, hangs\u00falyozva, hogy az \u00e1ltala ir\u00e1ny\u00edtott k\u00f6zt\u00e1rsas\u00e1g egyed\u00fcl is k\u00e9pes lenne megsemmis\u00edteni a terrorszervezetet a &#8222;saj\u00e1t barlangj\u00e1ban&#8221;. Megfogalmaz\u00e1sa szerint a csecsen \u00f6nk\u00e9ntesek v\u00e1laszt\u00e1s el\u00e9 \u00e1ll\u00edtan\u00e1k a terrorist\u00e1kat: vagy leteszik a fegyvert, vagy Sz\u00edria f\u00f6ldj\u00e9be lesznek el\u00e1sva. Kadirov hangs\u00falyozta, hogy az I\u00c1 fegyvereseinek \u00fatj\u00e1t m\u00e1r Oroszorsz\u00e1gt\u00f3l t\u00e1vol el tudj\u00e1k v\u00e1gni. Eml\u00e9keztetett arra, hogy a csecsenf\u00f6ldi h\u00e1bor\u00faban 51 orsz\u00e1gb\u00f3l \u00e9rkezett &#8222;bandit\u00e1kat&#8221; semmis\u00edtettek meg, \u00e9s &#8222;a vil\u00e1g legjobb titkosszolg\u00e1latainak&#8221; munkat\u00e1rsai vesztett\u00e9k \u00e9let\u00fcket akkor.<br \/>\n    Oroszorsz\u00e1g l\u00e9gi hadj\u00e1ratot folytat az Iszl\u00e1m \u00c1llam, illetve terrorszervezetnek min\u0151s\u00edtett m\u00e1s fegyveres csoportok ellen Sz\u00edri\u00e1ban, \u00e9s folyamatban vannak Moszkva \u00e9s Washington t\u00e1rgyal\u00e1sai a katonai \u00e9s h\u00edrszerz\u00e9si egy\u00fcttm\u0171k\u00f6d\u00e9sr\u0151l az I\u00c1 elleni harcban.<br \/>\n    A dzsihadista szervezet az elm\u00falt hetekben t\u00f6bb olyan v\u00e9res terrorcselekm\u00e9nyt v\u00e1llalt mag\u00e1ra, amelyek nyugat-eur\u00f3pai orsz\u00e1gokban, Franciaorsz\u00e1gban \u00e9s N\u00e9metorsz\u00e1gban t\u00f6rt\u00e9ntek, sz\u00e1ml\u00e1j\u00e1ra \u00edrhat\u00f3 oroszorsz\u00e1gi terrorcselekm\u00e9nyek viszont nem t\u00f6rt\u00e9ntek.(MTI)<\/p>\n","protected":false},"excerpt":{"rendered":"<p>Oroszorsz\u00e1g elleni dzsih\u00e1dra (szent h\u00e1bor\u00fara) sz\u00f3l\u00edtotta fel tagjait egy videofelv\u00e9telen az Iszl\u00e1m \u00c1llam (I\u00c1) terrorszervezet, a Kreml h\u00e9tf\u0151n meger\u0151s\u00edtette, hogy folytatja a terrorizmus elleni harcot.<\/p>\n","protected":false},"author":1,"featured_media":0,"comment_status":"open","ping_status":"closed","sticky":false,"template":"","format":"standard","meta":[],"categories":[12],"tags":[],"_links":{"self":[{"href":"https:\/\/gazdasagportal.hu\/index.php\/wp-json\/wp\/v2\/posts\/82974"}],"collection":[{"href":"https:\/\/gazdasagportal.hu\/index.php\/wp-json\/wp\/v2\/posts"}],"about":[{"href":"https:\/\/gazdasagportal.hu\/index.php\/wp-json\/wp\/v2\/types\/post"}],"author":[{"embeddable":true,"href":"https:\/\/gazdasagportal.hu\/index.php\/wp-json\/wp\/v2\/users\/1"}],"replies":[{"embeddable":true,"href":"https:\/\/gazdasagportal.hu\/index.php\/wp-json\/wp\/v2\/comments?post=82974"}],"version-history":[{"count":1,"href":"https:\/\/gazdasagportal.hu\/index.php\/wp-json\/wp\/v2\/posts\/82974\/revisions"}],"predecessor-version":[{"id":82975,"href":"https:\/\/gazdasagportal.hu\/index.php\/wp-json\/wp\/v2\/posts\/82974\/revisions\/82975"}],"wp:attachment":[{"href":"https:\/\/gazdasagportal.hu\/index.php\/wp-json\/wp\/v2\/media?parent=82974"}],"wp:term":[{"taxonomy":"category","embeddable":true,"href":"https:\/\/gazdasagportal.hu\/index.php\/wp-json\/wp\/v2\/categories?post=82974"},{"taxonomy":"post_tag","embeddable":true,"href":"https:\/\/gazdasagportal.hu\/index.php\/wp-json\/wp\/v2\/tags?post=82974"}],"curies":[{"name":"wp","href":"https:\/\/api.w.org\/{rel}","templated":true}]}}