{"id":82826,"date":"2016-07-28T16:45:10","date_gmt":"2016-07-28T14:45:10","guid":{"rendered":"http:\/\/gazdasagportal.hu\/?p=82826"},"modified":"2016-07-28T16:45:10","modified_gmt":"2016-07-28T14:45:10","slug":"merkel-ketsegtelen-hogy-meg-tudunk-birkozni-a-globalizacio-arnyoldalainak-kihivasaival","status":"publish","type":"post","link":"https:\/\/gazdasagportal.hu\/index.php\/merkel-ketsegtelen-hogy-meg-tudunk-birkozni-a-globalizacio-arnyoldalainak-kihivasaival\/","title":{"rendered":"Merkel: k\u00e9ts\u00e9gtelen, hogy meg tudunk birk\u00f3zni a globaliz\u00e1ci\u00f3 \u00e1rnyoldalainak kih\u00edv\u00e1saival"},"content":{"rendered":"<p><strong>A globaliz\u00e1ci\u00f3 \u00e1rnyoldalai pr\u00f3b\u00e1ra teszik N\u00e9metorsz\u00e1got \u00e9s Eur\u00f3p\u00e1t, de tov\u00e1bbra is k\u00e9ts\u00e9gtelen, hogy &#8222;meg tudunk birk\u00f3zni&#8221; a t\u00f6rt\u00e9nelmi kih\u00edv\u00e1ssal &#8211; mondta Angela Merkel cs\u00fct\u00f6rt\u00f6k\u00f6n Berlinben. A n\u00e9met kancell\u00e1r kilenc pontb\u00f3l \u00e1ll\u00f3 biztons\u00e1gpolitikai programot mutatott be \u00e9s jelezte, hogy a legut\u00f3bbi t\u00e1mad\u00e1sok ut\u00e1n sem tervez v\u00e1ltoztat\u00e1st az uni\u00f3s k\u00fcls\u0151 hat\u00e1rok v\u00e9delm\u00e9re \u00e9s az EU-T\u00f6r\u00f6korsz\u00e1g meg\u00e1llapod\u00e1sra alapozott menek\u00fcltpolitik\u00e1j\u00e1ban.<\/strong><!--more--><\/p>\n<div class=\"ads-in-post1\"><div id=\"gazdasagportal.hu_fullbanner_wideboard\"><\/div>\r\n<\/div>\n<p>    A kancell\u00e1r az ut\u00f3bbi napok n\u00e9metorsz\u00e1gi t\u00e1mad\u00e1sai miatt szabads\u00e1g\u00e1t megszak\u00edtva rendk\u00edv\u00fcli nemzetk\u00f6zi sajt\u00f3t\u00e1j\u00e9koztat\u00f3t tartott, amelyen megism\u00e9telte 11 h\u00f3nappal ezel\u0151tti h\u00edres kijelent\u00e9s\u00e9t, miszerint N\u00e9metorsz\u00e1g megbirk\u00f3zik a menek\u00fcltv\u00e1ls\u00e1ggal (&#8222;wir schaffen das&#8221;).<br \/>\n    Az Eur\u00f3pa k\u00f6r\u00fcli v\u00e1ls\u00e1gok, a menek\u00fcltek, a terrorizmus mind-mind a globaliz\u00e1ci\u00f3 &#8222;\u00e1rnyoldal\u00e1t, fon\u00e1kj\u00e1t&#8221; jelentik, \u00e9s N\u00e9metorsz\u00e1gnak \u00e9s Eur\u00f3p\u00e1nak ezzel meg kell birk\u00f3znia. &#8222;Nem mondtam, hogy egyszer\u0171 \u00fcgy lesz, amelyet k\u00f6nnyen elint\u00e9z\u00fcnk&#8221; &#8211; mondta Angela Merkel.<br \/>\n    A w\u00fcrzburgi \u00e9s az ansbachi t\u00e1mad\u00e1s, amelyben az elk\u00f6vet\u0151k meghaltak \u00e9s \u00f6sszesen h\u00faszan megsebes\u00fcltek, az eddigi adatok szerint iszlamista terrorcselekm\u00e9ny volt, amelyet N\u00e9metorsz\u00e1gba menek\u00fcltk\u00e9nt \u00e9rkezett emberek k\u00f6vettek el. Teljesen mindegy, hogy 2015. szeptember 4. &#8211; a Magyarorsz\u00e1gon a nyugati hat\u00e1r fel\u00e9 elindult menek\u00fcltek beenged\u00e9s\u00e9r\u0151l hozott d\u00f6nt\u00e9s &#8211; el\u0151tt vagy ut\u00e1n \u00e9rkeztek &#8211; h\u00fazta al\u00e1 a kancell\u00e1r.<br \/>\n    A hat\u00f3s\u00e1gok mindent megtesznek a &#8222;megr\u00e1z\u00f3, nyomaszt\u00f3 \u00e9s elszomor\u00edt\u00f3&#8221; b\u0171ncselekm\u00e9nyek felt\u00e1r\u00e1s\u00e1\u00e9rt &#8211; tette hozz\u00e1.<br \/>\n    Ezzel &#8222;saj\u00e1t biztons\u00e1gunknak \u00e9s a sok \u00e1rtatlan menek\u00fcltnek is tartozunk&#8221; &#8211; mondta.<br \/>\n    A terrorist\u00e1k &#8222;barb\u00e1r&#8221; cselekedeteikkel &#8222;civiliz\u00e1ci\u00f3s tabukat&#8221; d\u00f6nt\u00f6ttek meg \u00e9s &#8222;bomlasztani&#8221; akart\u00e1k mindazt, ami\u00e9rt a n\u00e9metek ki\u00e1llnak: \u00e9letform\u00e1jukat, nyitotts\u00e1gukat, szolidarit\u00e1sukat. A terrorist\u00e1k f\u00e9lelmet \u00e9s &#8222;civiliz\u00e1ci\u00f3k \u00e9s vall\u00e1sok k\u00f6z\u00f6tti gy\u0171l\u00f6letet gerjesztenek&#8221;, de N\u00e9metorsz\u00e1g &#8222;hat\u00e1rozattan fell\u00e9p&#8221; mindez ellen &#8211; mondta Angela Merkel.<br \/>\n     Az elk\u00f6vet\u0151k a mer\u00e9nyletekkel &#8222;g\u00fanyt \u0171znek az orsz\u00e1gb\u00f3l, amely befogadta \u0151ket&#8221;, g\u00fanyt \u0171znek a menek\u00fcltek seg\u00edt\u0151ib\u0151l \u00e9s &#8222;a menek\u00fcltekb\u0151l, akik val\u00f3ban seg\u00edts\u00e9g\u00e9rt j\u00f6ttek hozz\u00e1nk a h\u00e1bor\u00fa \u00e9s az er\u0151szak el\u0151l, \u00e9s b\u00e9k\u00e9ben akarnak \u00e9lni&#8221; &#8211; tette hozz\u00e1.<br \/>\n    K\u00e9rd\u00e9sre v\u00e1laszolva elmondta, hogy az iszlamista terrorizmus nem W\u00fcrzburggal \u00e9s Ansbachhal \u00e9rkezett meg N\u00e9metorsz\u00e1gba. A 2011-ben a frankfurti rep\u00fcl\u0151t\u00e9ren amerikai katon\u00e1k ellen elk\u00f6vetett mer\u00e9nyletet \u00e9s az id\u00e9n tavasszal Hannoverben egy rend\u0151r ellen v\u00e9grehajtott t\u00e1mad\u00e1st felid\u00e9zve kifejtette, hogy az iszlamista terror r\u00e9g\u00f3ta jelen van, de a legut\u00f3bbi k\u00e9t t\u00e1mad\u00e1ssal &#8222;teljes er\u0151vel&#8221; megmutatkozott \u00e9s be\u00e9p\u00fclt a k\u00f6ztudatba.<br \/>\n    K\u00fcl\u00f6n\u00f6sen &#8222;sz\u00f6rny\u0171&#8221; az \u00e1ltal\u00e1nos elbizonytalanod\u00e1s, ez\u00e9rt a sz\u00f6vets\u00e9gi korm\u00e1ny azon dolgozik, hogy helyre\u00e1lljon a bizalom az \u00e1llami int\u00e9zm\u00e9nyek ir\u00e1nt &#8211; mondta.<br \/>\n    A kancell\u00e1r kilenc pontb\u00f3l \u00e1ll\u00f3 terrorellenes biztons\u00e1gpolitikai programot v\u00e1zolt fel. R\u00e1mutatott, hogy a k\u00e9t mer\u00e9nyletet olyan emberek k\u00f6vett\u00e9k el, akikre a t\u00e1mad\u00e1sig nem figyeltek fel a biztons\u00e1gi szervek. Ez\u00e9rt jobb korai figyelmeztet\u0151 rendszerre van sz\u00fcks\u00e9g. Tov\u00e1bb\u00e1 meg kell er\u0151s\u00edteni a rend\u0151rs\u00e9get \u00e9s jobban be kell vonni a hadsereget (Bundeswehr) a terror elleni k\u00fczdelembe. Folytatni kell az internetes b\u0171n\u00f6z\u00e9s ellen fel\u00e1ll\u00edtott hat\u00f3s\u00e1g ki\u00e9p\u00edt\u00e9s\u00e9t, fejleszteni sz\u00fcks\u00e9ges a terrorizmus tudom\u00e1nyos kutat\u00e1s\u00e1t, jav\u00edtani kell az uni\u00f3s egy\u00fcttm\u0171k\u00f6d\u00e9sen, szorosabbra kell f\u0171zni egy\u00fcttm\u0171k\u00f6d\u00e9st az Egyes\u00fclt \u00c1llamokkal &#8211; a h\u00edrszerz\u00e9s ter\u00fclet\u00e9n is -, \u00e9s uni\u00f3s szinten szigor\u00edtani kell a fegyvertart\u00e1si szab\u00e1lyokat &#8211; sorolta. Kilencedik pontk\u00e9nt a kitoloncol\u00e1sok k\u00f6vetkezetesebb v\u00e9grehajt\u00e1s\u00e1t eml\u00edtette .<br \/>\n    Arr\u00f3l, hogy mi\u00e9rt nem kereste fel a mer\u00e9nyletek helysz\u00edn\u00e9t, elmondta, hogy vas\u00e1rnap r\u00e9szt vesz a m\u00fcncheni gy\u00e1sz\u00fcnneps\u00e9gen, amelyen nemcsak a bajor f\u0151v\u00e1rosban t\u00f6rt\u00e9nt v\u00e9rengz\u00e9s \u00e1ldozatai el\u0151tt tisztelegnek, hanem W\u00fcrzburgr\u00f3l \u00e9s Ansbachr\u00f3l is megeml\u00e9keznek.<br \/>\n    A k\u00e9rd\u00e9sre, hogy N\u00e9metorsz\u00e1g h\u00e1bor\u00faban \u00e1ll-e, kiemelte, hogy nem az iszl\u00e1m, hanem az iszlamista terrorizmus \u00e9s az iszl\u00e1m \u00c1llam dzsihadista szervezet ellen kell harcolni, \u00e9s ezt ak\u00e1r h\u00e1bor\u00fanak is lehet nevezni.<br \/>\n     A menek\u00fclthelyzet eur\u00f3pai uni\u00f3s kezel\u00e9s\u00e9r\u0151l elmondta: 11 h\u00f3nap alatt sok eredm\u00e9nyt \u00e9rtek el, de kell m\u00e9g dolgozni \u00e9s csal\u00f3dott, ami\u00e9rt n\u00e9h\u00e1ny tagorsz\u00e1g nem mutat hajland\u00f3s\u00e1got a k\u00f6z\u00f6s er\u0151fesz\u00edt\u00e9sekre.<br \/>\n    N\u00e9metorsz\u00e1g a Magyarorsz\u00e1gon Nyugat fel\u00e9 elindult menek\u00fcltek beenged\u00e9s\u00e9r\u0151l sz\u00f3l\u00f3 d\u00f6nt\u00e9ssel nem nyitotta meg hat\u00e1rait a menek\u00fcltek el\u0151tt, mert a hat\u00e1rok nyitva voltak &#8211; mondta Angela Merkel k\u00e9rd\u00e9sre v\u00e1laszolva.<br \/>\n    Hangs\u00falyozta, hogy teljes m\u00e9rt\u00e9kben t\u00e1mogatja a bels\u0151 hat\u00e1rokon tavaly szeptember 15-\u00e9n ideiglenesen vissza\u00e1ll\u00edtott hat\u00e1rellen\u0151rz\u00e9st, \u00e9s elmondta: az Eur\u00f3pai Bizotts\u00e1g (EB) az \u00e9v v\u00e9g\u00e9n vizsg\u00e1lja majd, hogy megfelel\u0151-e az uni\u00f3s k\u00fcls\u0151 hat\u00e1rok v\u00e9delme a bels\u0151 hat\u00e1rellen\u0151rz\u00e9s megsz\u00fcntet\u00e9s\u00e9hez.<br \/>\n    Kiemelte: az EB \u00e9s a n\u00e9met korm\u00e1ny felfog\u00e1sa szerint nem lehet megtagadni a bel\u00e9p\u00e9st a mened\u00e9ket keres\u0151 emberekt\u0151l, viszont az elutas\u00edt\u00e1s eszk\u00f6ze helyett ott van a dublini elj\u00e1r\u00e1s &#8211; a mened\u00e9kjogi k\u00e9relem megvizsg\u00e1l\u00e1s\u00e1\u00e9rt felel\u0151s tag\u00e1llam meghat\u00e1roz\u00e1s\u00e1ra -, \u00e9s a n\u00e9met korm\u00e1ny &#8222;ism\u00e9t sokkal er\u0151teljesebben&#8221; \u00e9l ezzel a lehet\u0151s\u00e9ggel.<br \/>\n    A kancell\u00e1rt egy sor tov\u00e1bbi \u00fcgyr\u0151l is k\u00e9rdezt\u00e9k, mindenekel\u0151tt a t\u00f6r\u00f6korsz\u00e1gi helyzetr\u0151l, amellyel kapcsolatban hangs\u00falyozta, hogy nagy aggodalommal tapasztalja  \u00e9s szoros figyelemmel k\u00f6veti a t\u00f6r\u00f6k hat\u00f3s\u00e1gok &#8222;nagyon kem\u00e9ny&#8221; fell\u00e9p\u00e9s\u00e9t. Hozz\u00e1tette, hogy minden k\u00f6r\u00fclm\u00e9nyek k\u00f6z\u00f6tt \u00e9rv\u00e9nyes\u00edteni kell az ar\u00e1nyoss\u00e1g elv\u00e9t.<br \/>\n    Angela Merkel egyebek mellett arr\u00f3l is besz\u00e9lt, hogy semmilyen form\u00e1ban nem avatkozik bele az amerikai eln\u00f6kv\u00e1laszt\u00e1si k\u00fczdelembe, arr\u00f3l pedig majd kell\u0151 id\u0151ben t\u00e1j\u00e9koztatja a nyilv\u00e1noss\u00e1got, hogy indul-e a k\u00f6vetkez\u0151 (j\u00f6v\u0151re esed\u00e9kes) parlamenti v\u00e1laszt\u00e1son a CDU\/CSU p\u00e1rtsz\u00f6vets\u00e9g kancell\u00e1rjel\u00f6ltjek\u00e9nt.(MTI)<\/p>\n","protected":false},"excerpt":{"rendered":"<p>A globaliz\u00e1ci\u00f3 \u00e1rnyoldalai pr\u00f3b\u00e1ra teszik N\u00e9metorsz\u00e1got \u00e9s Eur\u00f3p\u00e1t, de tov\u00e1bbra is k\u00e9ts\u00e9gtelen, hogy &#8222;meg tudunk birk\u00f3zni&#8221; a t\u00f6rt\u00e9nelmi kih\u00edv\u00e1ssal &#8211; mondta Angela Merkel cs\u00fct\u00f6rt\u00f6k\u00f6n Berlinben. A n\u00e9met kancell\u00e1r kilenc pontb\u00f3l \u00e1ll\u00f3 biztons\u00e1gpolitikai programot mutatott be \u00e9s jelezte, hogy a legut\u00f3bbi t\u00e1mad\u00e1sok ut\u00e1n sem tervez v\u00e1ltoztat\u00e1st az uni\u00f3s k\u00fcls\u0151 hat\u00e1rok v\u00e9delm\u00e9re \u00e9s az EU-T\u00f6r\u00f6korsz\u00e1g meg\u00e1llapod\u00e1sra alapozott &#8230;<\/p>\n","protected":false},"author":1,"featured_media":0,"comment_status":"open","ping_status":"closed","sticky":false,"template":"","format":"standard","meta":[],"categories":[12],"tags":[],"_links":{"self":[{"href":"https:\/\/gazdasagportal.hu\/index.php\/wp-json\/wp\/v2\/posts\/82826"}],"collection":[{"href":"https:\/\/gazdasagportal.hu\/index.php\/wp-json\/wp\/v2\/posts"}],"about":[{"href":"https:\/\/gazdasagportal.hu\/index.php\/wp-json\/wp\/v2\/types\/post"}],"author":[{"embeddable":true,"href":"https:\/\/gazdasagportal.hu\/index.php\/wp-json\/wp\/v2\/users\/1"}],"replies":[{"embeddable":true,"href":"https:\/\/gazdasagportal.hu\/index.php\/wp-json\/wp\/v2\/comments?post=82826"}],"version-history":[{"count":1,"href":"https:\/\/gazdasagportal.hu\/index.php\/wp-json\/wp\/v2\/posts\/82826\/revisions"}],"predecessor-version":[{"id":82827,"href":"https:\/\/gazdasagportal.hu\/index.php\/wp-json\/wp\/v2\/posts\/82826\/revisions\/82827"}],"wp:attachment":[{"href":"https:\/\/gazdasagportal.hu\/index.php\/wp-json\/wp\/v2\/media?parent=82826"}],"wp:term":[{"taxonomy":"category","embeddable":true,"href":"https:\/\/gazdasagportal.hu\/index.php\/wp-json\/wp\/v2\/categories?post=82826"},{"taxonomy":"post_tag","embeddable":true,"href":"https:\/\/gazdasagportal.hu\/index.php\/wp-json\/wp\/v2\/tags?post=82826"}],"curies":[{"name":"wp","href":"https:\/\/api.w.org\/{rel}","templated":true}]}}