{"id":82820,"date":"2016-07-28T15:04:56","date_gmt":"2016-07-28T13:04:56","guid":{"rendered":"http:\/\/gazdasagportal.hu\/?p=82820"},"modified":"2016-07-28T14:59:02","modified_gmt":"2016-07-28T12:59:02","slug":"brexit-biztositast-kinal-az-aig-a-vallalatvezetoknek","status":"publish","type":"post","link":"https:\/\/gazdasagportal.hu\/index.php\/brexit-biztositast-kinal-az-aig-a-vallalatvezetoknek\/","title":{"rendered":"Brexit-biztos\u00edt\u00e1st k\u00edn\u00e1l az AIG a v\u00e1llalatvezet\u0151knek"},"content":{"rendered":"<p><strong>Kieg\u00e9sz\u00edt\u0151 Brexit-biztos\u00edt\u00e1st k\u00edn\u00e1l az AIG biztos\u00edt\u00f3 csoport az Egyes\u00fclt Kir\u00e1lys\u00e1gban dolgoz\u00f3 eur\u00f3pai, illetve az EU-ban dolgoz\u00f3 brit v\u00e1llalatvezet\u0151knek a tart\u00f3zkod\u00e1si enged\u00e9lyekkel kapcsolatosan esetleg felmer\u00fcl\u0151 jogi elj\u00e1r\u00e1sok k\u00f6lts\u00e9geire.<\/strong><!--more--><\/p>\n<div class=\"ads-in-post1\"><div id=\"gazdasagportal.hu_fullbanner_wideboard\"><\/div>\r\n<\/div>\n<p>    A Financial Times c\u00edm\u0171 londoni gazdas\u00e1gi napilap szerdai besz\u00e1mol\u00f3ja szerint az AIG a D&#038;O t\u00edpus\u00fa biztos\u00edt\u00e1sokhoz, vagyis a v\u00e1llalatvezet\u0151k \u00e9s vezet\u0151 tisztvisel\u0151k felel\u0151ss\u00e9gbiztos\u00edt\u00e1s\u00e1hoz csatolva k\u00edn\u00e1lja ezt a term\u00e9ket, t\u00f6bbletd\u00edj n\u00e9lk\u00fcl. A kezdem\u00e9nyez\u00e9s els\u0151sorban azoknak a magas beoszt\u00e1s\u00fa v\u00e1llalati tisztvisel\u0151knek sz\u00f3l, akiket aggaszt, hogy mik\u00e9nt v\u00e1ltozhat tart\u00f3zkod\u00e1si st\u00e1tusuk, miut\u00e1n megsz\u0171nik az Egyes\u00fclt Kir\u00e1lys\u00e1g EU-tags\u00e1ga.<br \/>\n    A Brexit-biztos\u00edt\u00e1s kiterjed majd azokra a k\u00fclf\u00f6ldi EU-\u00e1llampolg\u00e1rs\u00e1g\u00fa v\u00e1llalatvezet\u0151kre, akik tart\u00f3s leteleped\u00e9si enged\u00e9ly\u00e9rt folyamodnak a brit hat\u00f3s\u00e1gokhoz, \u00e1m e k\u00e9relm\u00fcket elutas\u00edtj\u00e1k. Ebben a helyzetben az AIG k\u00fcl\u00f6n Brexit-biztos\u00edt\u00e1si z\u00e1rad\u00e9ka fedezi az elutas\u00edt\u00e1si v\u00e9gz\u00e9st megt\u00e1mad\u00f3 jogi elj\u00e1r\u00e1s k\u00f6lts\u00e9geit, illetve ha az elj\u00e1r\u00e1s sikertelen, akkor az elk\u00f6lt\u00f6z\u00e9ssel j\u00e1r\u00f3 kiad\u00e1sokat is.<br \/>\n    A Brexit-biztos\u00edt\u00e1s ugyanilyen felt\u00e9telekkel vonatkozik majd a k\u00fclf\u00f6ldi EU-tag\u00e1llamokban \u00e9l\u0151 \u00e9s dolgoz\u00f3 brit \u00e1llampolg\u00e1rokra is.<br \/>\n    Anthony Baldwin, az AIG brit \u00e9s eur\u00f3pai \u00fczlet\u00e1g\u00e1nak vez\u00e9rigazgat\u00f3ja a Financial Timesnak elmondta: a Brexit-biztos\u00edt\u00e1s a c\u00e9g \u00fcgyfeleinek &#8222;lelki nyugalm\u00e1t&#8221; szolg\u00e1lja, arra az id\u0151szakra, am\u00edg bizonytalan, hogy a Nagy-Britanni\u00e1ban \u00e9l\u0151 k\u00fclf\u00f6ldi EU-polg\u00e1rok, illetve az EU-t\u00e1rs\u00e1llamokban \u00e9l\u0151 britek tart\u00f3zkod\u00e1si helyzet\u00e9r\u0151l foly\u00f3 t\u00e1rgyal\u00e1sok milyen eredm\u00e9nnyel v\u00e9gz\u0151dnek.<br \/>\n    A brit korm\u00e1ny t\u00f6bbsz\u00f6r hangoztatott hivatalos \u00e1ll\u00e1spontja az, hogy viszonoss\u00e1gi alapon a tov\u00e1bbiakban is \u00e9rv\u00e9nyes\u00fclhetnek a Nagy-Britanni\u00e1ban \u00e9l\u0151 k\u00fclf\u00f6ldi EU-\u00e1llampolg\u00e1rok, illetve az uni\u00f3s t\u00e1rs\u00e1llamokban letelepedett britek tart\u00f3zkod\u00e1si jogai.<br \/>\n    David Davis, a Brexit-t\u00e1rgyal\u00e1sok ir\u00e1ny\u00edt\u00e1s\u00e1ra \u00fajonnan l\u00e9trehozott brit miniszt\u00e9rium vezet\u0151je ugyanakkor a BBC telev\u00edzi\u00f3nak a minap azt mondta: ha Nagy-Britannia EU-tags\u00e1g\u00e1nak megsz\u0171n\u00e9se el\u0151tt esetleg meredeken n\u00f6vekedne a k\u00fclf\u00f6ldi EU-tag\u00e1llamokb\u00f3l \u00e9rkez\u0151 letelep\u00fcl\u0151k sz\u00e1ma, &#8222;azzal foglalkozni kell&#8221;. Davis szerint a lehet\u0151s\u00e9gek k\u00f6z\u00e9 tartozhat p\u00e9ld\u00e1ul, hogy a korl\u00e1tlan idej\u0171 letelep\u00fcl\u00e9s joga csak azokat illetn\u00e9 meg, akik egy bizonyos meghat\u00e1rozott id\u0151pont el\u0151tt \u00e9rkeznek Nagy-Britanni\u00e1ba, az ut\u00e1na \u00e9rkez\u0151ket m\u00e1r nem.<br \/>\n(MTI)<\/p>\n","protected":false},"excerpt":{"rendered":"<p>Kieg\u00e9sz\u00edt\u0151 Brexit-biztos\u00edt\u00e1st k\u00edn\u00e1l az AIG biztos\u00edt\u00f3 csoport az Egyes\u00fclt Kir\u00e1lys\u00e1gban dolgoz\u00f3 eur\u00f3pai, illetve az EU-ban dolgoz\u00f3 brit v\u00e1llalatvezet\u0151knek a tart\u00f3zkod\u00e1si enged\u00e9lyekkel kapcsolatosan esetleg felmer\u00fcl\u0151 jogi elj\u00e1r\u00e1sok k\u00f6lts\u00e9geire.<\/p>\n","protected":false},"author":1,"featured_media":79078,"comment_status":"open","ping_status":"closed","sticky":false,"template":"","format":"standard","meta":[],"categories":[246],"tags":[],"_links":{"self":[{"href":"https:\/\/gazdasagportal.hu\/index.php\/wp-json\/wp\/v2\/posts\/82820"}],"collection":[{"href":"https:\/\/gazdasagportal.hu\/index.php\/wp-json\/wp\/v2\/posts"}],"about":[{"href":"https:\/\/gazdasagportal.hu\/index.php\/wp-json\/wp\/v2\/types\/post"}],"author":[{"embeddable":true,"href":"https:\/\/gazdasagportal.hu\/index.php\/wp-json\/wp\/v2\/users\/1"}],"replies":[{"embeddable":true,"href":"https:\/\/gazdasagportal.hu\/index.php\/wp-json\/wp\/v2\/comments?post=82820"}],"version-history":[{"count":1,"href":"https:\/\/gazdasagportal.hu\/index.php\/wp-json\/wp\/v2\/posts\/82820\/revisions"}],"predecessor-version":[{"id":82821,"href":"https:\/\/gazdasagportal.hu\/index.php\/wp-json\/wp\/v2\/posts\/82820\/revisions\/82821"}],"wp:featuredmedia":[{"embeddable":true,"href":"https:\/\/gazdasagportal.hu\/index.php\/wp-json\/wp\/v2\/media\/79078"}],"wp:attachment":[{"href":"https:\/\/gazdasagportal.hu\/index.php\/wp-json\/wp\/v2\/media?parent=82820"}],"wp:term":[{"taxonomy":"category","embeddable":true,"href":"https:\/\/gazdasagportal.hu\/index.php\/wp-json\/wp\/v2\/categories?post=82820"},{"taxonomy":"post_tag","embeddable":true,"href":"https:\/\/gazdasagportal.hu\/index.php\/wp-json\/wp\/v2\/tags?post=82820"}],"curies":[{"name":"wp","href":"https:\/\/api.w.org\/{rel}","templated":true}]}}