{"id":82815,"date":"2016-07-28T14:01:19","date_gmt":"2016-07-28T12:01:19","guid":{"rendered":"http:\/\/gazdasagportal.hu\/?p=82815"},"modified":"2016-07-28T14:01:19","modified_gmt":"2016-07-28T12:01:19","slug":"merkel-kilencpontos-terrorellenes-csomagot-terjesztett-elo","status":"publish","type":"post","link":"https:\/\/gazdasagportal.hu\/index.php\/merkel-kilencpontos-terrorellenes-csomagot-terjesztett-elo\/","title":{"rendered":"Merkel kilencpontos terrorellenes csomagot terjesztett el\u0151"},"content":{"rendered":"<p><strong>Kilenc pontb\u00f3l \u00e1ll\u00f3 terrorellenes biztons\u00e1gpolitikai programot terjesztett el\u0151 Angela Merkel n\u00e9met kancell\u00e1r cs\u00fct\u00f6rt\u00f6k\u00f6n Berlinben a hat\u00f3s\u00e1gok el\u0151zetes adatai szerint iszlamista h\u00e1tter\u0171 w\u00fcrzburgi \u00e9s ansbachi terrort\u00e1mad\u00e1sra reag\u00e1lva.<\/strong><!--more--><\/p>\n<div class=\"ads-in-post1\"><div id=\"gazdasagportal.hu_fullbanner_wideboard\"><\/div>\r\n<\/div>\n<p>    A kancell\u00e1r rendk\u00edv\u00fcli t\u00e1j\u00e9koztat\u00f3j\u00e1n r\u00e1mutatott, hogy a k\u00e9t mer\u00e9nyletet &#8211; amelyben az elk\u00f6vet\u0151k meghaltak \u00e9s \u00f6sszesen h\u00faszan megsebes\u00fcltek &#8211; olyan emberek k\u00f6vett\u00e9k el, akikre a t\u00e1mad\u00e1sig nem figyeltek fel a biztons\u00e1gi szervek. Ez\u00e9rt jobb korai figyelmeztet\u0151 rendszerre van sz\u00fcks\u00e9g.<br \/>\n    Meg kell er\u0151s\u00edteni a rend\u0151rs\u00e9get \u00e9s jobban be kell vonni a hadsereget (Bundeswehr) a terror elleni k\u00fczdelembe. Folytatni kell az internetes b\u0171n\u00f6z\u00e9s ellen fel\u00e1ll\u00edtott hat\u00f3s\u00e1g (CITIS) ki\u00e9p\u00edt\u00e9s\u00e9t, fejleszteni sz\u00fcks\u00e9ges a terrorizmus tudom\u00e1nyos kutat\u00e1s\u00e1t, jav\u00edtani kell az uni\u00f3s egy\u00fcttm\u0171k\u00f6d\u00e9sen, szorosabbra kell f\u0171zni egy\u00fcttm\u0171k\u00f6d\u00e9st az Egyes\u00fclt \u00c1llamokkal &#8211; a h\u00edrszerz\u00e9s ter\u00fclet\u00e9n is -, \u00e9s uni\u00f3s szinten szigor\u00edtani kell a fegyvertart\u00e1si szab\u00e1lyokat &#8211; sorolta.<br \/>\n    Kilencedik pontk\u00e9nt eml\u00edtette a kitoloncol\u00e1sok k\u00f6vetkezetesebb v\u00e9grehajt\u00e1s\u00e1t.(MTI)<\/p>\n","protected":false},"excerpt":{"rendered":"<p>Kilenc pontb\u00f3l \u00e1ll\u00f3 terrorellenes biztons\u00e1gpolitikai programot terjesztett el\u0151 Angela Merkel n\u00e9met kancell\u00e1r cs\u00fct\u00f6rt\u00f6k\u00f6n Berlinben a hat\u00f3s\u00e1gok el\u0151zetes adatai szerint iszlamista h\u00e1tter\u0171 w\u00fcrzburgi \u00e9s ansbachi terrort\u00e1mad\u00e1sra reag\u00e1lva.<\/p>\n","protected":false},"author":1,"featured_media":0,"comment_status":"open","ping_status":"closed","sticky":false,"template":"","format":"standard","meta":[],"categories":[12],"tags":[],"_links":{"self":[{"href":"https:\/\/gazdasagportal.hu\/index.php\/wp-json\/wp\/v2\/posts\/82815"}],"collection":[{"href":"https:\/\/gazdasagportal.hu\/index.php\/wp-json\/wp\/v2\/posts"}],"about":[{"href":"https:\/\/gazdasagportal.hu\/index.php\/wp-json\/wp\/v2\/types\/post"}],"author":[{"embeddable":true,"href":"https:\/\/gazdasagportal.hu\/index.php\/wp-json\/wp\/v2\/users\/1"}],"replies":[{"embeddable":true,"href":"https:\/\/gazdasagportal.hu\/index.php\/wp-json\/wp\/v2\/comments?post=82815"}],"version-history":[{"count":1,"href":"https:\/\/gazdasagportal.hu\/index.php\/wp-json\/wp\/v2\/posts\/82815\/revisions"}],"predecessor-version":[{"id":82816,"href":"https:\/\/gazdasagportal.hu\/index.php\/wp-json\/wp\/v2\/posts\/82815\/revisions\/82816"}],"wp:attachment":[{"href":"https:\/\/gazdasagportal.hu\/index.php\/wp-json\/wp\/v2\/media?parent=82815"}],"wp:term":[{"taxonomy":"category","embeddable":true,"href":"https:\/\/gazdasagportal.hu\/index.php\/wp-json\/wp\/v2\/categories?post=82815"},{"taxonomy":"post_tag","embeddable":true,"href":"https:\/\/gazdasagportal.hu\/index.php\/wp-json\/wp\/v2\/tags?post=82815"}],"curies":[{"name":"wp","href":"https:\/\/api.w.org\/{rel}","templated":true}]}}